{"id":109724,"date":"2021-01-20T10:59:00","date_gmt":"2021-01-20T15:59:00","guid":{"rendered":"https:\/\/linitiative.ca\/International\/un-emprunt-de-tres-longue-duree-simpose\/"},"modified":"2021-01-20T10:59:00","modified_gmt":"2021-01-20T15:59:00","slug":"un-emprunt-de-tres-longue-duree-simpose","status":"publish","type":"post","link":"https:\/\/linitiative.ca\/International\/un-emprunt-de-tres-longue-duree-simpose\/","title":{"rendered":"Un emprunt de tr\u00e8s longue dur\u00e9e s\u2019impose"},"content":{"rendered":"<p>\u2022 \u00ab\u00a0Nous allons encore souffrir et 2021 ne sera qu\u2019une \u00e9tape suppl\u00e9mentaire dans ce long calvaire\u00a0\u00bb<\/p>\n<div readability=\"120\">\n<p class=\"p1 c4\"><strong><span class=\"c3\"><span class=\"s1 c2\">Le TEMPS-Khouloud AMRAOUI<span class=\"Apple-converted-space\">\u00a0<\/span><\/span><\/span><\/strong><\/p>\n<p class=\"p2 c5\"><strong><span class=\"c3\">L&rsquo;interm\u00e9diaire en Bourse (AFC) a publi\u00e9 sa\u00a0revue relative \u00e0 la strat\u00e9gie boursi\u00e8re du 1er\u00a0semestre 2021, ainsi que le bilan boursier de l\u2019ann\u00e9e 2020.<span class=\"Apple-converted-space\">\u00a0<\/span> L\u2019AFC<span class=\"Apple-converted-space\">\u00a0<\/span> indique que la d\u00e9mocratie tunisienne, dix ans apr\u00e8s est incapable de fournir aux citoyens un mieux-\u00eatre mat\u00e9riel. Et de poursuivre\u00a0: \u00ab\u00a0En tant que r\u00e9gime politique, elle est malheureusement de plus en plus assimil\u00e9e \u00e0 la corruption, au favoritisme clanique et aux d\u00e9rives r\u00e9gionalistes. En r\u00e9alit\u00e9, les solutions existent et le mal (la corruption) que d\u00e9non\u00e7aient les manifestations entre le 17 d\u00e9cembre 2010 et le 14 janvier 2011<span class=\"Apple-converted-space\">\u00a0<\/span> est encore pr\u00e9sent et s\u2019est m\u00eame d\u00e9velopp\u00e9. Il n\u2019y a<span class=\"Apple-converted-space\">\u00a0<\/span> pas de pis-aller, on en a trop eu avec 6 pr\u00e9sidents et 8 chefs de gouvernement en 10 ans. Il faudra trancher malgr\u00e9 tout dans le vif et d\u00e9cider que la corruption est l\u2019ennemi principal et prioritaire \u00e0 combattre.<\/span><\/strong><\/p>\n<p class=\"p1 c6\"><strong><span class=\"c3\">Il n\u2019y aura pas de commencement de d\u00e9but de r\u00e9solutions des probl\u00e8mes de la Tunisie si la corruption<span class=\"Apple-converted-space\">\u00a0<\/span> n\u2019est pas vigoureusement combattue\u00a0\u00bb.<\/span><\/strong><\/p>\n<p class=\"p1 c6\"><strong><span class=\"c3\">Les analystes de l\u2019interm\u00e9diaire en Bourse estiment que la Tunisie nouvelle post-corruption sera centr\u00e9e sur la lutte contre la pauvret\u00e9, pr\u00e9carit\u00e9, le d\u00e9veloppement d\u2019un mod\u00e8le \u00e9conomique plus autocentr\u00e9, la facilitation de l\u2019investissement et le d\u00e9mant\u00e8lement progressif<span class=\"Apple-converted-space\">\u00a0<\/span> de l\u2019\u00e9conomie de rente\u00a0: \u00ab\u00a0Pour se financer, les pouvoirs publics<span class=\"Apple-converted-space\">\u00a0<\/span> devraient lancer un emprunt de tr\u00e8s longue dur\u00e9e (50 ans, 75 ans, 100 ans) souscrits en interne et \u00e0 l\u2019ext\u00e9rieur en s\u2019appuyant sur les amis que compte la Tunisie.<span class=\"Apple-converted-space\">\u00a0<\/span> D\u2019ici l\u00e0, nous allons encore souffrir et 2021 ne sera qu\u2019une \u00e9tape suppl\u00e9mentaire dans ce long calvaire\u00a0\u00bb.<\/span><\/strong><\/p>\n<p class=\"p2 c7\">\u00a0<\/p>\n<p class=\"p3 c8\"><strong><span class=\"c3\">La Tunisie ne retrouvera pas<\/span><\/strong><\/p>\n<p class=\"p3 c8\"><strong><span class=\"c3\"><span class=\"Apple-converted-space\">\u00a0<\/span>fin 2021 le PIB de 2019\u00a0?<\/span><\/strong><\/p>\n<p class=\"p1 c6\"><strong><span class=\"c3\">La reprise \u00e9conomique va probablement \u00eatre lente et difficile, pr\u00e9cise l\u2019AFC.<span class=\"Apple-converted-space\">\u00a0<\/span> \u00ab\u00a0La vaccination rapide contre le Covid-19 devrait r\u00e9duire les incertitudes ambiante tandis que la consommation des m\u00e9nages demeure plomber par la baisse du pouvoir d\u2019achat. En tout \u00e9tat de cause, nous ne retrouverons pas fin 2021 le PIB de 2019\u00a0\u00bb, ajoute les analystes de l\u2019AFC.<span class=\"Apple-converted-space\">\u00a0<\/span> Par ailleurs, l\u2019AFC fait savoir que les \u00e9missions priv\u00e9es d\u2019emprunts obligataires en 2020 ont totalis\u00e9 un montant de 990,3 MDT contre 575 MDT en 2019. Le montant se r\u00e9partit entre 60,7% pour les banques, 23% pour les soci\u00e9t\u00e9s de leasing<span class=\"Apple-converted-space\">\u00a0<\/span> et 14,3% pour les soci\u00e9t\u00e9s de microfinance.<span class=\"Apple-converted-space\">\u00a0<\/span><\/span><\/strong><\/p>\n<p class=\"p2 c7\">\u00a0<\/p>\n<p class=\"p3 c8\"><strong><span class=\"c3\">Assurance Maghrebia\u00a0:<span class=\"Apple-converted-space\">\u00a0<\/span><\/span><\/strong><\/p>\n<p class=\"p3 c8\"><strong><span class=\"c3\">L\u2019AFC recommande d\u2019acheter le titre<span class=\"Apple-converted-space\">\u00a0<\/span><\/span><\/strong><\/p>\n<p class=\"p3 c8\"><strong><span class=\"c3\">avec un cours cible de 65 DT<\/span><\/strong><\/p>\n<p class=\"p1 c6\"><strong><span class=\"c3\">S\u2019agissant de l\u2019assurance Maghrebia, r\u00e9cemment introduite en Bourse, les analystes d\u2019AFC pr\u00e9voient que le chiffre d\u2019affaires de Maghrebia vie devrait croitre de 10% sur la p\u00e9riode 2019-2022, compte tenu d\u2019une reprise de l\u2019activit\u00e9 bancassurance, une \u00e9volution des produits de pr\u00e9voyance similaire \u00e0 leurs progressions historiques et une croissance annuelle<span class=\"Apple-converted-space\">\u00a0<\/span> moyenne de l\u2019activit\u00e9 \u00e9pargne de 9,85%. Pour les pr\u00e9visions du chiffres d\u2019affaires non-vie, le taux annuel moyen d\u2019\u00e9volution sur la p\u00e9riode 2019-2022,<span class=\"Apple-converted-space\">\u00a0<\/span> est de 7,6%. Par branche d\u2019assurance, c\u2019est celle de l\u2019automobile qui devrait le moins progresser, soit 6,15% sur la m\u00eame p\u00e9riode.<span class=\"Apple-converted-space\">\u00a0<\/span><\/span><\/strong><\/p>\n<p class=\"p1 c6\"><strong><span class=\"c3\">L\u2019AFC recommande d\u2019acheter le titre avec un cours cible de 65 DT.<\/span><\/strong><\/p>\n<p class=\"p2 c7\">\u00a0<\/p>\n<p class=\"p3 c8\"><strong><span class=\"c3\">SFBT\u00a0: Les b\u00e9n\u00e9fices consolid\u00e9s pourraient avoisiner les 244 MDT en 2021<\/span><\/strong><\/p>\n<p class=\"p4 c9\"><strong><span class=\"c3\">Pour la SFBT, les analystes de l\u2019interm\u00e9diaire en Bourse<span class=\"Apple-converted-space\">\u00a0<\/span> estiment que les b\u00e9n\u00e9fices consolid\u00e9s de 2020 devraient \u00eatre proches des 220 MDT et pourraient avoisiner les 244 MDT \u00e0 l\u2019horizon de 2021.<span class=\"Apple-converted-space\">\u00a0<\/span><\/span><\/strong><\/p>\n<p class=\"p2 c7\">\u00a0<\/p>\n<p class=\"p3 c8\"><strong><span class=\"c3\">STAR\u00a0: L\u2019imp\u00f4t lib\u00e9ratoire<span class=\"Apple-converted-space\">\u00a0<\/span><\/span><\/strong><\/p>\n<p class=\"p3 c8\"><strong><span class=\"c3\">de 35% sur les placements bancaires r\u00e9duira le r\u00e9sultat de 2020<span class=\"Apple-converted-space\">\u00a0<\/span><\/span><\/strong><\/p>\n<p class=\"p1 c6\"><strong><span class=\"c3\">En ce qui concerne l\u2019assurance STAR, l\u2019AFC souligne qu\u2019en 2020, la soci\u00e9t\u00e9 devrait profiter exceptionnellement de la baisse de sinistralit\u00e9 de la branche automobile en raison du confinement. Par contre, l\u2019imp\u00f4t lib\u00e9ratoire de 35% sur les placements bancaires r\u00e9duira le r\u00e9sultat de 2020. Ainsi, les analystes pr\u00e9voient un r\u00e9sultat net 2020 de 24,1 MDT. Pour 2021, le r\u00e9sultat net atteindra les 28,9 MDT.<span class=\"Apple-converted-space\">\u00a0<\/span><\/span><\/strong><\/p>\n<p class=\"p2 c5\">\u00a0<\/p>\n<p class=\"p5 c10\"><strong><span class=\"c3\">K.A<span class=\"Apple-converted-space\">\u00a0<\/span><\/span><\/strong><\/p>\n<\/div>\n<p>Auteur: letemps1<br \/>\n<a href=\"http:\/\/www.letemps.com.tn\/article\/118983\/un-emprunt-de-tr%C3%A8s-longue-dur%C3%A9e-s%E2%80%99impose\">Cliquez ici pour lire l&rsquo;article depuis sa source.<\/a><\/p>\n","protected":false},"excerpt":{"rendered":"<p>\u2022 \u00ab\u00a0Nous allons encore souffrir et 2021 ne sera qu\u2019une \u00e9tape suppl\u00e9mentaire dans ce long calvaire\u00a0\u00bb Le TEMPS-Khouloud AMRAOUI\u00a0 L&rsquo;interm\u00e9diaire en Bourse (AFC) a publi\u00e9 sa\u00a0revue relative \u00e0 la strat\u00e9gie boursi\u00e8re du 1er\u00a0semestre 2021, ainsi que le bilan boursier de l\u2019ann\u00e9e 2020.\u00a0 L\u2019AFC\u00a0 indique que la d\u00e9mocratie tunisienne, dix ans apr\u00e8s est incapable de fournir [&hellip;]<\/p>\n","protected":false},"author":1773,"featured_media":0,"comment_status":"closed","ping_status":"closed","sticky":false,"template":"","format":"standard","meta":{"fifu_image_url":"","fifu_image_alt":"","footnotes":""},"categories":[73,55],"tags":[],"class_list":["post-109724","post","type-post","status-publish","format-standard","hentry","category-actualite","category-tunisie"],"_links":{"self":[{"href":"https:\/\/linitiative.ca\/International\/wp-json\/wp\/v2\/posts\/109724","targetHints":{"allow":["GET"]}}],"collection":[{"href":"https:\/\/linitiative.ca\/International\/wp-json\/wp\/v2\/posts"}],"about":[{"href":"https:\/\/linitiative.ca\/International\/wp-json\/wp\/v2\/types\/post"}],"author":[{"embeddable":true,"href":"https:\/\/linitiative.ca\/International\/wp-json\/wp\/v2\/users\/1773"}],"replies":[{"embeddable":true,"href":"https:\/\/linitiative.ca\/International\/wp-json\/wp\/v2\/comments?post=109724"}],"version-history":[{"count":0,"href":"https:\/\/linitiative.ca\/International\/wp-json\/wp\/v2\/posts\/109724\/revisions"}],"wp:attachment":[{"href":"https:\/\/linitiative.ca\/International\/wp-json\/wp\/v2\/media?parent=109724"}],"wp:term":[{"taxonomy":"category","embeddable":true,"href":"https:\/\/linitiative.ca\/International\/wp-json\/wp\/v2\/categories?post=109724"},{"taxonomy":"post_tag","embeddable":true,"href":"https:\/\/linitiative.ca\/International\/wp-json\/wp\/v2\/tags?post=109724"}],"curies":[{"name":"wp","href":"https:\/\/api.w.org\/{rel}","templated":true}]}}