{"id":109725,"date":"2021-01-21T15:14:05","date_gmt":"2021-01-21T20:14:05","guid":{"rendered":"https:\/\/linitiative.ca\/International\/international-real-les-supporters-veulent-le-depart-de-zidane\/"},"modified":"2021-01-21T15:14:05","modified_gmt":"2021-01-21T20:14:05","slug":"international-real-les-supporters-veulent-le-depart-de-zidane","status":"publish","type":"post","link":"https:\/\/linitiative.ca\/International\/international-real-les-supporters-veulent-le-depart-de-zidane\/","title":{"rendered":"International : Real : Les supporters veulent le d\u00e9part de Zidane !"},"content":{"rendered":"<div readability=\"32\">\n<p>Auteur : <span class=\"time\">jeudi 21 janvier 2021 12:57<\/span><\/p>\n<\/div>\n<div id=\"post_core\" readability=\"51\">\n<p>Apr\u00e8s la d\u00e9faite en Coupe du Roi face \u00e0 Alcoyano hier soir, le Real Madrid plonge encore un peu plus dans une crise sportive. Auteurs d\u2019une phase de poules de Ligue des Champions controvers\u00e9e, les Merengues sont \u00e0 la tra\u00eene en championnat comme l&rsquo;indique Footmercato. \u00c0 4 points de leur voisin, l\u2019Atl\u00e9tico, qui compte 2 matchs en retard, le titre en Liga semble s\u2019\u00e9loigner de plus en plus. L\u2019\u00e9limination pr\u00e9matur\u00e9e hier soir constitue une \u00e9ni\u00e8me humiliation qui pourrait \u00eatre fatale \u00e0 Zinedine Zidane.<\/p>\n<p>Aujourd\u2019hui, AS pose la question suivante aux supporters madril\u00e8nes, \u00e0 travers un sondage : \u00ab\u00a0Zidane doit-il rester \u00e0 Madrid ?\u00a0\u00bb Le sondage a \u00e9t\u00e9 publi\u00e9 ce matin \u00e0 7h sur le site du quotidien espagnol, et pour l\u2019instant c\u2019est le \u00ab\u00a0Non\u00a0\u00bb qui l\u2019emporte avec 60% des voix. Si les r\u00e9sultats du Real ne s&rsquo;am\u00e9liorent pas prochainement, le technicien fran\u00e7ais pourrait prendre la porte avant la fin de la saison.<\/p>\n<p><strong>Publi\u00e9 dans :<\/strong> <span>real madrid<\/span><\/p>\n<\/div>\n<p>Auteur:<br \/>\n<a href=\"http:\/\/www.lebuteur.com\/article\/detail?titre=real-les-supporters-veulent-le-depart-de-zidane&#038;id=98794&#038;utm_source=feedburner&#038;utm_medium=feed&#038;utm_campaign=Feed%3A+GalerieFArtciles+%28Les+derniers+articles++-+lebuteur.com%29\">Cliquez ici pour lire l&rsquo;article depuis sa source.<\/a><\/p>\n","protected":false},"excerpt":{"rendered":"<p>Auteur : jeudi 21 janvier 2021 12:57 Apr\u00e8s la d\u00e9faite en Coupe du Roi face \u00e0 Alcoyano hier soir, le Real Madrid plonge encore un peu plus dans une crise sportive. Auteurs d\u2019une phase de poules de Ligue des Champions controvers\u00e9e, les Merengues sont \u00e0 la tra\u00eene en championnat comme l&rsquo;indique Footmercato. \u00c0 4 points [&hellip;]<\/p>\n","protected":false},"author":1738,"featured_media":0,"comment_status":"closed","ping_status":"closed","sticky":false,"template":"","format":"standard","meta":{"fifu_image_url":"\/\/cdn.lebuteur.com\/data\/images\/article\/thumbs\/large-real-les-supporters-veulent-le-depart-de-zidane-35a80.jpg","fifu_image_alt":"International : Real : Les supporters veulent le d\u00e9part de Zidane !","footnotes":""},"categories":[53,75],"tags":[],"class_list":["post-109725","post","type-post","status-publish","format-standard","hentry","category-algerie","category-sport"],"_links":{"self":[{"href":"https:\/\/linitiative.ca\/International\/wp-json\/wp\/v2\/posts\/109725","targetHints":{"allow":["GET"]}}],"collection":[{"href":"https:\/\/linitiative.ca\/International\/wp-json\/wp\/v2\/posts"}],"about":[{"href":"https:\/\/linitiative.ca\/International\/wp-json\/wp\/v2\/types\/post"}],"author":[{"embeddable":true,"href":"https:\/\/linitiative.ca\/International\/wp-json\/wp\/v2\/users\/1738"}],"replies":[{"embeddable":true,"href":"https:\/\/linitiative.ca\/International\/wp-json\/wp\/v2\/comments?post=109725"}],"version-history":[{"count":0,"href":"https:\/\/linitiative.ca\/International\/wp-json\/wp\/v2\/posts\/109725\/revisions"}],"wp:attachment":[{"href":"https:\/\/linitiative.ca\/International\/wp-json\/wp\/v2\/media?parent=109725"}],"wp:term":[{"taxonomy":"category","embeddable":true,"href":"https:\/\/linitiative.ca\/International\/wp-json\/wp\/v2\/categories?post=109725"},{"taxonomy":"post_tag","embeddable":true,"href":"https:\/\/linitiative.ca\/International\/wp-json\/wp\/v2\/tags?post=109725"}],"curies":[{"name":"wp","href":"https:\/\/api.w.org\/{rel}","templated":true}]}}