{"id":109726,"date":"2021-01-21T15:14:07","date_gmt":"2021-01-21T20:14:07","guid":{"rendered":"https:\/\/linitiative.ca\/International\/pros-la-creation-dune-superligue-pourrait-priver-mahrez-du-mondial\/"},"modified":"2021-01-21T15:14:07","modified_gmt":"2021-01-21T20:14:07","slug":"pros-la-creation-dune-superligue-pourrait-priver-mahrez-du-mondial","status":"publish","type":"post","link":"https:\/\/linitiative.ca\/International\/pros-la-creation-dune-superligue-pourrait-priver-mahrez-du-mondial\/","title":{"rendered":"Pros : La cr\u00e9ation d&rsquo;une Superligue pourrait priver Mahrez du Mondial"},"content":{"rendered":"<div readability=\"32\">\n<p>Auteur : <span class=\"time\">jeudi 21 janvier 2021 13:03<\/span><\/p>\n<\/div>\n<div id=\"post_core\" readability=\"60\">\n<p>En octobre, le pr\u00e9sident du Bar\u00e7a Josep Maria Bartomeu, avait annonc\u00e9 que la direction du club avait approuv\u00e9 sa participation \u00e0 une Superligue. Lundi, la presse espagnole a \u00e9voqu\u00e9 une r\u00e9union entre le pr\u00e9sident du Real Madrid, Florentino P\u00e9rez, et celui de la Juventus, Andrea Agnelli, autour du m\u00eame sujet comme l&rsquo;indique France Football.<\/p>\n<p>Jeudi, la FIFA et les six conf\u00e9d\u00e9rations (AFC, CAF, Concacaf, CONMEBOL, OFC et UEFA) ont publi\u00e9 un communiqu\u00e9 pour exprimer leur opposition de principe et menacer les \u00e9ventuels participants\u00a0: \u00ab\u00a0Une telle comp\u00e9tition ne serait reconnue ni par la FIFA ni par la conf\u00e9d\u00e9ration concern\u00e9e. De ce fait, tout club ou joueur disputant une telle comp\u00e9tition se verrait refuser le droit de participer \u00e0 une quelconque comp\u00e9tition organis\u00e9e par la FIFA ou sa conf\u00e9d\u00e9ration.\u00a0\u00bb<\/p>\n<p>Autrement dit, un joueur participant \u00e0 la Superligue serait priv\u00e9 de Coupe du monde, d&rsquo;Euro ou de Copa America. Ce qui pourrait \u00eatre le cas d&rsquo;un Riyad Mahrez par exemple, qui \u00e9volue avec un grand club comme Manchester City. Mais nous n&rsquo;en sommes pas encore l\u00e0 pour le moment&#8230;<\/p>\n<p><strong>Publi\u00e9 dans :<\/strong> <span>Mahrez<\/span><\/p>\n<\/div>\n<p>Auteur:<br \/>\n<a href=\"http:\/\/www.lebuteur.com\/article\/detail?titre=la-creation-dune-superligue-pourrait-priver-mahrez-du-mondial&#038;id=98795&#038;utm_source=feedburner&#038;utm_medium=feed&#038;utm_campaign=Feed%3A+GalerieFArtciles+%28Les+derniers+articles++-+lebuteur.com%29\">Cliquez ici pour lire l&rsquo;article depuis sa source.<\/a><\/p>\n","protected":false},"excerpt":{"rendered":"<p>Auteur : jeudi 21 janvier 2021 13:03 En octobre, le pr\u00e9sident du Bar\u00e7a Josep Maria Bartomeu, avait annonc\u00e9 que la direction du club avait approuv\u00e9 sa participation \u00e0 une Superligue. Lundi, la presse espagnole a \u00e9voqu\u00e9 une r\u00e9union entre le pr\u00e9sident du Real Madrid, Florentino P\u00e9rez, et celui de la Juventus, Andrea Agnelli, autour du [&hellip;]<\/p>\n","protected":false},"author":1738,"featured_media":0,"comment_status":"closed","ping_status":"closed","sticky":false,"template":"","format":"standard","meta":{"fifu_image_url":"\/\/cdn.lebuteur.com\/data\/images\/article\/thumbs\/large-la-creation-dune-superligue-pourrait-priver-mahrez-du-mondial-bac60.jpg","fifu_image_alt":"Pros : La cr\u00e9ation d'une Superligue pourrait priver Mahrez du Mondial","footnotes":""},"categories":[53,75],"tags":[],"class_list":["post-109726","post","type-post","status-publish","format-standard","hentry","category-algerie","category-sport"],"_links":{"self":[{"href":"https:\/\/linitiative.ca\/International\/wp-json\/wp\/v2\/posts\/109726","targetHints":{"allow":["GET"]}}],"collection":[{"href":"https:\/\/linitiative.ca\/International\/wp-json\/wp\/v2\/posts"}],"about":[{"href":"https:\/\/linitiative.ca\/International\/wp-json\/wp\/v2\/types\/post"}],"author":[{"embeddable":true,"href":"https:\/\/linitiative.ca\/International\/wp-json\/wp\/v2\/users\/1738"}],"replies":[{"embeddable":true,"href":"https:\/\/linitiative.ca\/International\/wp-json\/wp\/v2\/comments?post=109726"}],"version-history":[{"count":0,"href":"https:\/\/linitiative.ca\/International\/wp-json\/wp\/v2\/posts\/109726\/revisions"}],"wp:attachment":[{"href":"https:\/\/linitiative.ca\/International\/wp-json\/wp\/v2\/media?parent=109726"}],"wp:term":[{"taxonomy":"category","embeddable":true,"href":"https:\/\/linitiative.ca\/International\/wp-json\/wp\/v2\/categories?post=109726"},{"taxonomy":"post_tag","embeddable":true,"href":"https:\/\/linitiative.ca\/International\/wp-json\/wp\/v2\/tags?post=109726"}],"curies":[{"name":"wp","href":"https:\/\/api.w.org\/{rel}","templated":true}]}}