{"id":109728,"date":"2021-01-21T15:14:11","date_gmt":"2021-01-21T20:14:11","guid":{"rendered":"https:\/\/linitiative.ca\/International\/international-montpellier-mauvaise-nouvelle-pour-delort-avant-le-match-face-au-psg\/"},"modified":"2021-01-21T15:14:11","modified_gmt":"2021-01-21T20:14:11","slug":"international-montpellier-mauvaise-nouvelle-pour-delort-avant-le-match-face-au-psg","status":"publish","type":"post","link":"https:\/\/linitiative.ca\/International\/international-montpellier-mauvaise-nouvelle-pour-delort-avant-le-match-face-au-psg\/","title":{"rendered":"International : Montpellier : Mauvaise nouvelle pour Delort avant le match face au PSG"},"content":{"rendered":"<div readability=\"32\">\n<p>Auteur : <span class=\"time\">jeudi 21 janvier 2021 16:08<\/span><\/p>\n<\/div>\n<div id=\"post_core\" readability=\"52\">\n<p>Mauvaise nouvelle pour Andy Delort. L&rsquo;international alg\u00e9rien s\u2019est bless\u00e9 \u00e0 la cuisse ce jeudi \u00e0 l\u2019entra\u00eenement, rapporte le journaliste Mohamed Toubache-Ter.<\/p>\n<p>Une d\u00e9chirure aux ischio-jambiers est \u00e0 craindre pour le meilleur buteur du MHSC (9 r\u00e9alisations), qui en saura plus apr\u00e8s l\u2019IRM de vendredi comme l&rsquo;indique Football.<\/p>\n<p>Delort manquera certainement le choc face au Paris Saint-Germain, vendredi soir, au Parc des Princes.<\/p>\n<p>Dans les colonnes du Midi Libre, Michel Der Zakarian a \u00e9voqu\u00e9 cette blessure. Le technicien de Montpellier confirme que son attaquant s\u2019est fait mal derri\u00e8re la cuisse. \u201cIl y a une petite l\u00e9sion, on en saura plus demain (vendredi) avec les examens\u201d, explique le coach h\u00e9raultais, qui esp\u00e8re une faible dur\u00e9e\u00a0d\u2019indisponibilit\u00e9\u00a0pour l\u2019international alg\u00e9rien.<\/p>\n<p><strong>Publi\u00e9 dans :<\/strong> <span>Delort<\/span><\/p>\n<\/div>\n<p>Auteur:<br \/>\n<a href=\"http:\/\/www.lebuteur.com\/article\/detail?titre=montpellier-mauvaise-nouvelle-pour-delort-avant-le-match-face-au-psg&#038;id=98797&#038;utm_source=feedburner&#038;utm_medium=feed&#038;utm_campaign=Feed%3A+GalerieFArtciles+%28Les+derniers+articles++-+lebuteur.com%29\">Cliquez ici pour lire l&rsquo;article depuis sa source.<\/a><\/p>\n","protected":false},"excerpt":{"rendered":"<p>Auteur : jeudi 21 janvier 2021 16:08 Mauvaise nouvelle pour Andy Delort. L&rsquo;international alg\u00e9rien s\u2019est bless\u00e9 \u00e0 la cuisse ce jeudi \u00e0 l\u2019entra\u00eenement, rapporte le journaliste Mohamed Toubache-Ter. Une d\u00e9chirure aux ischio-jambiers est \u00e0 craindre pour le meilleur buteur du MHSC (9 r\u00e9alisations), qui en saura plus apr\u00e8s l\u2019IRM de vendredi comme l&rsquo;indique Football. Delort [&hellip;]<\/p>\n","protected":false},"author":1738,"featured_media":0,"comment_status":"closed","ping_status":"closed","sticky":false,"template":"","format":"standard","meta":{"fifu_image_url":"\/\/cdn.lebuteur.com\/data\/images\/article\/thumbs\/large-montpellier-mauvaise-nouvelle-pour-delort-avant-le-match-face-au-psg-31077.jpg","fifu_image_alt":"International : Montpellier : Mauvaise nouvelle pour Delort avant le match face au PSG","footnotes":""},"categories":[53,75],"tags":[],"class_list":["post-109728","post","type-post","status-publish","format-standard","hentry","category-algerie","category-sport"],"_links":{"self":[{"href":"https:\/\/linitiative.ca\/International\/wp-json\/wp\/v2\/posts\/109728","targetHints":{"allow":["GET"]}}],"collection":[{"href":"https:\/\/linitiative.ca\/International\/wp-json\/wp\/v2\/posts"}],"about":[{"href":"https:\/\/linitiative.ca\/International\/wp-json\/wp\/v2\/types\/post"}],"author":[{"embeddable":true,"href":"https:\/\/linitiative.ca\/International\/wp-json\/wp\/v2\/users\/1738"}],"replies":[{"embeddable":true,"href":"https:\/\/linitiative.ca\/International\/wp-json\/wp\/v2\/comments?post=109728"}],"version-history":[{"count":0,"href":"https:\/\/linitiative.ca\/International\/wp-json\/wp\/v2\/posts\/109728\/revisions"}],"wp:attachment":[{"href":"https:\/\/linitiative.ca\/International\/wp-json\/wp\/v2\/media?parent=109728"}],"wp:term":[{"taxonomy":"category","embeddable":true,"href":"https:\/\/linitiative.ca\/International\/wp-json\/wp\/v2\/categories?post=109728"},{"taxonomy":"post_tag","embeddable":true,"href":"https:\/\/linitiative.ca\/International\/wp-json\/wp\/v2\/tags?post=109728"}],"curies":[{"name":"wp","href":"https:\/\/api.w.org\/{rel}","templated":true}]}}