{"id":109729,"date":"2021-01-21T15:14:13","date_gmt":"2021-01-21T20:14:13","guid":{"rendered":"https:\/\/linitiative.ca\/International\/international-paredes-revient-sur-ses-clashs-avec-delort\/"},"modified":"2021-01-21T15:14:13","modified_gmt":"2021-01-21T20:14:13","slug":"international-paredes-revient-sur-ses-clashs-avec-delort","status":"publish","type":"post","link":"https:\/\/linitiative.ca\/International\/international-paredes-revient-sur-ses-clashs-avec-delort\/","title":{"rendered":"International : Paredes revient sur ses clashs avec Delort"},"content":{"rendered":"<div readability=\"32\">\n<p>Auteur : <span class=\"time\">jeudi 21 janvier 2021 20:02<\/span><\/p>\n<\/div>\n<div id=\"post_core\" readability=\"50\">\n<p>On recommence ? Andy Delort et Leandro Paredes, on prend les m\u00eames\u2026 Avant le match du PSG contre le MHSC pr\u00e9vu vendredi, le milieu argentin a \u00e9t\u00e9 relanc\u00e9 sur l\u2019attaquant international alg\u00e9rien, qui sera d\u2019ailleurs absent sur blessure \u00e0 l\u2019occasion de cette rencontre. Plusieurs bisbilles ont, pour rappel, oppos\u00e9 les deux hommes ces derniers mois. Mais Paredes regrette l\u2019absence de Delort: \u00abCe serait dommage qu\u2019il ne joue pas pour Montpellier, Andy est un joueur important pour son \u00e9quipe. Ce qui s\u2019est pass\u00e9 entre nous, \u00e7a n\u2019a rien de personnel, \u00e7a arrive \u00e0 chaque match. J\u2019esp\u00e8re qu\u2019il jouera, il apporte beaucoup \u00e0 son \u00e9quipe et donne toujours le maximum. Il n\u2019y a rien de personnel, on s\u2019en amuse sur les r\u00e9seaux sociaux \u00bb,a r\u00e9agi Paredes, pourtant trait\u00e9 de \u00ab garde du corps de Neymar \u00bb par Delort lors du dernier duel entre le PSG et Montpellier. Ce nouveau duel entre les deux \u00e9quipes perdra donc forc\u00e9ment un peu de sel\u2026 Paredes a aussi \u00e9voqu\u00e9 son avenir : \u00ab Je suis tr\u00e8s heureux ici. Je profite de chaque jour pass\u00e9 \u00e0 Paris. J\u2019ai d\u2019excellents co\u00e9quipiers, un bon entra\u00eeneur. J\u2019esp\u00e8re rester ici pour quelques ann\u00e9es. \u00bbrapporte football365.fr.<\/p>\n<p><strong>Publi\u00e9 dans :<\/strong> <span>Andy Delort<\/span><\/p>\n<\/div>\n<p>Auteur:<br \/>\n<a href=\"http:\/\/www.lebuteur.com\/article\/detail?titre=paredes-revient-sur-ses-clashs-avec-delort&#038;id=98798&#038;utm_source=feedburner&#038;utm_medium=feed&#038;utm_campaign=Feed%3A+GalerieFArtciles+%28Les+derniers+articles++-+lebuteur.com%29\">Cliquez ici pour lire l&rsquo;article depuis sa source.<\/a><\/p>\n","protected":false},"excerpt":{"rendered":"<p>Auteur : jeudi 21 janvier 2021 20:02 On recommence ? Andy Delort et Leandro Paredes, on prend les m\u00eames\u2026 Avant le match du PSG contre le MHSC pr\u00e9vu vendredi, le milieu argentin a \u00e9t\u00e9 relanc\u00e9 sur l\u2019attaquant international alg\u00e9rien, qui sera d\u2019ailleurs absent sur blessure \u00e0 l\u2019occasion de cette rencontre. Plusieurs bisbilles ont, pour rappel, [&hellip;]<\/p>\n","protected":false},"author":1738,"featured_media":0,"comment_status":"closed","ping_status":"closed","sticky":false,"template":"","format":"standard","meta":{"fifu_image_url":"\/\/cdn.lebuteur.com\/data\/images\/article\/thumbs\/large-montpellier-coup-dur-pour-andy-delort-88d4f.jpg","fifu_image_alt":"International : Paredes revient sur ses clashs avec Delort","footnotes":""},"categories":[53,75],"tags":[],"class_list":["post-109729","post","type-post","status-publish","format-standard","hentry","category-algerie","category-sport"],"_links":{"self":[{"href":"https:\/\/linitiative.ca\/International\/wp-json\/wp\/v2\/posts\/109729","targetHints":{"allow":["GET"]}}],"collection":[{"href":"https:\/\/linitiative.ca\/International\/wp-json\/wp\/v2\/posts"}],"about":[{"href":"https:\/\/linitiative.ca\/International\/wp-json\/wp\/v2\/types\/post"}],"author":[{"embeddable":true,"href":"https:\/\/linitiative.ca\/International\/wp-json\/wp\/v2\/users\/1738"}],"replies":[{"embeddable":true,"href":"https:\/\/linitiative.ca\/International\/wp-json\/wp\/v2\/comments?post=109729"}],"version-history":[{"count":0,"href":"https:\/\/linitiative.ca\/International\/wp-json\/wp\/v2\/posts\/109729\/revisions"}],"wp:attachment":[{"href":"https:\/\/linitiative.ca\/International\/wp-json\/wp\/v2\/media?parent=109729"}],"wp:term":[{"taxonomy":"category","embeddable":true,"href":"https:\/\/linitiative.ca\/International\/wp-json\/wp\/v2\/categories?post=109729"},{"taxonomy":"post_tag","embeddable":true,"href":"https:\/\/linitiative.ca\/International\/wp-json\/wp\/v2\/tags?post=109729"}],"curies":[{"name":"wp","href":"https:\/\/api.w.org\/{rel}","templated":true}]}}