{"id":109730,"date":"2021-01-21T04:40:24","date_gmt":"2021-01-21T09:40:24","guid":{"rendered":"https:\/\/linitiative.ca\/International\/presidence-tebboune-opere-avec-succes-en-allemagne\/"},"modified":"2021-01-21T04:40:24","modified_gmt":"2021-01-21T09:40:24","slug":"presidence-tebboune-opere-avec-succes-en-allemagne","status":"publish","type":"post","link":"https:\/\/linitiative.ca\/International\/presidence-tebboune-opere-avec-succes-en-allemagne\/","title":{"rendered":"Pr\u00e9sidence : Tebboune op\u00e9r\u00e9 avec succ\u00e8s en Allemagne"},"content":{"rendered":"<h4 class=\"title-14\"\/>\n<div class=\"featured_image\"><img loading=\"lazy\" decoding=\"async\" width=\"819\" height=\"374\" src=\"https:\/\/www.elwatan.com\/wp-content\/uploads\/2020\/12\/tebboune-e1609376055163.jpg\" class=\"attachment-post-thumbnail size-post-thumbnail wp-post-image\" alt=\"\" srcset=\"https:\/\/www.elwatan.com\/wp-content\/uploads\/2020\/12\/tebboune-e1609376055163.jpg 819w, https:\/\/www.elwatan.com\/wp-content\/uploads\/2020\/12\/tebboune-e1609376055163-300x137.jpg 300w, https:\/\/www.elwatan.com\/wp-content\/uploads\/2020\/12\/tebboune-e1609376055163-768x351.jpg 768w\" sizes=\"auto, (max-width: 819px) 100vw, 819px\"\/><\/div>\n<p class=\"p2\"><span class=\"s3\">L<\/span><span class=\"s3\">e pr\u00e9sident de R\u00e9publique, Abdelmadjid Tebboune, a \u00e9t\u00e9 op\u00e9r\u00e9, hier, avec <em>\u00absucc\u00e8s\u00bb<\/em> du pied droit en Allemagne, o\u00f9 il a \u00e9t\u00e9 hospitalis\u00e9 pour des complications post-Covid, a annonc\u00e9 la pr\u00e9sidence de la R\u00e9publique, ajoutant qu\u2019il sera de retour en Alg\u00e9rie dans les <em>\u00abprochains jours\u00bb<\/em>. <em>\u00abLe pr\u00e9sident de la R\u00e9publique, Abdelmadjid Tebboune, a subi avec succ\u00e8s aujourd\u2019hui<\/em> (hier, ndlr), <em>en Allemagne, une op\u00e9ration chirurgicale au niveau de son pied droit\u00bb<\/em>, a indiqu\u00e9 la Pr\u00e9sidence dans un communiqu\u00e9 publi\u00e9 sur son compte Facebook.<\/span><\/p>\n<p class=\"p3\"><span class=\"s3\">Il retournera en Alg\u00e9rie <em>\u00abdans les prochains jours\u00bb, \u00abd\u00e8s qu\u2019il aura l\u2019accord de l\u2019\u00e9quipe m\u00e9dicale\u00bb<\/em>, a pr\u00e9cis\u00e9 la m\u00eame source.<\/span><\/p>\n<p class=\"p3\"><span class=\"s3\">Deux mois apr\u00e8s une premi\u00e8re hospitalisation en Allemagne pour cause de Covid-19, le pr\u00e9sident Tebboune a \u00e9t\u00e9 \u00e0 nouveau hospitalis\u00e9 pour des <em>\u00abcomplications\u00bb<\/em> post-Covid au pied, avait annonc\u00e9, dimanche 10 janvier, la Pr\u00e9sidence.<\/span><\/p>\n<p class=\"p3\"><span class=\"s3\">Celle-ci n\u2019a pas donn\u00e9 de pr\u00e9cisons sur la nature des <em>\u00abcomplications\u00bb<\/em> ni sur la dur\u00e9e du nouveau s\u00e9jour m\u00e9dical du chef de l\u2019Etat en Allemagne.<\/span><\/p>\n<p class=\"p3\"><span class=\"s3\">Abdelmadjid Tebboune avait \u00e9t\u00e9 admis, le 28 octobre, dans <em>\u00abl\u2019un des plus grands \u00e9tablissements sp\u00e9cialis\u00e9s\u00bb<\/em> d\u2019Allemagne, apr\u00e8s avoir contract\u00e9 le virus, selon la Pr\u00e9sidence.<\/span><\/p>\n<p class=\"p3\"><span class=\"s3\">D\u00e8s le 24 octobre, le Pr\u00e9sident s\u2019\u00e9tait volontairement mis \u00e0 l\u2019isolement apr\u00e8s avoir \u00e9t\u00e9 en contact avec des responsables contamin\u00e9s par le nouveau coronavirus. Son absence prolong\u00e9e avait laiss\u00e9 de nouveau planer le spectre d\u2019une vacance du pouvoir.<\/span><\/p>\n<p class=\"p3\"><span class=\"s3\">Certaines voix avaient r\u00e9clam\u00e9 l\u2019application de l\u2019article 102 de la Constitution, qui pr\u00e9voit l\u2019emp\u00eachement du chef de l\u2019Etat pour incapacit\u00e9 \u00e0 exercer ses fonctions. Le Pr\u00e9sident avait d\u00fb rentrer imp\u00e9rativement au pays avant le 31 d\u00e9cembre afin de signer la loi de finances 2021 et promulguer la r\u00e9vision de la Constitution adopt\u00e9e par r\u00e9f\u00e9rendum le 1<sup>er<\/sup> novembre.<\/span><\/p>\n<p class=\"p3\"><span class=\"s3\">Hospitalis\u00e9 le 27 octobre dans un \u00e9tablissement militaire d\u2019Alger, il avait \u00e9t\u00e9 transf\u00e9r\u00e9 d\u2019urgence dans un \u00e9tablissement sp\u00e9cialis\u00e9 en Allemagne. Lors de son retour au pays, M.\u00a0Tebboune avait laiss\u00e9 entendre qu\u2019il \u00e9tait presque enti\u00e8rement gu\u00e9ri. Il portait toutefois une attelle au pied droit.<\/span><\/p>\n<p><span class=\"post-views-label\">Post Views:<\/span> <span class=\"post-views-count\">1\u00a0741<\/span><\/p>\n<p><br class=\"c2\"\/><\/p>\n<div class=\"ichhar-moneytagnative c5\" id=\"ichhar-1370338224\">\n<p>Advertisements<\/p>\n<\/div>\n<p><br class=\"c2\"\/><br class=\"c6\"\/><\/p>\n<p>Auteur: Anis Khecheba<br \/>\n<a href=\"https:\/\/www.elwatan.com\/edition\/actualite\/presidence-tebboune-opere-avec-succes-en-allemagne-21-01-2021\">Cliquez ici pour lire l&rsquo;article depuis sa source.<\/a><\/p>\n","protected":false},"excerpt":{"rendered":"<p>Le pr\u00e9sident de R\u00e9publique, Abdelmadjid Tebboune, a \u00e9t\u00e9 op\u00e9r\u00e9, hier, avec \u00absucc\u00e8s\u00bb du pied droit en Allemagne, o\u00f9 il a \u00e9t\u00e9 hospitalis\u00e9 pour des complications post-Covid, a annonc\u00e9 la pr\u00e9sidence de la R\u00e9publique, ajoutant qu\u2019il sera de retour en Alg\u00e9rie dans les \u00abprochains jours\u00bb. \u00abLe pr\u00e9sident de la R\u00e9publique, Abdelmadjid Tebboune, a subi avec succ\u00e8s [&hellip;]<\/p>\n","protected":false},"author":1743,"featured_media":0,"comment_status":"closed","ping_status":"closed","sticky":false,"template":"","format":"standard","meta":{"fifu_image_url":"https:\/\/www.elwatan.com\/wp-content\/uploads\/2020\/12\/tebboune-e1609376055163.jpg","fifu_image_alt":"Pr\u00e9sidence : Tebboune op\u00e9r\u00e9 avec succ\u00e8s en Allemagne","footnotes":""},"categories":[73,53],"tags":[],"class_list":["post-109730","post","type-post","status-publish","format-standard","hentry","category-actualite","category-algerie"],"_links":{"self":[{"href":"https:\/\/linitiative.ca\/International\/wp-json\/wp\/v2\/posts\/109730","targetHints":{"allow":["GET"]}}],"collection":[{"href":"https:\/\/linitiative.ca\/International\/wp-json\/wp\/v2\/posts"}],"about":[{"href":"https:\/\/linitiative.ca\/International\/wp-json\/wp\/v2\/types\/post"}],"author":[{"embeddable":true,"href":"https:\/\/linitiative.ca\/International\/wp-json\/wp\/v2\/users\/1743"}],"replies":[{"embeddable":true,"href":"https:\/\/linitiative.ca\/International\/wp-json\/wp\/v2\/comments?post=109730"}],"version-history":[{"count":0,"href":"https:\/\/linitiative.ca\/International\/wp-json\/wp\/v2\/posts\/109730\/revisions"}],"wp:attachment":[{"href":"https:\/\/linitiative.ca\/International\/wp-json\/wp\/v2\/media?parent=109730"}],"wp:term":[{"taxonomy":"category","embeddable":true,"href":"https:\/\/linitiative.ca\/International\/wp-json\/wp\/v2\/categories?post=109730"},{"taxonomy":"post_tag","embeddable":true,"href":"https:\/\/linitiative.ca\/International\/wp-json\/wp\/v2\/tags?post=109730"}],"curies":[{"name":"wp","href":"https:\/\/api.w.org\/{rel}","templated":true}]}}