{"id":109733,"date":"2021-01-21T04:46:51","date_gmt":"2021-01-21T09:46:51","guid":{"rendered":"https:\/\/linitiative.ca\/International\/menaces-securitaires-sur-le-pays-larmee-sur-le-qui-vive\/"},"modified":"2021-01-21T04:46:51","modified_gmt":"2021-01-21T09:46:51","slug":"menaces-securitaires-sur-le-pays-larmee-sur-le-qui-vive","status":"publish","type":"post","link":"https:\/\/linitiative.ca\/International\/menaces-securitaires-sur-le-pays-larmee-sur-le-qui-vive\/","title":{"rendered":"Menaces s\u00e9curitaires sur le pays :\u00a0L\u2019arm\u00e9e sur le qui-vive"},"content":{"rendered":"<h4 class=\"title-14\"\/>\n<div class=\"featured_image\"><img loading=\"lazy\" decoding=\"async\" width=\"850\" height=\"567\" src=\"https:\/\/www.elwatan.com\/wp-content\/uploads\/2021\/01\/ANP-1.gif\" class=\"attachment-post-thumbnail size-post-thumbnail wp-post-image\" alt=\"\"\/><span class=\"featured-image-caption\">PHOTO : D. R. &#8211; Les exercices tactiques effectu\u00e9s \u00e0 B\u00e9char et \u00e0 Tindouf, avec munitions r\u00e9elles, visent \u00e0 tester la disponibilit\u00e9 au combat des unit\u00e9s op\u00e9rationnelles<\/span><\/div>\n<p class=\"p4\"><span class=\"s4\"><strong>Avec des fronti\u00e8res terrestres longues de plus 6500 km, dont une bonne partie est partag\u00e9e avec des pays pauvres et souffrant d\u2019instabilit\u00e9 politique, le d\u00e9fi s\u00e9curitaire est de taille.<\/strong><\/span><\/p>\n<p class=\"p4\"><span class=\"s4\"><strong>L<\/strong><\/span><span class=\"s4\">es forces de l\u2019Arm\u00e9e nationale populaire (ANP) sont, plus que jamais, en \u00e9tat d\u2019alerte sur l\u2019ensemble des lignes frontali\u00e8res du pays. D\u00e9j\u00e0 fortement mobilis\u00e9es sur le front sud pour faire face aux menaces induites par les conflits qui ont secou\u00e9 certains pays du Sahel mais aussi la Libye, les troupes de l\u2019ANP sont sur le qui-vive.<\/span><\/p>\n<p class=\"p7\"><span class=\"s4\">Pour parer \u00e0 toute \u00e9ventualit\u00e9, l\u2019arm\u00e9e intensifie les exercices tactiques, notamment sur le front ouest et sud-ouest, o\u00f9 les menaces s\u00e9curitaires sont prises tr\u00e8s au s\u00e9rieux par le haut commandement militaire. Les derniers exercices tactiques effectu\u00e9s \u00e0 B\u00e9char et \u00e0 Tindouf, avec munitions r\u00e9elles, en sont la preuve. De tels exercices visent \u00e0 tester la disponibilit\u00e9 au combat des unit\u00e9s op\u00e9rationnelles.<\/span><\/p>\n<p class=\"p7\"><span class=\"s4\">Le chef d\u2019\u00e9tat-major de l\u2019ANP, le g\u00e9n\u00e9ral de corps d\u2019arm\u00e9e Sa\u00efd Chengriha, a d\u2019ailleurs supervis\u00e9 ces exercices au deuxi\u00e8me jour de sa visite dans la 3<sup>e<\/sup> R\u00e9gion militaire.<\/span><\/p>\n<p class=\"p7\"><span class=\"s4\">Dans ces exercices, l\u2019arm\u00e9e n\u2019a pas l\u00e9sin\u00e9 sur les moyens, allant des troupes au sol lourdement arm\u00e9es et \u00e9quip\u00e9es aux forces anti-a\u00e9riennes en passant par les avions de combat et leur ravitaillement en plein vol. Le chef d\u2019\u00e9tat-major de l\u2019ANP a relev\u00e9 l\u2019importance de ces efforts qui <em>\u00abvisent \u00e0 d\u00e9velopper l\u2019exp\u00e9rience au combat, \u00e0 consolider les connaissances et les aptitudes et \u00e0 conf\u00e9rer la synergie et la compl\u00e9mentarit\u00e9 \u00e0 l\u2019action collective\u00bb<\/em>.<\/span><\/p>\n<p class=\"p7\"><span class=\"s4\">Il a affirm\u00e9 dans ce sillage que l\u2019arm\u00e9e se place <em>\u00ab\u00e0 la hauteur des d\u00e9fis actuels\u00bb<\/em> et demeure <em>\u00abtenace face aux ennemis d\u2019hier et d\u2019aujourd\u2019hui\u00bb<\/em>.<\/span><\/p>\n<p class=\"p7\"><span class=\"s4\">Le but est donc que l\u2019arm\u00e9e soit toujours <em>\u00ab\u00e0 la hauteur des exigences du devoir national, de la responsabilit\u00e9 de d\u00e9fense de la patrie, de la pr\u00e9servation de son unit\u00e9, de la protection de ses richesses et de la sauvegarde de sa souverainet\u00e9, notamment dans les conditions d\u2019instabilit\u00e9 que conna\u00eet notre r\u00e9gion\u00bb.<\/em><\/span><\/p>\n<p class=\"p7\"><strong><span class=\"s4\">Sans r\u00e9pit<\/span><\/strong><\/p>\n<p class=\"p8\"><span class=\"s4\">L\u2019enjeu est immense, \u00e0 l\u2019instar de l\u2019immensit\u00e9 du territoire national et de ses particularit\u00e9s g\u00e9ographiques. Pour honorer cette lourde mission, l\u2019arm\u00e9e doit demeurer en \u00e9tat d\u2019alerte maximale.<\/span><\/p>\n<p class=\"p7\"><span class=\"s4\">Les menaces peuvent \u00e0 la fois venir du sud, de l\u2019ouest et du sud-ouest. Elles peuvent \u00e9galement se manifester de l\u2019ext\u00e9rieur comme de l\u2019int\u00e9rieur, o\u00f9 le terrorisme islamiste continue de faucher des vies \u00e0 travers quelques coups d\u2019\u00e9clats pour semer \u00e0 nouveau la peur au sein des populations dans ce contexte g\u00e9opolitique p\u00e9rilleux pour l\u2019Alg\u00e9rie.<\/span><\/p>\n<p class=\"p7\"><span class=\"s4\">Avec des fronti\u00e8res terrestres longues de plus 6500 km, dont une bonne partie est partag\u00e9e avec des pays pauvres et souffrant d\u2019instabilit\u00e9 politique, le d\u00e9fi s\u00e9curitaire est de taille.<\/span><\/p>\n<p class=\"p7\"><span class=\"s4\">Les r\u00e9cents d\u00e9veloppements au Sahara occidental, marqu\u00e9s par la reprise du conflit arm\u00e9 apr\u00e8s la violation de l\u2019accord de paix par le Maroc, viennent en rajouter une couche \u00e0 cette \u00e9paisse fum\u00e9e noire qui s\u2019\u00e9chappe pr\u00e8s de nos fronti\u00e8res. En effet, cette nouvelle guerre \u00e0 nos fronti\u00e8res aggrave les menaces s\u00e9curitaires qui p\u00e8sent sur toute la sous-r\u00e9gion sah\u00e9lo-sah\u00e9lienne mais aussi sur l\u2019Alg\u00e9rie.<\/span><\/p>\n<p class=\"p7\"><span class=\"s4\">L\u2019arm\u00e9e, qui fait face d\u00e9j\u00e0 aux cons\u00e9quences du chaos libyen et \u00e0 la fragilit\u00e9 s\u00e9curitaire tunisienne, redouble de vigilance \u00e0 la fronti\u00e8re ouest, tout en gardant un \u0153il grand ouvert sur la fronti\u00e8re sud. Terrorisme, trafic d\u2019armes, contrebande, trafic de drogue et traite des personnes sont autant de fl\u00e9aux auxquels les forces de l\u2019ANP font face au quotidien.<\/span><\/p>\n<p class=\"p7\"><strong><span class=\"s4\">Encerclement<\/span><\/strong><\/p>\n<p class=\"p8\"><span class=\"s4\">Entour\u00e9e de pays instables, fragiles ou carr\u00e9ment hostiles, l\u2019Alg\u00e9rie est contrainte de consentir davantage d\u2019efforts pour briser cette cha\u00eene de feu qui l\u2019encercle et garantir la s\u00e9curit\u00e9 de son territoire. En plus de la s\u00e9curisation des fronti\u00e8res de toutes les menaces et de tous les maux venant de l\u2019\u00e9tranger, l\u2019arm\u00e9e continue de traquer les terroristes ou ce qu\u2019il en reste sur l\u2019ensemble du territoire.<\/span><\/p>\n<p class=\"p7\"><span class=\"s4\">Et, comme le d\u00e9montrent les chiffres, la guerre contre ce fl\u00e9au transnational est loin d\u2019\u00eatre termin\u00e9e. Le dernier attentat, qui a co\u00fbt\u00e9 la vie \u00e0 cinq personnes \u00e0 T\u00e9bessa, renseigne sur le degr\u00e9 de nuisance des groupes terroristes.<\/span><\/p>\n<p class=\"p7\"><span class=\"s4\">Aussi, les vastes op\u00e9rations de ratissage, lanc\u00e9es simultan\u00e9ment au Centre et \u00e0 l\u2019Est, confirment que les groupes terroristes encore actifs dans les montagnes sont soutenus mat\u00e9riellement et financi\u00e8rement de l\u2019int\u00e9rieur comme de l\u2019ext\u00e9rieur du territoire. En effet, en 2020, l\u2019arm\u00e9e a arr\u00eat\u00e9 108 \u00e9l\u00e9ments de soutien au terrorisme, comme elle a r\u00e9cup\u00e9r\u00e9 de l\u2019armement lourd et de l\u2019argent provenant des groupes terroristes actifs au Sahel.<\/span><\/p>\n<p class=\"p7\"><span class=\"s4\">D\u2019ailleurs, une partie de l\u2019argent de la ran\u00e7on vers\u00e9e en octobre 2020 aux terroristes en contrepartie de la lib\u00e9ration de trois otages europ\u00e9ens au Mali a bien \u00e9t\u00e9 d\u00e9couverte dans une casemate \u00e0 Jijel. Aussi, plusieurs des 200 terroristes lib\u00e9r\u00e9s dans le cadre de la m\u00eame transaction sont alg\u00e9riens et semblent pr\u00eats \u00e0 reprendre du service sur le territoire national, \u00e0 l\u2019instar de celui qui a \u00e9t\u00e9 captur\u00e9 par les services de s\u00e9curit\u00e9, fin 2020, \u00e0 Oran.<\/span><\/p>\n<p class=\"p7\"><span class=\"s4\">Ainsi, la moindre baisse de vigilance peut avoir des cons\u00e9quences graves sur la s\u00e9curit\u00e9 du pays. Le pire est qu\u2019il y a encore des menaces bien r\u00e9elles, mais jusque-l\u00e0 sous-estim\u00e9es.<\/span><\/p>\n<p class=\"p7\"><span class=\"s4\">Il s\u2019agit de cette sorte de \u00abcyberguerre\u00bb ou de guerre de la Toile que subit le pays, pas uniquement \u00e0 travers le hacking de sites web d\u2019institutions \u00e9tatiques; mais aussi \u00e0 travers l\u2019injection d\u2019importantes quantit\u00e9s de contenus fielleux, haineux et violents semant les graines de la \u00abfitna\u00bb entre Alg\u00e9riens sur les r\u00e9seaux sociaux.<\/span><\/p>\n<p class=\"p7\"><span class=\"s4\">Il s\u2019agit de contenus qui sont souvent v\u00e9hicul\u00e9s par des anonymes, visiblement des \u00abtrolls\u00bb qui polluent, par des messages provocateurs et dangereux, m\u00eame les pages officielles des institutions de la R\u00e9publique et de hauts responsables du pays. M\u00eame les comptes officiels du chef de l\u2019Etat et de la pr\u00e9sidence de la R\u00e9publique ne sont pas \u00e9pargn\u00e9s. Comme toutes les autres, cette menace est aussi \u00e0 prendre tr\u00e8s au s\u00e9rieux.\u00a0<\/span><\/p>\n<p><span class=\"post-views-label\">Post Views:<\/span> <span class=\"post-views-count\">2\u00a0811<\/span><\/p>\n<p><br class=\"c2\"\/><\/p>\n<div class=\"ichhar-moneytagnative c5\" id=\"ichhar-1786651517\">\n<p>Advertisements<\/p>\n<\/div>\n<p><br class=\"c2\"\/><br class=\"c6\"\/><\/p>\n<p>Auteur: Anis Khecheba<br \/>\n<a href=\"https:\/\/www.elwatan.com\/edition\/actualite\/menaces-securitaires-sur-le-pays-larmee-sur-le-qui-vive-21-01-2021\">Cliquez ici pour lire l&rsquo;article depuis sa source.<\/a><\/p>\n","protected":false},"excerpt":{"rendered":"<p>PHOTO : D. R. &#8211; Les exercices tactiques effectu\u00e9s \u00e0 B\u00e9char et \u00e0 Tindouf, avec munitions r\u00e9elles, visent \u00e0 tester la disponibilit\u00e9 au combat des unit\u00e9s op\u00e9rationnelles Avec des fronti\u00e8res terrestres longues de plus 6500 km, dont une bonne partie est partag\u00e9e avec des pays pauvres et souffrant d\u2019instabilit\u00e9 politique, le d\u00e9fi s\u00e9curitaire est de [&hellip;]<\/p>\n","protected":false},"author":1743,"featured_media":0,"comment_status":"closed","ping_status":"closed","sticky":false,"template":"","format":"standard","meta":{"fifu_image_url":"https:\/\/www.elwatan.com\/wp-content\/uploads\/2021\/01\/ANP-1.gif","fifu_image_alt":"Menaces s\u00e9curitaires sur le pays :\u00a0L\u2019arm\u00e9e sur le qui-vive","footnotes":""},"categories":[73,53],"tags":[],"class_list":["post-109733","post","type-post","status-publish","format-standard","hentry","category-actualite","category-algerie"],"_links":{"self":[{"href":"https:\/\/linitiative.ca\/International\/wp-json\/wp\/v2\/posts\/109733","targetHints":{"allow":["GET"]}}],"collection":[{"href":"https:\/\/linitiative.ca\/International\/wp-json\/wp\/v2\/posts"}],"about":[{"href":"https:\/\/linitiative.ca\/International\/wp-json\/wp\/v2\/types\/post"}],"author":[{"embeddable":true,"href":"https:\/\/linitiative.ca\/International\/wp-json\/wp\/v2\/users\/1743"}],"replies":[{"embeddable":true,"href":"https:\/\/linitiative.ca\/International\/wp-json\/wp\/v2\/comments?post=109733"}],"version-history":[{"count":0,"href":"https:\/\/linitiative.ca\/International\/wp-json\/wp\/v2\/posts\/109733\/revisions"}],"wp:attachment":[{"href":"https:\/\/linitiative.ca\/International\/wp-json\/wp\/v2\/media?parent=109733"}],"wp:term":[{"taxonomy":"category","embeddable":true,"href":"https:\/\/linitiative.ca\/International\/wp-json\/wp\/v2\/categories?post=109733"},{"taxonomy":"post_tag","embeddable":true,"href":"https:\/\/linitiative.ca\/International\/wp-json\/wp\/v2\/tags?post=109733"}],"curies":[{"name":"wp","href":"https:\/\/api.w.org\/{rel}","templated":true}]}}