{"id":109734,"date":"2021-01-21T04:50:41","date_gmt":"2021-01-21T09:50:41","guid":{"rendered":"https:\/\/linitiative.ca\/International\/il-a-decide-17-actions-pour-revenir-sur-les-mesures-phares-de-son-predecesseur-biden-rompt-avec-les-derives-de-trump\/"},"modified":"2021-01-21T04:50:41","modified_gmt":"2021-01-21T09:50:41","slug":"il-a-decide-17-actions-pour-revenir-sur-les-mesures-phares-de-son-predecesseur-biden-rompt-avec-les-derives-de-trump","status":"publish","type":"post","link":"https:\/\/linitiative.ca\/International\/il-a-decide-17-actions-pour-revenir-sur-les-mesures-phares-de-son-predecesseur-biden-rompt-avec-les-derives-de-trump\/","title":{"rendered":"Il a d\u00e9cid\u00e9 17 actions pour revenir sur les mesures phares de son pr\u00e9d\u00e9cesseur : Biden rompt avec les d\u00e9rives de Trump"},"content":{"rendered":"<h4 class=\"title-14\"\/>\n<div class=\"featured_image\"><img loading=\"lazy\" decoding=\"async\" width=\"2000\" height=\"853\" src=\"https:\/\/www.elwatan.com\/wp-content\/uploads\/2021\/01\/UNEEEEEE-2.gif\" class=\"attachment-post-thumbnail size-post-thumbnail wp-post-image\" alt=\"\"\/><span class=\"featured-image-caption\">PHOTO : D. R.<\/span><\/div>\n<p class=\"p1\"><em><strong><span class=\"s1\">Joe Biden compte prendre d\u00e8s son entr\u00e9e \u00e0 la Maison-Blanche 17 actions pr\u00e9sidentielles pour revenir sur les mesures de Donald Trump, entre autres, le retour des Etats-Unis dans l\u2019accord de Paris sur le climat et au sein de l\u2019Organisation mondiale de la sant\u00e9.<\/span><\/strong><\/em><\/p>\n<p class=\"p1\"><span class=\"s2\">J<\/span><span class=\"s1\">oe Biden a pr\u00eat\u00e9 serment, hier \u00e0 Washington, comme 46<sup>e<\/sup> pr\u00e9sident des Etats-Unis.<\/span><\/p>\n<p class=\"p4\"><span class=\"s1\">La c\u00e9r\u00e9monie d\u2019investiture est marqu\u00e9e par l\u2019absence du pr\u00e9sident sortant, Donald Trump. Le 45<sup>e<\/sup> pr\u00e9sident am\u00e9ricain qui, a refus\u00e9 de reconna\u00eetre sa d\u00e9faite, a quitt\u00e9 hier matin la Maison-Blanche sans avoir rencontr\u00e9 son successeur.<\/span><\/p>\n<p class=\"p4\"><span class=\"s1\">Depuis la base militaire d\u2019Andrews, il a salu\u00e9 quatre ann\u00e9es <em>\u00abextraordinaires\u00bb<\/em> et souhait\u00e9 <em>\u00abbonne chance\u00bb<\/em> \u00e0 la nouvelle administration. Il a promis de revenir <em>\u00abd\u2019une mani\u00e8re ou d\u2019une autre\u00bb<\/em>.<\/span><\/p>\n<p class=\"p4\"><span class=\"s1\">Il s\u2019est ensuite envol\u00e9 \u00e0 bord d\u2019Air Force One pour la Floride, o\u00f9 se trouve son club de Mar-a-Lago. Avant de partir, il a n\u00e9anmoins choisi de respecter au moins une coutume, en laissant une lettre pour Joe Biden.<\/span><\/p>\n<p class=\"p4\"><span class=\"s1\">A l\u2019inverse de Donald Trump, son vice-pr\u00e9sident, Mike Pence, et les ex-pr\u00e9sidents Barack Obama, George W. Bush et Bill Clinton \u00e9taient pr\u00e9sents.<\/span><\/p>\n<p class=\"p4\"><span class=\"s1\">En parall\u00e8le, pour la premi\u00e8re fois, l\u2019ex-pr\u00e9sident Jimmy Carter est absent, en raison de son \u00e2ge (96 ans). Juste avant de partir, Trump a graci\u00e9 73 personnes, dont son ex-conseiller Steve Bannon, accus\u00e9 d\u2019avoir d\u00e9tourn\u00e9 des fonds pr\u00e9tendument destin\u00e9s \u00e0 la construction d\u2019un mur \u00e0 la fronti\u00e8re avec le Mexique.<\/span><\/p>\n<p class=\"p4\"><span class=\"s1\">La tradition de la gr\u00e2ce pr\u00e9sidentielle remonte \u00e0 George Washington. En fin de mandat, Barack Obama a commu\u00e9 la peine de l\u2019ex-soldat Chelsea Manning, ex-informatrice de WikiLeaks, condamn\u00e9e en 2013 \u00e0 35 ans de prison en cour martiale.<\/span><\/p>\n<p class=\"p4\"><span class=\"s1\">Bill Clinton a graci\u00e9 en 2001, juste avant de quitter la Maison-Blanche, son demi-fr\u00e8re Roger Clinton, condamn\u00e9 pour \u00abpossession de coca\u00efne\u00bb, et le milliardaire Marc Rich, important donateur du parti d\u00e9mocrate, condamn\u00e9 pour \u00ab\u00e9vasion fiscale\u00bb.<\/span><\/p>\n<p class=\"p4\"><span class=\"s1\">George H.W. Bush a graci\u00e9, en d\u00e9cembre 1992, l\u2019ancien secr\u00e9taire \u00e0 la D\u00e9fense, Caspar Weinberger, l\u2019ex-conseiller \u00e0 la S\u00e9curit\u00e9 nationale, Robert McFarlane, et quatre autres responsables am\u00e9ricains impliqu\u00e9s dans le scandale de l\u2019\u00abIrangate\u00bb, la vente secr\u00e8te d\u2019armes am\u00e9ricaines \u00e0 l\u2019Iran, pour financer les Contras nicaraguayens.<\/span><\/p>\n<p class=\"p4\"><span class=\"s1\">Cela dit, Donald Trump entre dans l\u2019histoire am\u00e9ricaine comme le quatri\u00e8me Pr\u00e9sident qui a refus\u00e9 d\u2019assister \u00e0 l\u2019investiture de son successeur.<\/span><\/p>\n<p class=\"p4\"><span class=\"s1\">Le 4 mars 1801, John Adams, premier pensionnaire de la Maison-Blanche, a quitt\u00e9 Washington le matin de la c\u00e9r\u00e9monie d\u2019investiture. La raison avanc\u00e9e consiste en la volont\u00e9 d\u2019apaisement des tensions dans la capitale pour l\u2019investiture dans le calme de son successeur Thomas Jefferson.<\/span><\/p>\n<p class=\"p4\"><span class=\"s1\">John Quincy Adams est battu aux \u00e9lections de 1828 par Andrew Jackson avec qui il \u00e9tait en froid. Il est parti de la Maison-Blanche la veille de l\u2019investiture de son rival en mars 1829. Il a poursuivi sa carri\u00e8re politique en r\u00e9ussissant \u00e0 \u00eatre \u00e9lu \u00e0 la Chambre des repr\u00e9sentants en 1831.<\/span><\/p>\n<p class=\"p4\"><span class=\"s1\">Successeur d\u2019Abraham Lincoln apr\u00e8s son assassinat, Andrew Johnson n\u2019a pas r\u00e9ussi \u00e0 \u00eatre le candidat du parti r\u00e9publicain pour l\u2019\u00e9lection qui lui pr\u00e9f\u00e8re Ulysses S. Grant. Apr\u00e8s la large victoire de ce dernier aux \u00e9lections de 1868, il refuse d\u2019assister \u00e0 la c\u00e9r\u00e9monie de son grand rival.<\/span><\/p>\n<p class=\"p4\"><span class=\"s1\">D\u2019autres Pr\u00e9sidents n\u2019ont pas assist\u00e9 \u00e0 l\u2019investiture de leur successeur, mais pas par choix. En 1921, les probl\u00e8mes de sant\u00e9 de Woodrow Wilson l\u2019emp\u00eachent d\u2019\u00eatre pr\u00e9sent pour la c\u00e9r\u00e9monie. En 1974, Richard Nixon a d\u00e9missionn\u00e9 de son poste de Pr\u00e9sident, suite au scandale du Watergate, et a d\u00e9j\u00e0 quitt\u00e9 les lieux quand son vice-pr\u00e9sident G\u00e9rald Ford a pris ses fonctions<\/span><\/p>\n<p class=\"p5\"><strong><span class=\"s1\">Rupture<\/span><\/strong><\/p>\n<p class=\"p4\"><span class=\"s1\">Ceci dit, Joe Biden compte prendre, d\u00e8s son entr\u00e9e \u00e0 la Maison-Blanche, 17 actions pr\u00e9sidentielles pour revenir sur les mesures de Donald Trump, entre autres, le retour des Etats-Unis dans l\u2019accord de Paris sur le climat et au sein de l\u2019Organisation mondiale de la sant\u00e9 (OMS), selon ses conseillers, relay\u00e9s par l\u2019AFP.<\/span><\/p>\n<p class=\"p4\"><span class=\"s1\">L\u2019immunologue Anthony Fauci interviendra au nom des Etats-Unis \u00e0 une r\u00e9union du conseil ex\u00e9cutif de l\u2019OMS d\u00e8s aujourd\u2019hui, a d\u00e9clar\u00e9 Jeff Zients, qui coordonne la r\u00e9ponse de la nouvelle administration \u00e0 la pand\u00e9mie de Covid-19, lors d\u2019un point-presse.<\/span><\/p>\n<p class=\"p4\"><span class=\"s1\">Pour limiter la propagation du virus Covid-19, le Pr\u00e9sident rend par d\u00e9cret obligatoire le port du masque dans les b\u00e2timents f\u00e9d\u00e9raux, ou pour les agents f\u00e9d\u00e9raux. Afin d\u2019att\u00e9nuer son impact sur les personnes ayant perdu leurs revenus, il \u00e9tendra \u00e9galement le moratoire sur les expulsions de logement et la pause dans le remboursement de pr\u00eats \u00e9tudiants f\u00e9d\u00e9raux, a-t-il ajout\u00e9.<\/span><\/p>\n<p class=\"p4\"><span class=\"s1\">Le nouveau Pr\u00e9sident, qui a fait de la lutte contre le r\u00e9chauffement climatique une autre priorit\u00e9 de son mandat, a d\u00e9cid\u00e9 de saisir un courrier \u00e0 l\u2019Organisation des Nations unies (ONU) afin que les Etats-Unis puissent rejoindre l\u2019accord de Paris d\u2019ici un mois, a ajout\u00e9 Gina McCarthy, responsable de ce dossier au sein de la nouvelle \u00e9quipe pr\u00e9sidentielle.<\/span><\/p>\n<p class=\"p4\"><span class=\"s1\">Il revient aussi sur une s\u00e9rie de mesures de d\u00e9r\u00e9gulation prises par l\u2019administration sortante en mati\u00e8re de normes environnementales, et l\u2019autorisation donn\u00e9e par Donald Trump au projet controvers\u00e9 d\u2019ol\u00e9oduc Keystone, entre les Etats-Unis et le Canada.<\/span><\/p>\n<p class=\"p4\"><span class=\"s1\">En mati\u00e8re de politique migratoire, il annule ainsi un d\u00e9cret migratoire controvers\u00e9 adopt\u00e9 par son pr\u00e9d\u00e9cesseur pour interdire aux ressortissants de pays en majorit\u00e9 musulmans d\u2019entrer aux Etats-Unis.<\/span><\/p>\n<p class=\"p4\"><span class=\"s1\">Le d\u00e9mocrate envisage par ailleurs une \u00abproclamation\u00bb pour suspendre les travaux de construction d\u2019un mur \u00e0 la fronti\u00e8re avec le Mexique et son financement gr\u00e2ce au budget du Pentagone, qui ont suscit\u00e9 d\u2019\u00e2pres batailles politiques et judiciaires ces quatre derni\u00e8res ann\u00e9es.<\/span><\/p>\n<p class=\"p4\"><span class=\"s1\">Joe Biden transmettra en parall\u00e8le un projet de loi sur l\u2019immigration au Congr\u00e8s. Il offrira notamment aux 700 000 jeunes arriv\u00e9s clandestinement aux Etats-Unis lorsqu\u2019ils \u00e9taient enfants, les \u00abDreamers\u00bb, et aux autres immigr\u00e9s en situation irr\u00e9guli\u00e8re une possibilit\u00e9 de naturalisation \u00e0 terme et sous conditions.<\/span><\/p>\n<p class=\"p4\"><span class=\"s1\">Le projet de r\u00e9forme pr\u00e9voit aussi des fonds suppl\u00e9mentaires pour renforcer la surveillance et les contr\u00f4les aux fronti\u00e8res et un plan d\u2019assistance au Salvador, au Guatemala et au Honduras, les pays d\u2019origine de la plupart des migrants, de quatre milliards de dollars sur quatre ans.<\/span><\/p>\n<p class=\"p4\"><span class=\"s1\">Volet lutte contre les in\u00e9galit\u00e9s raciales : Joe Biden compte par un d\u00e9cret ordonner aux agences f\u00e9d\u00e9rales d\u2019\u00e9valuer les in\u00e9galit\u00e9s dans leurs programmes et politiques, a pr\u00e9cis\u00e9 Susan Rice, nomm\u00e9e directrice du Conseil de politique int\u00e9rieure et pour r\u00e9instaurer les formations \u00e0 la diversit\u00e9 annul\u00e9es par son pr\u00e9d\u00e9cesseur. Ces mesures ne sont qu\u2019une premi\u00e8re salve et seront suivies d\u2019autres d\u00e9crets et proclamations dans les jours \u00e0 venir, ont pr\u00e9cis\u00e9 les conseillers de Biden.<\/span><\/p>\n<blockquote readability=\"83\">\n<h3>R\u00e9actions :<\/h3>\n<p class=\"p1\"><span class=\"s1\"><strong>\u2014 Union Europ\u00e9enne :<\/strong><\/span><\/p>\n<p class=\"p2\"><span class=\"s1\">L\u2019Union europ\u00e9enne (UE) <em>\u00aba de nouveau un ami \u00e0 la Maison-Blanche apr\u00e8s quatre longues ann\u00e9es\u00bb<\/em> de pr\u00e9sidence Trump, a lanc\u00e9 la pr\u00e9sidente de la Commission europ\u00e9enne, Ursula von der Leyen, devant le Parlement europ\u00e9en. <em>\u00abCe jour apporte de bonnes nouvelles : les Etats-Unis sont de retour et l\u2019Europe est pr\u00eate \u00e0 renouer avec un ancien partenaire de confiance pour donner une nouvelle vie \u00e0 notre pr\u00e9cieuse alliance\u00bb<\/em>, a-t-elle ajout\u00e9.<\/span><\/p>\n<p class=\"p2\"><span class=\"s1\">De son c\u00f4t\u00e9, le pr\u00e9sident du Conseil europ\u00e9en, Charles Michel, a lanc\u00e9 <em>\u00abun appel \u00e0 construire ensemble un pacte fondateur, nouveau, pour une Europe plus forte, pour des Etats-Unis plus forts et pour un monde meilleur\u00bb<\/em>.<\/span><\/p>\n<p class=\"p1\"><span class=\"s1\"><strong>\u2014 Allemagne :<\/strong><\/span><\/p>\n<p class=\"p2\"><span class=\"s1\">Le pr\u00e9sident allemand, Frank-Walter Steinmeier, a fait part de son <em>\u00abgrand soulagement\u00bb<\/em>, assurant que ce sentiment \u00e9tait partag\u00e9 par <em>\u00abbeaucoup de monde\u00bb<\/em> en Allemagne. <em>\u00abNous nous r\u00e9jouissons que les Etats-Unis en tant que partenaire indispensable soient \u00e0 l\u2019avenir de nouveau \u00e0 nos c\u00f4t\u00e9s sur de nombreuses questions : dans le combat commun et solidaire contre la pand\u00e9mie de Covid-19, la protection mondiale du climat, sur les questions de s\u00e9curit\u00e9\u00bb,<\/em> a-t-il observ\u00e9 dans un message vid\u00e9o. Et d\u2019ajouter: <em>\u00abQuelle que soit la joie aujourd\u2019hui, nous ne devons pas oublier: le populisme a aussi s\u00e9duit la d\u00e9mocratie la plus puissante du monde.\u00bb<\/em><\/span><\/p>\n<p class=\"p1\"><span class=\"s1\"><strong>\u2014 Royaume-Uni :<\/strong><\/span><\/p>\n<p class=\"p2\"><span class=\"s1\">Le Premier ministre britannique, Boris Johnson, a f\u00e9licit\u00e9 le pr\u00e9sident \u00e9lu des Etats-Unis, Joe Biden, se disant <em>\u00abimpatient\u00bb de \u00abcollaborer \u00e9troitement\u00bb<\/em> avec lui. <em>\u00abEn mati\u00e8re de lutte contre la Covid et le changement climatique, de d\u00e9fense, de s\u00e9curit\u00e9 et de promotion et de d\u00e9fense de la d\u00e9mocratie, nos objectifs sont les m\u00eames\u00bb<\/em>, a-t-il affirm\u00e9.<\/span><\/p>\n<p class=\"p1\"><span class=\"s1\"><strong>\u2014 L\u2019Otan :<\/strong><\/span><\/p>\n<p class=\"p2\"><span class=\"s1\"><em>\u00abNous nous r\u00e9jouissons de travailler avec le pr\u00e9sident \u00e9lu Joe Biden pour renforcer les liens entre les Etats-Unis et l\u2019Europe, alors que nous sommes confront\u00e9s \u00e0 des d\u00e9fis mondiaux qu\u2019aucun d\u2019entre nous ne peut relever<\/em> <em>seul\u00bb<\/em>, a d\u00e9clar\u00e9 le secr\u00e9taire g\u00e9n\u00e9ral de l\u2019Organisation du trait\u00e9 de l\u2019Atlantique nord (Otan), Jens Stoltenberg, sur son compte Twitter.<\/span><\/p>\n<p class=\"p1\"><span class=\"s1\"><strong>\u2014 Russie :<\/strong><\/span><\/p>\n<p class=\"p2\"><span class=\"s1\">Le Kremlin a jug\u00e9 que l\u2019am\u00e9lioration des relations entre la Russie et les Etats-Unis d\u00e9pendait uniquement de la <em>\u00abvolont\u00e9 politique\u00bb<\/em> du pr\u00e9sident \u00e9lu Joe Biden. <em>\u00abCela ne changera rien pour la Russie qui, comme c\u2019est le cas depuis d\u00e9j\u00e0 de longues ann\u00e9es, poursuivra son existence en cherchant de bonnes relations avec les Etats-Unis\u00bb<\/em>, a affirm\u00e9 le porte-parole de la pr\u00e9sidence russe, Dmitri Peskov, lors d\u2019un point presse.<\/span><\/p>\n<p class=\"p2\"><span class=\"s1\">Il a ajout\u00e9 que <em>\u00abla volont\u00e9 politique\u00bb<\/em> n\u00e9cessaire pour raviver les liens entre les deux pays <em>\u00abd\u00e9pendra de M. Biden et de son \u00e9quipe\u00bb<\/em>. De son c\u00f4t\u00e9, le dernier dirigeant de l\u2019ex-Union sovi\u00e9tique, Mikha\u00efl Gorbatchev, a appel\u00e9 \u00e0 <em>\u00abune normalisation des relations\u00bb<\/em> qui sont aujourd\u2019hui <em>\u00absource d\u2019une grande inqui\u00e9tude\u00bb<\/em>.\u00a0<\/span><\/p>\n<p class=\"p1\"><span class=\"s1\"><strong>\u2014 Iran :<\/strong><\/span><\/p>\n<p class=\"p2\"><span class=\"s1\">T\u00e9h\u00e9ran a salu\u00e9 le d\u00e9part du <em>\u00abtyran\u00bb<\/em> Donald Trump, jugeant que <em>\u00abla balle est dans le camp\u00bb<\/em> du nouveau pr\u00e9sident am\u00e9ricain, Joe Biden, pour un \u00e9ventuel retour de Washington \u00e0 l\u2019accord sur le nucl\u00e9aire iranien. Donald Trump <em>\u00abn\u2019a apport\u00e9 que des probl\u00e8mes \u00e0 son propre peuple et au reste du monde\u00bb<\/em>, a ajout\u00e9 le pr\u00e9sident iranien Hassan Rohani dans une allocution t\u00e9l\u00e9vis\u00e9e.\u00a0<\/span><\/p>\n<\/blockquote>\n<p><span class=\"post-views-label\">Post Views:<\/span> <span class=\"post-views-count\">4\u00a0479<\/span><\/p>\n<p><br class=\"c2\"\/><\/p>\n<div class=\"ichhar-moneytagnative c5\" id=\"ichhar-444485973\">\n<p>Advertisements<\/p>\n<\/div>\n<p><br class=\"c2\"\/><br class=\"c6\"\/><\/p>\n<p>Auteur: Anis Khecheba<br \/>\n<a href=\"https:\/\/www.elwatan.com\/edition\/international\/biden-rompt-avec-les-derives-de-trump-21-01-2021\">Cliquez ici pour lire l&rsquo;article depuis sa source.<\/a><\/p>\n","protected":false},"excerpt":{"rendered":"<p>PHOTO : D. R. Joe Biden compte prendre d\u00e8s son entr\u00e9e \u00e0 la Maison-Blanche 17 actions pr\u00e9sidentielles pour revenir sur les mesures de Donald Trump, entre autres, le retour des Etats-Unis dans l\u2019accord de Paris sur le climat et au sein de l\u2019Organisation mondiale de la sant\u00e9. Joe Biden a pr\u00eat\u00e9 serment, hier \u00e0 Washington, [&hellip;]<\/p>\n","protected":false},"author":1743,"featured_media":0,"comment_status":"closed","ping_status":"closed","sticky":false,"template":"","format":"standard","meta":{"fifu_image_url":"https:\/\/www.elwatan.com\/wp-content\/uploads\/2021\/01\/UNEEEEEE-2.gif","fifu_image_alt":"Il a d\u00e9cid\u00e9 17 actions pour revenir sur les mesures phares de son pr\u00e9d\u00e9cesseur : Biden rompt avec les d\u00e9rives de Trump","footnotes":""},"categories":[73,53],"tags":[],"class_list":["post-109734","post","type-post","status-publish","format-standard","hentry","category-actualite","category-algerie"],"_links":{"self":[{"href":"https:\/\/linitiative.ca\/International\/wp-json\/wp\/v2\/posts\/109734","targetHints":{"allow":["GET"]}}],"collection":[{"href":"https:\/\/linitiative.ca\/International\/wp-json\/wp\/v2\/posts"}],"about":[{"href":"https:\/\/linitiative.ca\/International\/wp-json\/wp\/v2\/types\/post"}],"author":[{"embeddable":true,"href":"https:\/\/linitiative.ca\/International\/wp-json\/wp\/v2\/users\/1743"}],"replies":[{"embeddable":true,"href":"https:\/\/linitiative.ca\/International\/wp-json\/wp\/v2\/comments?post=109734"}],"version-history":[{"count":0,"href":"https:\/\/linitiative.ca\/International\/wp-json\/wp\/v2\/posts\/109734\/revisions"}],"wp:attachment":[{"href":"https:\/\/linitiative.ca\/International\/wp-json\/wp\/v2\/media?parent=109734"}],"wp:term":[{"taxonomy":"category","embeddable":true,"href":"https:\/\/linitiative.ca\/International\/wp-json\/wp\/v2\/categories?post=109734"},{"taxonomy":"post_tag","embeddable":true,"href":"https:\/\/linitiative.ca\/International\/wp-json\/wp\/v2\/tags?post=109734"}],"curies":[{"name":"wp","href":"https:\/\/api.w.org\/{rel}","templated":true}]}}