{"id":109737,"date":"2021-01-21T05:56:00","date_gmt":"2021-01-21T10:56:00","guid":{"rendered":"https:\/\/linitiative.ca\/International\/covid-19-le-primat-de-leconomie-et-des-considerations-politiciennes-sur-la-sante\/"},"modified":"2021-01-21T05:56:00","modified_gmt":"2021-01-21T10:56:00","slug":"covid-19-le-primat-de-leconomie-et-des-considerations-politiciennes-sur-la-sante","status":"publish","type":"post","link":"https:\/\/linitiative.ca\/International\/covid-19-le-primat-de-leconomie-et-des-considerations-politiciennes-sur-la-sante\/","title":{"rendered":"Covid-19: le primat de l\u2019\u00e9conomie et des consid\u00e9rations politiciennes sur la sant\u00e9"},"content":{"rendered":"<p><span class=\"c2\"><em><strong><img decoding=\"async\" src=\"\/uploads\/FCK_files\/Habib-Malekh.jpg\" width=\"20%\" vspace=\"5\" hspace=\"5\" align=\"left\" alt=\"\"\/>Par Habib Mellakh &#8211;<\/strong><\/em><\/span> La situation sanitaire se d\u00e9grade, dans notre pays,\u00a0 de jour en jour. Nous connaissons, depuis la r\u00e9ouverture pr\u00e9cipit\u00e9e, voire anarchique de nos\u00a0 fronti\u00e8res, une propagation continuelle du coronavirus dont les gouvernements d\u2019Elyes Fakhfakh et de Hichem Mechichi sont, pour l\u2019essentiel, les premiers responsables. Il ne fait pas de doute qu\u2019une proportion importante de nos citoyens\u00a0 a aggrav\u00e9 la situation par son indiscipline et son comportement incivique. Face \u00e0 cette grave d\u00e9t\u00e9rioration, nous tenterons, en plusieurs articles,\u00a0 un premier bilan de cette \u00e9pid\u00e9mie. Nous nous arr\u00eaterons sur les erreurs et les errements des uns et des autres depuis la r\u00e9ouverture des fronti\u00e8res afin de tirer les le\u00e7ons qui s\u2019imposent. Notre d\u00e9marche, citoyenne avant tout, est celle d\u2019un\u00a0 militant associatif\u00a0 qui, sans nier les bons r\u00e9sultats obtenus au printemps dernier par le gouvernement Fakhfakh dans la lutte contre la Covid-19, tire la sonnette d\u2019alarme et cherche \u00e0 contribuer \u00e0 la r\u00e9flexion sur les moyens \u00e0 m\u00eame de permettre \u00e0 notre pays d\u2019\u00e9viter une catastrophe annonc\u00e9e.<\/p>\n<p><span class=\"c4\"><span class=\"c3\"><strong>Les signes pr\u00e9curseurs de la catastrophe<\/strong><\/span><\/span><\/p>\n<p>Nous constatons\u00a0 aujourd\u2019hui une d\u00e9gradation \u00e9pid\u00e9mique\u00a0 sans pr\u00e9c\u00e9dent\u00a0 caract\u00e9ris\u00e9e par une propagation exponentielle du virus, un taux d\u2019incidence tr\u00e8s \u00e9lev\u00e9e et en continuelle augmentation (actuellement situ\u00e9 entre 300 et 600 pour 100000 habitants dans la plupart des\u00a0 r\u00e9gions) et des taux de positivit\u00e9 qui suivent eux aussi une courbe ascendante (28 % pour la journ\u00e9e du 14 janvier sur la base du d\u00e9pistage de personnes symptomatiques). Nous avons d\u00e9pass\u00e9 la barri\u00e8re symbolique des 5000 morts et nous nous acheminons vers 6000 morts (5921 \u00e0 la date du 20 janvier). La Tunisie fait\u00a0 d\u00e9sormais partie du peloton de t\u00eate des pays les plus atteints par la covid-19. Au nombre de d\u00e9c\u00e8s pour un million d\u2019habitants, nous sommes, <a href=\"https:\/\/www.lemonde.fr\/les-decodeurs\/article\/2020\/05\/05\/coronavirus-age-mortalite-departements-pays-suivez-l-evolution-de-l-epidemie-en-cartes-et-graphiques_6038751_4355770.html?fbclid=IwAR3ofYNTCKGSKu-nJ0_5MlX0N4LuHBLWtyqHJn6nQ1Yb2DnCHyvK41QS7eA\" target=\"_blank\" rel=\"noopener\">selon le journal Le Monde, qui publie r\u00e9guli\u00e8rement un \u00e9tat des lieux\u00a0 de la pand\u00e9mie<\/a>, les premiers de la classe dans le monde arabe avec 505.3 morts\u00a0 alors que des pays comparables au n\u00f4tre comme\u00a0 l\u2019Alg\u00e9rie, le Maroc, la Jordanie\u00a0 accusent des taux de mortalit\u00e9 nettement moins \u00e9lev\u00e9s avec respectivement 67,3 morts, 222.3, 418.8 selon les statistiques publi\u00e9es le 15 janvier. Nous sommes\u00a0 les seconds en Afrique, pr\u00e9c\u00e9d\u00e9s uniquement de l\u2019Afrique du Sud qui comptabilise 662 morts en vertu du m\u00eame recensement.<\/p>\n<p>Nos\u00a0 chiffres en hausse constante sont d\u2019autant plus alarmants qu\u2019ils sous-estiment la r\u00e9alit\u00e9. Les tests de d\u00e9pistage, effectu\u00e9s d\u2019une mani\u00e8re al\u00e9atoire \u00e0 la faveur des derni\u00e8res campagnes, qui ne sont pas massives, r\u00e9v\u00e8lent qu\u2019en moyenne 3 Tunisiens sur 10 sont positifs au coronavirus. Les services de r\u00e9animation des h\u00f4pitaux sont satur\u00e9s. La situation \u00e9pid\u00e9miologique n\u2019est plus sous contr\u00f4le malgr\u00e9 le d\u00e9ni du gouvernement et des autorit\u00e9s politico-sanitaires.<\/p>\n<p><span class=\"c4\"><span class=\"c3\"><strong>Navigation \u00e0 vue d\u2019un gouvernement soumis aux lobbys<\/strong><\/span><\/span><\/p>\n<p>Depuis la r\u00e9ouverture des fronti\u00e8res,\u00a0 le gouvernement d\u2019Elyes Fakfakh a \u00e9t\u00e9 incapable de capitaliser les succ\u00e8s\u00a0 obtenus dans la lutte contre la pand\u00e9mie\u00a0 au printemps dernier.<\/p>\n<p>Le gouvernement actuel, d\u00e9pass\u00e9 par les \u00e9v\u00e9nements, a \u00e9t\u00e9\u00a0 impuissant \u00e0 arr\u00eater la d\u00e9gradation sanitaire. Il pratique une politique de deux poids et deux mesures qui trahit un sens de l\u2019\u00e9quit\u00e9 \u00e0 g\u00e9om\u00e9trie variable selon que l\u2019on est influent puissant, homme politique, d\u00e9put\u00e9\u00a0\u00a0 ou citoyen ordinaire. Cette politique a permis aux lobbys politiques et \u00e9conomiques puissants et aux\u00a0 parties qui leur sont li\u00e9es\u00a0 de ne pas \u00eatre soumis \u00e0 un protocole sanitaire jug\u00e9 pr\u00e9judiciable \u00e0 leurs int\u00e9r\u00eats, \u00e0 l\u2019oppos\u00e9 des groupes peu influents auquel le gouvernement\u00a0 impose\u00a0\u00a0 ces mesures de pr\u00e9vention. Certaines activit\u00e9s et certains rassemblements sont interdits alors que d\u2019autres sont autoris\u00e9s en raison\u00a0 de cette politique in\u00e9quitable.\u00a0\u00a0<\/p>\n<p>Quand le gouvernement\u00a0 se d\u00e9cide \u00e0 d\u00e9cr\u00e9ter des mesures pr\u00e9ventives, le diktat des lobbys et la pression de la rue l\u2019obligent \u00e0 faire des volte-face pr\u00e9judiciables \u00e0 son image de marque ou \u00e0 les appliquer d\u2019une mani\u00e8re s\u00e9lective comme on l\u2019a vu\u00a0 r\u00e9cemment \u00e0 l\u2019occasion d\u2019une inhumation soumise au protocole covid et qui a vu la pr\u00e9sence d\u2019une foule innombrable.<\/p>\n<p>De nombreuses mesures, d\u2019ailleurs tardives, sont rest\u00e9s lettre morte comme\u00a0 le port du masque, l\u2019interdiction des rassemblements et de la circulation entre les gouvernorats. Elles sont\u00a0 transgress\u00e9es \u00e0 qui mieux par la plupart des citoyens qui sont dans le d\u00e9ni et qui ont \u00e9t\u00e9 encourag\u00e9s par le laxisme gouvernemental. La passivit\u00e9\u00a0 du gouvernement appara\u00eet, pour de nombreux citoyens,\u00a0 comme une volont\u00e9 d\u00e9lib\u00e9r\u00e9e et cach\u00e9e de ne pas r\u00e9primer les violations continuelles de ces mesures barri\u00e8res et\u00a0 de laisser le virus circuler librement\u00a0 dans l\u2019espoir illusoire de parvenir \u00e0 l\u2019immunit\u00e9 gr\u00e9gaire. On comprend d\u00e8s lors pourquoi il a continuellement exclu\u00a0 le recours au confinement g\u00e9n\u00e9ral et a \u00e9rig\u00e9 le rejet politique de cette mesure en dogme dans la lutte contre la covid-19\u00a0 alors qu\u2019elle a \u00e9t\u00e9 consid\u00e9r\u00e9e, par de nombreux experts comme\u00a0 une r\u00e9ponse scientifique proportionn\u00e9e \u00e0 la gravit\u00e9 de l\u2019\u00e9pid\u00e9mie.<\/p>\n<p><span class=\"c4\"><span class=\"c3\"><strong>Tout passe avant\u00a0 la sant\u00e9<\/strong><\/span><\/span><\/p>\n<p>Cette\u00a0 d\u00e9sinvolture et cette navigation \u00e0 vue sont donc traduites par l\u2019absence d\u2019une r\u00e9ponse rapide, proportionn\u00e9e et gradu\u00e9e \u00e0 la d\u00e9gradation \u00e9pid\u00e9mique. Elles sont\u00a0 responsables des pertes humaines enregistr\u00e9es, tr\u00e8s\u00a0 consid\u00e9rables quand elles sont rapport\u00e9s \u00e0 notre\u00a0 population et compte tenu des r\u00e9alit\u00e9s de pays comparables au n\u00f4tre. Ces pertes touchent, \u00e0 des degr\u00e9s variables, toutes les cat\u00e9gories, toutes les familles, les riches et les pauvres, les jeunes et les vieux, les enseignants et leurs \u00e9l\u00e8ves, et de plus en plus de m\u00e9decins et de cadres m\u00e9dicaux, tous sacrifi\u00e9s \u00e0 l\u2019autel de l\u2019incurie, de l\u2019incomp\u00e9tence et de la d\u00e9sinvolture du gouvernement. En fait, c\u2019est l\u2019ensemble de la classe politique qui privil\u00e9gie\u00a0 les consid\u00e9rations \u00e9conomiques et qui se montre peu pr\u00e9occup\u00e9e par la situation sanitaire, se laissant prendre dans l\u2019engrenage des querelles partisanes et des jeux vils et dangereux de la politique politicienne. Un bon nombre de ses repr\u00e9sentants, au parlement au gouvernement ou au sein des partis politiques,\u00a0 souvent aux premi\u00e8res loges, se sont fait remarquer par l\u2019ostentation impudique de leur violation constante des mesures barri\u00e8res alors qu\u2019ils devraient donner le bon exemple. Ce triste constat vaut aussi pour une grande partie du\u00a0 personnel des administrations, des banques, de la poste intransigeants avec les citoyens\u00a0 au sujet du port du masque alors qu\u2019ils s\u2019en dispensent outrageusement.<\/p>\n<p>Pour les honorables membres de notre gouvernement, la situation sanitaire n\u2019est pas une priorit\u00e9 et vous \u00eates d\u2019une ing\u00e9nuit\u00e9 l\u00e9gendaire si vous pensez qu\u2019ils sont capables de prendre des dispositions \u00e0 la mesure\u00a0 de l\u2019urgence sanitaire. La r\u00e9cente d\u00e9cision\u00a0\u00a0 saugrenue et rarissime, d\u2019un confinement express de quatre jours,\u00a0 pr\u00e9sent\u00e9e ironiquement par les internautes comme une exception tunisienne en est la preuve. Elle a \u00e9t\u00e9\u00a0 prise contre l\u2019avis des membres du comit\u00e9 scientifique et jug\u00e9e, par de nombreux experts, fantaisiste et inefficace pour limiter\u00a0\u00a0 la propagation du virus.\u00a0 Consid\u00e9r\u00e9e par de nombreux observateurs comme une d\u00e9cision politique\u00a0 destin\u00e9e \u00e0 emp\u00eacher les marches de protestation \u00e0 l\u2019occasion de la comm\u00e9moration de la r\u00e9volution et peu co\u00fbteuse pour l\u2019\u00e9conomie nationale, elle\u00a0 montre que la sant\u00e9 des Tunisiens est rel\u00e9gu\u00e9 au second plan au profit des consid\u00e9rations politiciennes et \u00e9conomiques. N\u2019en d\u00e9plaise \u00e0 l\u2019ing\u00e9nu qui, comme moi, a caress\u00e9 l\u2019espoir, en fait, insens\u00e9 que le chef du gouvernement annoncerait des mesures sanitaires \u00e0 la hauteur des attentes, l\u2019annonce lors de la\u00a0 conf\u00e9rence de presse\u00a0 du 16 janvier du remaniement minist\u00e9riel exig\u00e9, entre autres, par Ennahdha, est venue confirmer que nos hommes politiques et, \u00e0 leur t\u00eate, le chef du gouvernement\u00a0 accordent la priorit\u00e9 au jeu des chaises musicales aux d\u00e9pens de nos vies.<\/p>\n<p>Le gouvernement\u00a0 Fakhfakh, qui est \u00e0 f\u00e9liciter pour avoir fait, au printemps dernier, du contr\u00f4le de l\u2019\u00e9pid\u00e9mie sa priorit\u00e9, a privil\u00e9gi\u00e9, \u00e0 la suite du confinement g\u00e9n\u00e9ral\u00a0 les consid\u00e9rations \u00e9conomiques au d\u00e9triment de la sant\u00e9 des Tunisiens. Tandis que Youssef\u00a0 Chahed a\u00a0 d\u00e9cid\u00e9 d\u00e8s le d\u00e9but de la pand\u00e9mie en Tunisie la fermeture des fronti\u00e8res sugg\u00e9r\u00e9e par la ministre de la sant\u00e9 Sonia Ben Cheikh et le ministre du tourisme et de l\u2019artisanat, Ren\u00e9 Trabelsi, pourtant tour op\u00e9rateur, Elyes Fakfakh les a rouvertes\u00a0 sous la pression du lobby touristique, bien repr\u00e9sent\u00e9 dans son gouvernement. Il a os\u00e9 le faire sans astreindre les Tunisiens de retour de l\u2019\u00e9tranger\u00a0 \u00e0 un protocole sanitaire rigoureux avec l\u2019exigence de la pr\u00e9sentation de tests PCR n\u00e9gatifs et l\u2019astreinte au\u00a0 confinement\u00a0 dans des \u00e9tablissements appropri\u00e9s et\u00a0 comme cela s\u2019est pass\u00e9\u00a0\u00a0 au printemps dernier, astreinte jug\u00e9e salutaire par tout le monde. Cette mesure\u00a0 montre que le gouvernement Fakhfakh\u00a0 a fait passer, au cours de l\u2019\u00e9t\u00e9 dernier, l\u2019\u00e9conomie avant\u00a0 la sant\u00e9, au risque de perdre les dividendes engrang\u00e9s apr\u00e8s la premi\u00e8re vague.<\/p>\n<p>Il est vrai que le confinement g\u00e9n\u00e9ral du printemps dernier, qui a eu un impact \u00e9conomique n\u00e9gatif avec une baisse tr\u00e8s importante de la croissance, l\u00e9gitime le souci de relancer l\u2019\u00e9conomie en ouvrant les fronti\u00e8res mais il aurait fallu le faire sans courir le risque d\u2019une catastrophe sanitaire. Il aurait \u00e9t\u00e9 en effet possible de concilier les imp\u00e9ratifs \u00e9conomiques et les exigences\u00a0 sanitaires dans le but de pr\u00e9server l\u2019\u00e9conomie rudement touch\u00e9e par le confinement g\u00e9n\u00e9ral et de limiter dans une proportion importante\u00a0 la propagation de la maladie et les pertes humaines. Il est donc vrai que la r\u00e9ouverture des fronti\u00e8res \u00e9tait indispensable\u00a0 pour la reprise \u00e9conomique\u00a0 et, au moins, pour stopper la baisse de la croissance. Mais il n\u2019est pas moins vrai que la r\u00e9ouverture accompagn\u00e9e d\u2019un protocole sanitaire rigoureux avec tests PCR n\u00e9gatifs\u00a0 et confinement obligatoires\u00a0 pour tous les voyageurs\u00a0 aurait permis de circonscrire l\u2019\u00e9pid\u00e9mie. L\u2019abandon de ce protocole sanitaire\u00a0 aura \u00e9t\u00e9 en quelque sorte la faute originelle responsable du retour en force de l\u2019\u00e9pid\u00e9mie, des cons\u00e9quences d\u00e9sastreuses de ce retour sur la sant\u00e9 des Tunisiens et d\u2019un impact \u00e9conomique qui s\u2019av\u00e9rera sans doute n\u00e9gatif au moment du bilan. Quand on est pris dans une spirale infernale, il est difficile d\u2019en sortir rapidement. Quand on s\u2019y enfonce, on risque d\u2019y rester pendant une tr\u00e8s longue p\u00e9riode.<\/p>\n<p>Ce r\u00e9quisitoire accablant contre les\u00a0 gouvernements qui ont g\u00e9r\u00e9 la pand\u00e9mie ne d\u00e9charge\u00a0 pas les Tunisiens de la responsabilit\u00e9 qui leur incombe dans la recrudescence de la maladie.<\/p>\n<p><em>A suivre<\/em><\/p>\n<p class=\"c5\"><strong>Habib Mellakh<\/strong><br \/>\u00a0<\/p>\n<p>Auteur:<br \/>\n<a href=\"https:\/\/www.leaders.com.tn\/article\/31303-covid-19-le-primat-de-l-economie-et-des-considerations-politiciennes-sur-la-sante\">Cliquez ici pour lire l&rsquo;article depuis sa source.<\/a><\/p>\n","protected":false},"excerpt":{"rendered":"<p>Par Habib Mellakh &#8211; La situation sanitaire se d\u00e9grade, dans notre pays,\u00a0 de jour en jour. Nous connaissons, depuis la r\u00e9ouverture pr\u00e9cipit\u00e9e, voire anarchique de nos\u00a0 fronti\u00e8res, une propagation continuelle du coronavirus dont les gouvernements d\u2019Elyes Fakhfakh et de Hichem Mechichi sont, pour l\u2019essentiel, les premiers responsables. Il ne fait pas de doute qu\u2019une proportion [&hellip;]<\/p>\n","protected":false},"author":1772,"featured_media":0,"comment_status":"closed","ping_status":"closed","sticky":false,"template":"","format":"standard","meta":{"fifu_image_url":"\/uploads\/FCK_files\/Habib-Malekh.jpg","fifu_image_alt":"Covid-19: le primat de l\u2019\u00e9conomie et des consid\u00e9rations politiciennes sur la sant\u00e9","footnotes":""},"categories":[73,55],"tags":[],"class_list":["post-109737","post","type-post","status-publish","format-standard","hentry","category-actualite","category-tunisie"],"_links":{"self":[{"href":"https:\/\/linitiative.ca\/International\/wp-json\/wp\/v2\/posts\/109737","targetHints":{"allow":["GET"]}}],"collection":[{"href":"https:\/\/linitiative.ca\/International\/wp-json\/wp\/v2\/posts"}],"about":[{"href":"https:\/\/linitiative.ca\/International\/wp-json\/wp\/v2\/types\/post"}],"author":[{"embeddable":true,"href":"https:\/\/linitiative.ca\/International\/wp-json\/wp\/v2\/users\/1772"}],"replies":[{"embeddable":true,"href":"https:\/\/linitiative.ca\/International\/wp-json\/wp\/v2\/comments?post=109737"}],"version-history":[{"count":0,"href":"https:\/\/linitiative.ca\/International\/wp-json\/wp\/v2\/posts\/109737\/revisions"}],"wp:attachment":[{"href":"https:\/\/linitiative.ca\/International\/wp-json\/wp\/v2\/media?parent=109737"}],"wp:term":[{"taxonomy":"category","embeddable":true,"href":"https:\/\/linitiative.ca\/International\/wp-json\/wp\/v2\/categories?post=109737"},{"taxonomy":"post_tag","embeddable":true,"href":"https:\/\/linitiative.ca\/International\/wp-json\/wp\/v2\/tags?post=109737"}],"curies":[{"name":"wp","href":"https:\/\/api.w.org\/{rel}","templated":true}]}}