{"id":109738,"date":"2021-01-21T12:33:00","date_gmt":"2021-01-21T17:33:00","guid":{"rendered":"https:\/\/linitiative.ca\/International\/faten-kallel-la-tunisie-doit-se-reinventer\/"},"modified":"2021-01-21T12:33:00","modified_gmt":"2021-01-21T17:33:00","slug":"faten-kallel-la-tunisie-doit-se-reinventer","status":"publish","type":"post","link":"https:\/\/linitiative.ca\/International\/faten-kallel-la-tunisie-doit-se-reinventer\/","title":{"rendered":"Faten Kallel: La Tunisie doit se r\u00e9inventer&#8230;"},"content":{"rendered":"<p>La Tunisie submerg\u00e9e par la complexit\u00e9 de sa crise sociale, \u00e9conomique et politique, semble ne pas se rendre compte des enjeux de la phase. Des enjeux qui d\u00e9passent largement les \u00e9quations d&rsquo;\u00e9quilibres budg\u00e9taires, de croissance et de ch\u00f4mage, et qui seraient plut\u00f4t de l&rsquo;ordre de la philosophie de vie et de l&rsquo;id\u00e9al. En somme, de quoi donner \u00e0 ses citoyens l&rsquo;envie de mettre un pied devant l&rsquo;autre pour avancer et instaurer la coh\u00e9sion autour d&rsquo;un projet commun.<\/p>\n<p>La Tunisie doit se r\u00e9inventer urgemment, imp\u00e9rativement&#8230; Et ce en rompant totalement avec les concepts qu&rsquo;elle a connu auparavant et qui se sont av\u00e9r\u00e9s inefficaces. Elle doit se transformer d&rsquo;une soci\u00e9t\u00e9 d\u00e9sunie, gangr\u00e9n\u00e9e par le rejet, \u00e0 une communaut\u00e9 tol\u00e9rante et ouverte, aux identit\u00e9s multiples mais capables de cohabiter, elle doit aussi passer de l&rsquo;\u00e9tat d&rsquo;appendice d&rsquo;\u00e9conomies \u00e0 une \u00e9conomie \u00e0 part enti\u00e8re qui sert les besoins des siens avant tout.<\/p>\n<p>Dans cette nouvelle Tunisie, l&rsquo;Etat sera nous tous, qui sommes pr\u00eats \u00e0 nous inscrire dans la d\u00e9marche de transformation, chacun apportant sa pierre \u00e0 l&rsquo;\u00e9difice. Un Etat fort par sa vision, son union, sa flexibilit\u00e9, son efficacit\u00e9, et surtout pas par sa main mise et son pouvoir d&rsquo;ing\u00e9rence. Un \u00e9tat o\u00f9 la libert\u00e9 d&rsquo;entreprendre est le moteur, la bonne foi une r\u00e8gle et le d\u00e9veloppement des potentiels l&rsquo;enjeu principal.<\/p>\n<p>Dans cette nouvelle Tunisie, nous veillerons \u00e0 \u00eatre une communaut\u00e9 r\u00e9siliente, qui accepte toutes les diff\u00e9rences et les canalise. Une soci\u00e9t\u00e9 qui rompt avec les normes frustrantes et qui permet \u00e0 tout un chacun, homme ou femme, quelque soit son \u00e2ge, ses croyances, ses orientations et ses choix, de se r\u00e9v\u00e9ler positivement et d&rsquo;orienter son \u00e9nergie pleinement vers l&rsquo;action b\u00e9n\u00e9fique.<\/p>\n<p>Au-del\u00e0 des lois qui r\u00e9priment la violence, il serait n\u00e9cessaire de promouvoir les comportements positifs et les bienfaits de la tol\u00e9rance et de la diversit\u00e9 sur le d\u00e9veloppement socio-\u00e9conomique. Car c&rsquo;est de la diversit\u00e9 que nait la cr\u00e9ativit\u00e9 et l&rsquo;innovation.<\/p>\n<p>Dans cette nouvelle Tunisie, nous adopterons une nouvelle vision du citoyen, qui sera l&rsquo;objet de toute notre attention, dont l&rsquo;\u00e9panouissement sera le point de d\u00e9part de toutes nos politiques \u00e9conomiques et sociales. Dans ce sens, un effort particulier devra \u00eatre port\u00e9 \u00e0 deux cat\u00e9gories, d&rsquo;abord les 0-18 ans, qui devront b\u00e9n\u00e9ficier de toutes les conditions propices \u00e0 leur \u00e9quilibre et \u00e0 la r\u00e9alisation de leur potentiel. Ensuite les 70 ans et plus, nos seniors, qui m\u00e9ritent une vie apais\u00e9e, digne et dynamique, sans conflits, bas\u00e9e sur la transmission g\u00e9n\u00e9rationnelle n\u00e9cessaire \u00e0 la p\u00e9rennit\u00e9 de chaque soci\u00e9t\u00e9.<\/p>\n<p>Enfin dans cette nouvelle Tunisie, nous seront amen\u00e9s \u00e0 repositionner le tunisien dans le monde, de mani\u00e8re \u00e0 ce qu&rsquo;il puisse s&rsquo;y projeter. Pour cela nous \u0153uvrerons \u00e0 ouvrir les horizons et accompagner nos talents \u00e0 briller, mais aussi \u00e0 faire de la Tunisie une terre d&rsquo;accueil o\u00f9 les \u00e9nergies venues de toutes parts interagissent. Si l&rsquo;Afrique sera notre priorit\u00e9, elle ne devra pas l&rsquo;\u00eatre par opportunisme, mais parce que nous faisons face aux m\u00eames d\u00e9fis, \u00e9conomiques, sociaux et environnementaux en tant que pays du m\u00eame continent, et que notre solidarit\u00e9 nous rendra plus forts face aux challenges futurs.<\/p>\n<p>Nos choix devront \u00eatre r\u00e9fl\u00e9chis autour de la somme des impacts \u00e9conomiques, sociaux et environnementaux qu&rsquo;ils engendreront, la qualit\u00e9 des emplois qu&rsquo;ils cr\u00e9eront, leur durabilit\u00e9, mais surtout dans quelle mesure seront-ils capables de servir la communaut\u00e9, ou la desservir. Notre \u00e9ducation ne sera plus pens\u00e9e seulement autour de la performance, mais devra s&rsquo;adapter \u00e0 tous les types de profils et de potentiels. Le citoyen devra \u00eatre pris en consid\u00e9ration dans tous les aspects d&rsquo;une vie digne et saine, du contenu de son assiette \u00e0 la qualit\u00e9 de son sommeil, en passant par ses espaces de vie. A partir de l\u00e0 nous saurons exactement de quels biens et services nous aurons besoin et par cons\u00e9quent les chaines de valeur \u00e0 d\u00e9velopper, la gouvernance qui s&rsquo;y rapporte, vers plus ou moins d&rsquo;\u00e9tat, la place du secteur priv\u00e9, la forme des entreprises, la monnaie d&rsquo;\u00e9change, le financement et enfin notre rapport au reste du monde.<\/p>\n<p>La Tunisie du 3\u00e8me mill\u00e9naire, d\u00e9mocratique, libre, se doit d&rsquo;\u00eatre bienveillante, construisant sa vision autour du bien \u00eatre de chacun et de l&rsquo;int\u00e9r\u00eat des g\u00e9n\u00e9rations futures. Une Tunisie capable d&rsquo;accueillir le monde, une terre o\u00f9 les \u00e9nergies interagissent, fusionnent et produisent pour l&rsquo;int\u00e9r\u00eat commun. Une Tunisie rayonnante, capable d&rsquo;exporter un mod\u00e8le de vie inspirant, respectueux de l&rsquo;\u00eatre humain, de l&rsquo;\u00e9quilibre des soci\u00e9t\u00e9s et de l&rsquo;environnement. Car \u00e0 l&rsquo;\u00e8re de la r\u00e9volution technologique, des grands bouleversements climatiques et de la globalisation, les pays qui s&rsquo;en sortiront \u00e0 long terme ne sont pas forc\u00e9ment ceux qui courent derri\u00e8re les exploits chiffr\u00e9s, mais ceux capables d&rsquo;apaiser les liens humains, de ma\u00eetriser leur rapport \u00e0 la nature et \u00e0 la consommation, et de concevoir un mod\u00e8le \u00e9conomique et social o\u00f9 les besoins et les moyens \u00e9volueront en harmonie, avec pour objectif principal d&rsquo;instaurer un bien-\u00eatre g\u00e9n\u00e9ral et durable. <strong>C&rsquo;est \u00e0 partir de ce genre de pactes que nous seront capable de cerner \u00e0 court et moyen termes l&rsquo;\u00e9tendue de l&rsquo;action \u00e0 entreprendre et la teneur des sacrifices \u00e0 conc\u00e9der.<\/strong><\/p>\n<p>Alors sommes nous capables de r\u00e9inventer cette Tunisie? Une Tunisie qui ma\u00eetrise ses choix, qui d\u00e9finit ses propres indicateurs de r\u00e9ussite, qui optimise ses ressources, humaines et naturelles, et qui int\u00e8gre le monde de mani\u00e8re proactive et positive? Une Tunisie qui s\u00e9duit d&rsquo;abord les tunisiens, et qui \u00e0 travers eux rayonnera avec bienveillance sur son environnement?<\/p>\n<p>Je porte cette conviction, sans na\u00efvet\u00e9 quant \u00e0 la lourdeur de la t\u00e2che, qu&rsquo;\u00e0 force de travail, de s\u00e9rieux et surtout de respect les uns envers les autres, qu&rsquo;une Tunisie meilleure est possible.<\/p>\n<p>Faten Kallel<\/p>\n<p>Auteur:<br \/>\n<a href=\"https:\/\/www.leaders.com.tn\/article\/31304-faten-kallel-la-tunisie-doit-se-reinventer\">Cliquez ici pour lire l&rsquo;article depuis sa source.<\/a><\/p>\n","protected":false},"excerpt":{"rendered":"<p>La Tunisie submerg\u00e9e par la complexit\u00e9 de sa crise sociale, \u00e9conomique et politique, semble ne pas se rendre compte des enjeux de la phase. Des enjeux qui d\u00e9passent largement les \u00e9quations d&rsquo;\u00e9quilibres budg\u00e9taires, de croissance et de ch\u00f4mage, et qui seraient plut\u00f4t de l&rsquo;ordre de la philosophie de vie et de l&rsquo;id\u00e9al. En somme, de [&hellip;]<\/p>\n","protected":false},"author":1772,"featured_media":0,"comment_status":"closed","ping_status":"closed","sticky":false,"template":"","format":"standard","meta":{"fifu_image_url":"","fifu_image_alt":"","footnotes":""},"categories":[73,55],"tags":[],"class_list":["post-109738","post","type-post","status-publish","format-standard","hentry","category-actualite","category-tunisie"],"_links":{"self":[{"href":"https:\/\/linitiative.ca\/International\/wp-json\/wp\/v2\/posts\/109738","targetHints":{"allow":["GET"]}}],"collection":[{"href":"https:\/\/linitiative.ca\/International\/wp-json\/wp\/v2\/posts"}],"about":[{"href":"https:\/\/linitiative.ca\/International\/wp-json\/wp\/v2\/types\/post"}],"author":[{"embeddable":true,"href":"https:\/\/linitiative.ca\/International\/wp-json\/wp\/v2\/users\/1772"}],"replies":[{"embeddable":true,"href":"https:\/\/linitiative.ca\/International\/wp-json\/wp\/v2\/comments?post=109738"}],"version-history":[{"count":0,"href":"https:\/\/linitiative.ca\/International\/wp-json\/wp\/v2\/posts\/109738\/revisions"}],"wp:attachment":[{"href":"https:\/\/linitiative.ca\/International\/wp-json\/wp\/v2\/media?parent=109738"}],"wp:term":[{"taxonomy":"category","embeddable":true,"href":"https:\/\/linitiative.ca\/International\/wp-json\/wp\/v2\/categories?post=109738"},{"taxonomy":"post_tag","embeddable":true,"href":"https:\/\/linitiative.ca\/International\/wp-json\/wp\/v2\/tags?post=109738"}],"curies":[{"name":"wp","href":"https:\/\/api.w.org\/{rel}","templated":true}]}}