{"id":109739,"date":"2021-01-21T13:10:00","date_gmt":"2021-01-21T18:10:00","guid":{"rendered":"https:\/\/linitiative.ca\/International\/de-trump-a-biden-la-force-de-la-symbolique\/"},"modified":"2021-01-21T13:10:00","modified_gmt":"2021-01-21T18:10:00","slug":"de-trump-a-biden-la-force-de-la-symbolique","status":"publish","type":"post","link":"https:\/\/linitiative.ca\/International\/de-trump-a-biden-la-force-de-la-symbolique\/","title":{"rendered":"De Trump \u00e0 Biden: la force de la symbolique"},"content":{"rendered":"<p><span class=\"c2\"><em><strong><img decoding=\"async\" src=\"\/uploads\/FCK_files\/Emna-ben-Arabe.jpg\" width=\"20%\" vspace=\"5\" hspace=\"5\" align=\"right\" alt=\"\"\/>Emna Ben Arab &#8211;<\/strong><\/em><\/span> Donald Trump a quitt\u00e9 hier la Maison Blanche\u00a0 en laissant derri\u00e8re lui plus de 400.000 victimes et 24 millions de contamin\u00e9s du Coronavirus, une pand\u00e9mie\u00a0 qu\u2019il qualifia\u00a0 au d\u00e9but de son apparition d\u2019\u00e9norme canular \u00ab a hugehoax \u00bb. Il a ensuite contest\u00e9 avec une v\u00e9h\u00e9mence, qui s\u2019est transform\u00e9e en dangereuses all\u00e9gations,\u00a0 les r\u00e9sultats des \u00e9lections du 3 novembre et a exig\u00e9 le comptage des voix et la comptabilisation des bulletins de vote dans plusieurs circonscriptions. Pire que cela, ses discours contestataires ont chauff\u00e9 \u00e0 blanc une\u00a0 immense foule de partisans convaincue de la confiscation de la victoire de leur leader et qui a envahi le si\u00e8ge du parlement am\u00e9ricain, S\u00e9nat et Chambre des Repr\u00e9sentants\u00a0 r\u00e9unis en s\u00e9ance solennelle pour confirmer l\u2019\u00e9lection de Joe Biden, laissant 5 morts\u00a0 et de nombreux bless\u00e9s, sans parler des actes de vandalisme perp\u00e9tr\u00e9s contre le Capitole,\u00a0 symbole de la d\u00e9mocratie am\u00e9ricaine.<\/p>\n<p>Malgr\u00e9 les innombrables tentatives de contestations, le d\u00e9part\u00a0 disgracieux de Trump de la Maison Blanche \u00e9tait in\u00e9luctable. Triste journ\u00e9e que\u00a0 ce 20 janvier pour la d\u00e9mocratie avec un pr\u00e9sident sortant qui\u00a0 boude une c\u00e9r\u00e9monie d\u2019investiture<span class=\"c2\"><sup><strong>(1)<\/strong><\/sup><\/span> hautement symbolique de l\u2019ancrage d\u2019une tradition qui traduit le caract\u00e8re civilis\u00e9, courtois et pacifique de la transition politique.\u00a0 A l\u2019exception de Jimmy Carter<span class=\"c2\"><sup>(2)<\/sup><\/span>, tous les ex-pr\u00e9sidents am\u00e9ricains en vie \u00e9taient r\u00e9unis pour ce moment historique qui marque l\u2019inauguration du mandat pr\u00e9sidentiel et qui a lieu devant le Capitole, le b\u00e2timent qui abrite le Congr\u00e8s, \u00e0 Washington. Dans son\u00a0 discours d\u2019adieu donn\u00e9 sur la base militaire d&rsquo;Andrews, truff\u00e9 de mensonges sur son bilan, et alors qu&rsquo;il est sous la menace d&rsquo;une seconde proc\u00e9dure de destitution qui pourrait l&#8217;emp\u00eacher de briguer un nouveau mandat, Donald Trump n\u2019a m\u00eame pas cit\u00e9 le nom de son successeur.<\/p>\n<p>Dans le syst\u00e8me am\u00e9ricain, le processus de s\u00e9lection assure en g\u00e9n\u00e9ral que les candidats \u00e0 la pr\u00e9sidence des Etats-Unis ne puissent \u00eatre ni des m\u00e9diocres ni des amateurs<span class=\"c2\"><sup><strong>(3)<\/strong><\/sup><\/span>. Cependant,\u00a0 rien ne garantit qu&rsquo;un jour quelqu\u2019un acc\u00e8de \u00e0 la Maison Blanche alors que rien ne le d\u00e9signait pour le poste de pr\u00e9sident des Etats-Unis.Ce fut\u00a0 malheureusement le cas de Donald Trump.\u00a0\u00a0 Son mandat a non seulement\u00a0 entrain\u00e9 la d\u00e9gradation des relations internationales, isolant davantage les Etats-Unis, mais il a gravement nuit au fonctionnement m\u00eame du r\u00e9gime politique am\u00e9ricain dans l\u2019avenir. Les charges multiples qui p\u00e8sent sur le pr\u00e9sident des Etats-Unis sont trop lourdes pour \u00eatre port\u00e9es par un homme aimant trop le pouvoir mais ne comprenant rien \u00e0 la politique et aux institutions. De nombreux\u00a0 membres de son administration, titulaires de postes importants, qui travaillaient\u00a0 autour de lui mais jamais\u00a0 avec lui, ont \u00e9t\u00e9 limog\u00e9s ou l\u2019avaient carr\u00e9ment quitt\u00e9 en cours de route parce qu\u2019ils \u00e9taient effray\u00e9s par son ignorance ou d\u00e9sapprouvaient ses prises de position.\u00a0<\/p>\n<p>Donald Trump\u00a0 \u00e9tait r\u00e9put\u00e9 raciste, victime de troubles narcissiques, capricieux, incapable\u00a0 d&#8217;empathie,\u00a0 n\u2019imaginant pas \u00eatre un jour dans la peau d\u2019un loser et tenant d\u00e9sesp\u00e9r\u00e9ment \u00e0 de fausses certitudes. Bref, c\u2019est un\u00a0 pr\u00e9sident qui est reconnu d\u00e8s le d\u00e9but de son mandat pour \u00eatre affect\u00e9 de troubles de la personnalit\u00e9 par 25 000 professionnels de sant\u00e9\u00a0 qui avaient pourtant sign\u00e9\u00a0 une requ\u00eate invoquant le 25\u00e8me\u00a0 amendement de la Constitution am\u00e9ricaine qui pr\u00e9voit la destitution d&rsquo;un pr\u00e9sident \u00ab\u00a0inapte \u00e0 exercer ses fonctions\u00a0\u00bb. L&rsquo;histoire de Donald Trump sera celle d\u2019un pr\u00e9sident qui n\u2019avait ni vision ni philosophie politique\u00a0 ou priorit\u00e9s strat\u00e9giques pour la nation et le monde,\u00a0 mais qui aura largement contribu\u00e9 \u00e0 diviser l\u2019Am\u00e9rique et \u00e0 d\u00e9stabiliser la plan\u00e8te. Triste \u00e9pisode dans l\u2019histoire d\u2019une d\u00e9mocratie am\u00e9ricaine qui a longtemps servi\u00a0 de mod\u00e8le.<\/p>\n<p>L\u2019arriv\u00e9e de Joe Biden, 78 ans,\u00a0 sur le devant de la sc\u00e8ne politique\u00a0 n\u2019est pas fortuite. Elle est le couronnement d\u2019une longue carri\u00e8re politique commenc\u00e9e\u00a0 le jour de son\u00a0 \u00e9lection au S\u00e9nat \u00e0 la veille de ses 30 ans. Habile\u00a0 politicien, fin connaisseur des m\u00e9andres de la politique politicienne, sans parler de sa capacit\u00e9 \u00e0 mobiliser l\u2019\u00e9lectorat\u00a0 afro-am\u00e9ricain tout en parvenant \u00e0 se faire entendre de l\u2019\u00e9lectorat blanc, Biden sera vice-\u00acpr\u00e9sident en 2008.\u00a0 Le pr\u00e9sident Obama, avec qui il entretenait des relations de respect et d\u2019amiti\u00e9,\u00a0 lui confiera des missions cruciales et d\u00e9cisives : dossiers irakien et afghan, r\u00e9forme de la sant\u00e9, plan de relance \u00e9conomique.<\/p>\n<p>Elu en 2021 autour d\u2019un programme qui le place en rupture avec son pr\u00e9d\u00e9cesseur et\u00a0 qui vise \u00e0 mettre hors jeu quatre ans de destruction syst\u00e9matique des acquis des Am\u00e9ricains en terme de coh\u00e9sion sociale et de multiculturalisme, \u00e9galit\u00e9 hommes-femmes, multilat\u00e9ralisme et lutte contre le changement climatique, Joe Biden, le quarante sixi\u00e8me pr\u00e9sident des Etats Unis, a commenc\u00e9 dans la p\u00e9riode de transition \u00e0 former sa nouvelle \u00e9quipe qui devra \u00eatre valid\u00e9e par le S\u00e9nat, d\u00e9sormais \u00e0 majorit\u00e9 d\u00e9mocrate apr\u00e8s la victoire de ces derniers en G\u00e9orgie le 5 janvier. En effet, jusque-l\u00e0 bastion r\u00e9publicain, la G\u00e9orgie, qui n\u2019avait pas \u00e9t\u00e9 remport\u00e9e par un d\u00e9mocrate depuis pr\u00e8s de trois d\u00e9cennies,\u00a0 avait non seulement vot\u00e9 Joe Biden,\u00a0 mais a envoy\u00e9 au S\u00e9nat, qui du coup\u00a0 perd sa majorit\u00e9 r\u00e9publicaine,\u00a0 deux\u00a0 candidats d\u00e9mocrates Raphael Warnock et Jon Ossoff<span class=\"c2\"><sup><strong>(4)<\/strong><\/sup><\/span>.\u00a0\u00a0<\/p>\n<p>Au lendemain de sa victoire, Joe Biden avait promis aux Am\u00e9ricains une administration qui refl\u00e8te son programme, \u00ab qui ressemble \u00e0 l\u2019Am\u00e9rique \u00bb et qui sera appel\u00e9e \u00e0\u00a0 servir le peuple am\u00e9ricain\u00a0 par\u00a0 l\u2019exp\u00e9rience et la comp\u00e9tence, par la diversit\u00e9 et la parit\u00e9 hommes-femmes. Promesses non d\u00e9menties \u00e0 commencer par le choix de la Vice-pr\u00e9sidente. Pour la premi\u00e8re fois dans l\u2019histoire des Etats-Unis, une femme, Kamala Devi Harris,\u00a0 fille d\u2019un\u00a0 p\u00e8re jama\u00efcain et d\u2019une m\u00e8re indienne,\u00a0 d\u00e9mocrate et s\u00e9natrice, sera\u00a0 la Vice-pr\u00e9sidente des Etats-Unis d\u2019Am\u00e9rique.\u00a0 Le reste suivra. Selon ses premi\u00e8res nominations, Biden a tenu ses promesses de gouvernement diversifi\u00e9 et f\u00e9minis\u00e9.<\/p>\n<p>Ainsi son cabinet, sit\u00f4t approuv\u00e9 par le S\u00e9nat, sera qualifi\u00e9 de premi\u00e8re dans l\u2019histoire des Etats Unis en termes d\u2019int\u00e9gration des femmes et des groupes ethniques. Pour la premi\u00e8re fois, il y aura :<\/p>\n<p class=\"c3\"><span class=\"c2\"><strong>\u2022<\/strong><\/span> Une \u00e9quipe 100% f\u00e9minine charg\u00e9e de la communication de la maison Blanche (7 femmes dont 3 de couleur et 1 latino lesbienne)<\/p>\n<p class=\"c4\"><img decoding=\"async\" src=\"\/uploads\/FCK_files\/Graph(18).jpg\" alt=\"\" width=\"100%\" vspace=\"5\" hspace=\"5\" align=\"left\"\/><\/p>\n<p class=\"c3\"><span class=\"c2\"><strong>\u2022<\/strong><\/span> Un hispanique qui prendra la direction du d\u00e9partement de la S\u00e9curit\u00e9 int\u00e9rieure qui supervise notamment les questions d&rsquo;immigration, surtout apr\u00e8s une politique d\u2019immigration restrictive et discriminatoire sous Trump<\/p>\n<p class=\"c3\"><span class=\"c2\"><strong>\u2022\u00a0<\/strong><\/span>Une femme qui est devenue (d\u00e9j\u00e0 confirm\u00e9e par le S\u00e9nat le jour m\u00eame de l\u2019inauguration de Biden) directrice du Renseignement National charg\u00e9e de superviser\u00a0 le CSN et la s\u00e9curit\u00e9 int\u00e9rieure et de coordonner les diff\u00e9rentes agences f\u00e9d\u00e9rales actives dans ce domaine, un poste occup\u00e9 par des hommes jusque l\u00e0<\/p>\n<p class=\"c3\"><span class=\"c2\"><strong>\u2022\u00a0<\/strong><\/span>Une femme qui occupera le poste de ministre du tr\u00e9soram\u00e9ricain, la premi\u00e8re femme \u00e0 occuper ce poste cl\u00e9 en plus de deux si\u00e8cles<\/p>\n<p class=\"c3\"><span class=\"c2\"><strong>\u2022<\/strong><\/span> Un Afro-Am\u00e9ricain\u00a0 au Pentagone qui dirigera la premi\u00e8re arm\u00e9e du monde<\/p>\n<p class=\"c3\"><span class=\"c2\"><strong>\u2022\u00a0<\/strong><\/span>Une femme de couleur qui dirigera le d\u00e9partement du Logement et du D\u00e9veloppement Urbain<\/p>\n<p class=\"c3\"><span class=\"c2\"><strong>\u2022\u00a0<\/strong><\/span>Une femme d\u2019origine asiatique,\u00a0 nomm\u00e9e Repr\u00e9sentante au Commerce<\/p>\n<p class=\"c3\"><span class=\"c2\"><strong>\u2022\u00a0<\/strong><\/span>Un ministre ouvertement homosexuel au minist\u00e8re du Transport<span class=\"c2\"><sup><strong>(5)<\/strong><\/sup><\/span>\u00a0<\/p>\n<p class=\"c3\"><span class=\"c2\"><strong>\u2022\u00a0<\/strong><\/span>Un latino \u00e0 l\u2019\u00e9ducation<\/p>\n<p class=\"c3\"><span class=\"c2\"><strong>\u2022\u00a0<\/strong><\/span>Une nomination qualifi\u00e9e d\u2019historique qui est la ministre am\u00e9rindienne nomm\u00e9e \u00e0 la t\u00eate du Minist\u00e8re de l\u2019int\u00e9rieur charg\u00e9 des ressources naturellescomme les terres f\u00e9d\u00e9rales, les parcs nationaux, et les r\u00e9serves indiennes.<\/p>\n<p class=\"c3\"><span class=\"c2\"><strong>\u2022\u00a0<\/strong><\/span>Un Afro-Am\u00e9ricain \u00e0 la t\u00eate de l\u2019Agence am\u00e9ricaine de protection de l\u2019environnement (EPA).<\/p>\n<p class=\"c3\"><span class=\"c2\"><strong>\u2022\u00a0<\/strong><\/span>Une \u00e9quipe francophone et francophile au d\u00e9partement d\u2019\u00e9tat \u00e0 leur t\u00eate Antony Blinken, cr\u00e9ant ainsi une rupture avec la diplomatie trumpiste caract\u00e9ris\u00e9e par une incoh\u00e9rence jamais vue, qui favorise les initiatives personnelles aux d\u00e9pends des canaux diplomatiques traditionnels et qui \u00e9prouve une hostilit\u00e9 ouverte pour le multilat\u00e9ralisme ce qui a conduit \u00e0 la d\u00e9t\u00e9rioration des relations avec les pays alli\u00e9s des Etats Unis<\/p>\n<p class=\"c3\"><span class=\"c2\"><strong>\u2022\u00a0<\/strong><\/span>Un am\u00e9ricain musulman d\u2019origine Pakistanaise, Ali Zaidi, quisera conseill\u00e9 national adjoint sur le climat.<\/p>\n<p>En plus, un nombre non n\u00e9gligeable de ses collaborateurs sont dipl\u00f4m\u00e9s de Yale &amp; Harvard<span class=\"c2\"><sup><strong>(6)<\/strong><\/sup><\/span>, deux parmi les Grands Trois (The BigThree).<br \/>Ainsi, le gouvernement Biden marque d&rsquo;ores et d\u00e9j\u00e0 un contraste avec l&rsquo;administration sortante en accordant une plus grande place aux femmes et aux minorit\u00e9s, une forte symbolique en attendant le reste.<\/p>\n<p class=\"c6\"><strong>Emna Ben Arab, Ph.D<\/strong><br \/><span class=\"c5\"><em>Professeur de civilisation am\u00e9ricaine et de relations internationales, Universit\u00e9 de Sfax<br \/>Ancienne d\u00e9put\u00e9e<\/em><\/span><\/p>\n<p class=\"c7\"><span class=\"c5\"><em>1) Avant lui 3\u00a0 pr\u00e9sidents sortants ont boycott\u00e9 la c\u00e9r\u00e9monie d\u2019investiture: John Adams en 1801 (l\u2019investiture de Thomas Jefferson), son fils John Quincy Adams en 1829 (l\u2019investiture de Andrew Jackson) et Andrew Johnson en 1869 (l\u2019investiture de Ulysses S. Grant)<\/em><\/span><\/p>\n<p class=\"c7\"><span class=\"c5\"><em><span class=\"c5\"><em>2)<\/em><\/span> Absent pour des raisons de sant\u00e9<\/em><\/span><\/p>\n<p class=\"c7\"><span class=\"c5\"><em><span class=\"c5\"><em>3)<\/em><\/span> Le coll\u00e8ge\u00e9lectoral est institu\u00e9 par les p\u00e8res fondateurs\u00a0 pour garantir, entre autres, un choix judicieux du pr\u00e9sident, mais cela n\u2019a pas \u00e9t\u00e9 toujours le cas<\/em><\/span><\/p>\n<p class=\"c7\"><span class=\"c5\"><em><span class=\"c5\"><em>4)<\/em><\/span> Le S\u00e9nat am\u00e9ricain se compose de 100 membres (2 de chaque Etat) et en cas d\u2019\u00e9galit\u00e9 entre les r\u00e9publicains et les d\u00e9mocrates, comme c\u2019est le cas aujourd\u2019hui, c\u2019est\u00a0 le VP qui sera le tie-breaker<\/em><\/span><\/p>\n<p class=\"c7\"><span class=\"c5\"><em><span class=\"c5\"><em>5)<\/em><\/span> Pete Buttigieg l\u2019ancien rival de Joe Biden<\/em><\/span><\/p>\n<p class=\"c7\"><span class=\"c5\"><em><span class=\"c5\"><em>6)<\/em><\/span> Jake Sullivan, Ron Klein, Janet Yellen, NeeraTanden, Katherine Tai, Ali Zaidi<\/em><\/span><\/p>\n<p>Auteur:<br \/>\n<a href=\"https:\/\/www.leaders.com.tn\/article\/31305-de-trump-a-biden-la-force-de-la-symbolique\">Cliquez ici pour lire l&rsquo;article depuis sa source.<\/a><\/p>\n","protected":false},"excerpt":{"rendered":"<p>Emna Ben Arab &#8211; Donald Trump a quitt\u00e9 hier la Maison Blanche\u00a0 en laissant derri\u00e8re lui plus de 400.000 victimes et 24 millions de contamin\u00e9s du Coronavirus, une pand\u00e9mie\u00a0 qu\u2019il qualifia\u00a0 au d\u00e9but de son apparition d\u2019\u00e9norme canular \u00ab a hugehoax \u00bb. Il a ensuite contest\u00e9 avec une v\u00e9h\u00e9mence, qui s\u2019est transform\u00e9e en dangereuses all\u00e9gations,\u00a0 [&hellip;]<\/p>\n","protected":false},"author":1772,"featured_media":0,"comment_status":"closed","ping_status":"closed","sticky":false,"template":"","format":"standard","meta":{"fifu_image_url":"\/uploads\/FCK_files\/Emna-ben-Arabe.jpg","fifu_image_alt":"De Trump \u00e0 Biden: la force de la symbolique","footnotes":""},"categories":[73,55],"tags":[],"class_list":["post-109739","post","type-post","status-publish","format-standard","hentry","category-actualite","category-tunisie"],"_links":{"self":[{"href":"https:\/\/linitiative.ca\/International\/wp-json\/wp\/v2\/posts\/109739","targetHints":{"allow":["GET"]}}],"collection":[{"href":"https:\/\/linitiative.ca\/International\/wp-json\/wp\/v2\/posts"}],"about":[{"href":"https:\/\/linitiative.ca\/International\/wp-json\/wp\/v2\/types\/post"}],"author":[{"embeddable":true,"href":"https:\/\/linitiative.ca\/International\/wp-json\/wp\/v2\/users\/1772"}],"replies":[{"embeddable":true,"href":"https:\/\/linitiative.ca\/International\/wp-json\/wp\/v2\/comments?post=109739"}],"version-history":[{"count":0,"href":"https:\/\/linitiative.ca\/International\/wp-json\/wp\/v2\/posts\/109739\/revisions"}],"wp:attachment":[{"href":"https:\/\/linitiative.ca\/International\/wp-json\/wp\/v2\/media?parent=109739"}],"wp:term":[{"taxonomy":"category","embeddable":true,"href":"https:\/\/linitiative.ca\/International\/wp-json\/wp\/v2\/categories?post=109739"},{"taxonomy":"post_tag","embeddable":true,"href":"https:\/\/linitiative.ca\/International\/wp-json\/wp\/v2\/tags?post=109739"}],"curies":[{"name":"wp","href":"https:\/\/api.w.org\/{rel}","templated":true}]}}