{"id":109743,"date":"2021-01-21T16:32:24","date_gmt":"2021-01-21T21:32:24","guid":{"rendered":"https:\/\/linitiative.ca\/International\/tunisie-djerba-les-cafetiers-defient-letat-et-annoncent-la-reprise-de-leurs-activites-normales-des-le-lundi\/"},"modified":"2021-01-21T16:32:24","modified_gmt":"2021-01-21T21:32:24","slug":"tunisie-djerba-les-cafetiers-defient-letat-et-annoncent-la-reprise-de-leurs-activites-normales-des-le-lundi","status":"publish","type":"post","link":"https:\/\/linitiative.ca\/International\/tunisie-djerba-les-cafetiers-defient-letat-et-annoncent-la-reprise-de-leurs-activites-normales-des-le-lundi\/","title":{"rendered":"Tunisie \u2013 Djerba\u00a0: Les cafetiers d\u00e9fient l\u2019Etat et annoncent la reprise de leurs activit\u00e9s normales d\u00e8s le lundi"},"content":{"rendered":"<div class=\"post-cont-in left relative\">\n<div id=\"post-info-wrap\" class=\"left relative post-info-out\">\n<div class=\"post-info-img left relative\"><img loading=\"lazy\" decoding=\"async\" alt=\"\" src=\"https:\/\/secure.gravatar.com\/avatar\/047123be9d5e8513774383916ee72db2?s=50&amp;d=mm&amp;r=g\" srcset=\"https:\/\/secure.gravatar.com\/avatar\/047123be9d5e8513774383916ee72db2?s=100&amp;d=mm&amp;r=g 2x\" class=\"avatar avatar-50 photo\" height=\"50\" width=\"50\"\/><\/div>\n<div class=\"post-info-in\">\n<div class=\"post-info-right left relative post-info-name left relative\"><span><span class=\"post-info-text\">Par<\/span> <span class=\"author-name vcard fn author\"><a href=\"https:\/\/www.tunisienumerique.com\/author\/lm\/\" title=\"Articles par LM\" rel=\"author\">LM<\/a><\/span><\/span> <span class=\"post-date updated\"><time class=\"post-date updated\" datetime=\"2021-01-21\">\u00a0| Il y a 16 secondes<\/time><\/span><\/div>\n<div class=\"left relative\"><button id=\"listenButton1\" class=\"responsivevoice-button\" type=\"button\" value=\"Play\" title=\"&#xC9;coutez l'article\"><span>\ud83d\udd0a \u00c9coutez l&rsquo;article<\/span><\/button> <\/div>\n<\/div>\n<\/div>\n<p>Les propri\u00e9taires des caf\u00e9s de l\u2019\u00eele de Djerba, qui \u00e9taient r\u00e9unis, en un sit-in, ce jeudi matin devant le si\u00e8ge de la d\u00e9l\u00e9gation, ont d\u00e9cid\u00e9 de ne plus attendre de feu vert de la part de l\u2019Etat, et qu\u2019ils vont reprendre leur travail normal avec tables et chaises, \u00e0 partir de ce lundi.<\/p>\n<div class=\"code-block code-block-1 c4\"><ins class=\"adsbygoogle c3\" data-ad-layout=\"in-article\" data-ad-format=\"fluid\" data-ad-client=\"ca-pub-2102118777505746\" data-ad-slot=\"7301775417\"\/> <\/div>\n<p>Une d\u00e9cision qui en dit long sur la force et la rigueur de l\u2019Etat, qui se laisser d\u00e9fier de la sorte.<\/p>\n<p>Si ces professionnels ont choisi la date du lundi 25 janvier, ce n\u2019est nullement fortuit. Ils ont choisi cette date car elle succ\u00e8de \u00e0 la r\u00e9union de la commission nationale anti covid, qui doit se tenir samedi, pour d\u00e9cider des nouvelles mesures \u00e0 prendre dans le cadre de la pr\u00e9vention du covid.<\/p>\n<p>Et ces professionnels, lass\u00e9s de ne plus pouvoir travailler et subvenir \u00e0 leurs besoins et \u00e0 ceux de leurs salari\u00e9s, ont d\u00e9cid\u00e9 de surench\u00e9rir, pour mettre la pression sur les d\u00e9cideurs. Et gageons qu\u2019ils seront suivis par leurs coll\u00e8gues des autres r\u00e9gions.<\/p>\n<p>Il faudrait, donc, s\u2019attendre \u00e0 ce que cette surench\u00e8re, de demander\u00a0 la permission de travailler toute la journ\u00e9e en servant les clients sur place, va pousser le gouvernement \u00e0 consentir un effort pour leur proposer la solution interm\u00e9diaire de ne plus \u00f4ter les chaises et tables des \u00e9tablissements qu\u2019\u00e0 partir de 16H00, par exemple.<\/p>\n<div class=\"swp_social_panel swp_horizontal_panel swp_flat_fresh swp_default_full_color swp_individual_full_color swp_other_full_color scale-100 scale-\" data-min-width=\"1100\" data-float-color=\"#ffffff\" data-float=\"bottom\" data-float-mobile=\"bottom\" data-transition=\"slide\">\n<div class=\"nc_tweetContainer swp_share_button total_shares total_sharesalt\"><span class=\"swp_count\">0 <span class=\"swp_label\">Partages<\/span><\/span><\/div>\n<\/div>\n<p><strong>Que se passe-t-il en Tunisie?<\/strong><br \/>Nous expliquons sur notre <a href=\"https:\/\/www.youtube.com\/channel\/UCRzypVq0B_yBad5eGrwBx0Q?sub_confirmation=1\" target=\"_blank\" rel=\"noopener\">cha\u00eene YouTube<\/a> . <a href=\"https:\/\/www.youtube.com\/channel\/UCRzypVq0B_yBad5eGrwBx0Q?sub_confirmation=1\" target=\"_blank\" rel=\"noopener\">Abonnez-vous!<\/a><\/p>\n<div class=\"mvp-org-wrap mvp-org-logo\" itemprop=\"publisher\"><img decoding=\"async\" src=\"https:\/\/www.tunisienumerique.com\/wp-content\/uploads\/2017\/02\/logo_tunisie_numerique.png\"\/><\/div>\n<div class=\"mvp-related-posts left relative\">\n<h4 class=\"post-header\"><span class=\"post-header\">Lire aussi<\/span><\/h4>\n<\/div>\n<div id=\"article-ad\"><ins class=\"adsbygoogle c5\" data-ad-client=\"ca-pub-2102118777505746\" data-ad-slot=\"6513972734\" data-ad-format=\"auto\" data-full-width-responsive=\"true\"\/> <\/div>\n<\/div>\n<div id=\"post-sidebar-wrap\"><ins class=\"adsbygoogle c5\" data-ad-client=\"ca-pub-2102118777505746\" data-ad-slot=\"6168283410\" data-ad-format=\"auto\" data-full-width-responsive=\"true\"\/> <\/div>\n<p>Auteur: LM<br \/>\n<a href=\"https:\/\/www.tunisienumerique.com\/tunisie-djerba-les-cafetiers-defient-letat-et-annoncent-la-reprise-de-leurs-activites-normales-des-le-lundi\/\">Cliquez ici pour lire l&rsquo;article depuis sa source.<\/a><\/p>\n","protected":false},"excerpt":{"rendered":"<p>Par LM \u00a0| Il y a 16 secondes \ud83d\udd0a \u00c9coutez l&rsquo;article Les propri\u00e9taires des caf\u00e9s de l\u2019\u00eele de Djerba, qui \u00e9taient r\u00e9unis, en un sit-in, ce jeudi matin devant le si\u00e8ge de la d\u00e9l\u00e9gation, ont d\u00e9cid\u00e9 de ne plus attendre de feu vert de la part de l\u2019Etat, et qu\u2019ils vont reprendre leur travail normal [&hellip;]<\/p>\n","protected":false},"author":1789,"featured_media":0,"comment_status":"closed","ping_status":"closed","sticky":false,"template":"","format":"standard","meta":{"fifu_image_url":"https:\/\/secure.gravatar.com\/avatar\/047123be9d5e8513774383916ee72db2?s=50&d=mm&r=g","fifu_image_alt":"Tunisie \u2013 Djerba\u00a0: Les cafetiers d\u00e9fient l\u2019Etat et annoncent la reprise de leurs activit\u00e9s normales d\u00e8s le lundi","footnotes":""},"categories":[73,55],"tags":[],"class_list":["post-109743","post","type-post","status-publish","format-standard","hentry","category-actualite","category-tunisie"],"_links":{"self":[{"href":"https:\/\/linitiative.ca\/International\/wp-json\/wp\/v2\/posts\/109743","targetHints":{"allow":["GET"]}}],"collection":[{"href":"https:\/\/linitiative.ca\/International\/wp-json\/wp\/v2\/posts"}],"about":[{"href":"https:\/\/linitiative.ca\/International\/wp-json\/wp\/v2\/types\/post"}],"author":[{"embeddable":true,"href":"https:\/\/linitiative.ca\/International\/wp-json\/wp\/v2\/users\/1789"}],"replies":[{"embeddable":true,"href":"https:\/\/linitiative.ca\/International\/wp-json\/wp\/v2\/comments?post=109743"}],"version-history":[{"count":0,"href":"https:\/\/linitiative.ca\/International\/wp-json\/wp\/v2\/posts\/109743\/revisions"}],"wp:attachment":[{"href":"https:\/\/linitiative.ca\/International\/wp-json\/wp\/v2\/media?parent=109743"}],"wp:term":[{"taxonomy":"category","embeddable":true,"href":"https:\/\/linitiative.ca\/International\/wp-json\/wp\/v2\/categories?post=109743"},{"taxonomy":"post_tag","embeddable":true,"href":"https:\/\/linitiative.ca\/International\/wp-json\/wp\/v2\/tags?post=109743"}],"curies":[{"name":"wp","href":"https:\/\/api.w.org\/{rel}","templated":true}]}}