{"id":109745,"date":"2021-01-21T17:12:42","date_gmt":"2021-01-21T22:12:42","guid":{"rendered":"https:\/\/linitiative.ca\/International\/tunisie-malgre-la-reprise-des-cours-ce-lundi-lannee-scolaire-demeure-hypothequee\/"},"modified":"2021-01-21T17:12:42","modified_gmt":"2021-01-21T22:12:42","slug":"tunisie-malgre-la-reprise-des-cours-ce-lundi-lannee-scolaire-demeure-hypothequee","status":"publish","type":"post","link":"https:\/\/linitiative.ca\/International\/tunisie-malgre-la-reprise-des-cours-ce-lundi-lannee-scolaire-demeure-hypothequee\/","title":{"rendered":"Tunisie \u2013 Malgr\u00e9 la reprise des cours ce lundi\u2026 L\u2019ann\u00e9e scolaire demeure hypoth\u00e9qu\u00e9e"},"content":{"rendered":"<div class=\"post-cont-in left relative\">\n<div id=\"post-info-wrap\" class=\"left relative post-info-out\">\n<div class=\"post-info-img left relative\"><img loading=\"lazy\" decoding=\"async\" alt=\"\" src=\"https:\/\/secure.gravatar.com\/avatar\/047123be9d5e8513774383916ee72db2?s=50&amp;d=mm&amp;r=g\" srcset=\"https:\/\/secure.gravatar.com\/avatar\/047123be9d5e8513774383916ee72db2?s=100&amp;d=mm&amp;r=g 2x\" class=\"avatar avatar-50 photo\" height=\"50\" width=\"50\"\/><\/div>\n<div class=\"post-info-in\">\n<div class=\"post-info-right left relative post-info-name left relative\"><span><span class=\"post-info-text\">Par<\/span> <span class=\"author-name vcard fn author\"><a href=\"https:\/\/www.tunisienumerique.com\/author\/lm\/\" title=\"Articles par LM\" rel=\"author\">LM<\/a><\/span><\/span> <span class=\"post-date updated\"><time class=\"post-date updated\" datetime=\"2021-01-21\">\u00a0| Il y a 23 secondes<\/time><\/span><\/div>\n<div class=\"left relative\"><button id=\"listenButton1\" class=\"responsivevoice-button\" type=\"button\" value=\"Play\" title=\"&#xC9;coutez l'article\"><span>\ud83d\udd0a \u00c9coutez l&rsquo;article<\/span><\/button> <\/div>\n<\/div>\n<\/div>\n<p>Si l\u2019ann\u00e9e scolaire derni\u00e8re a r\u00e9ussi, tant bien que mal, \u00e0 passer \u00e0 travers les mailles de l\u2019\u00e9pid\u00e9mie du covid, et a \u00eatre parachev\u00e9e, m\u00eame si c\u2019\u00e9tait tr\u00e8s partiel, l\u2019ann\u00e9e en cours demeure fortement hypoth\u00e9qu\u00e9e.<\/p>\n<div class=\"code-block code-block-1 c4\"><ins class=\"adsbygoogle c3\" data-ad-layout=\"in-article\" data-ad-format=\"fluid\" data-ad-client=\"ca-pub-2102118777505746\" data-ad-slot=\"7301775417\"\/> <\/div>\n<p>En effet, elle \u00e9tait, d\u00e9j\u00e0, mal partie avec dispensation des cours un jour sur deux, et ne voila-t-il pas qu\u2019elle est, en plus, menac\u00e9e par des suspensions r\u00e9p\u00e9t\u00e9es des cours, qu\u2019elles soient limit\u00e9es \u00e0 certaines r\u00e9gions ou villes, ou g\u00e9n\u00e9ralis\u00e9es sur toutes les institutions du pays. Et ce, au gr\u00e9 de l\u2019\u00e9volution, d\u00e9cid\u00e9ment impr\u00e9visible de la maladie.<\/p>\n<p>Mais, paradoxalement, ce n\u2019est pas l\u2019\u00e9pid\u00e9mie qui repr\u00e9sente la plus grande menace pour l\u2019ann\u00e9e scolaire en cours.<\/p>\n<p>La saison demeure, bien plus, hypoth\u00e9qu\u00e9e, du fait de deux gr\u00e8ves ouvertes qui \u00e9voluent et durent, sous silence, depuis pr\u00e8s de deux mois.<\/p>\n<p>En effet, les surveillants et surveillants g\u00e9n\u00e9raux d\u2019un c\u00f4t\u00e9, et les cadres administratifs, de l\u2019autre, m\u00e8nent une gr\u00e8ve ouverte, depuis plus de cinquante jours. Une gr\u00e8ve qu\u2019ils observent pour des revendications, certes, l\u00e9gitimes, mais qui ne menacent pas moins l\u2019ann\u00e9e scolaire et l\u2019avenir de nos enfants.<\/p>\n<p>Il faut reconnaitre que les revendications de ces cadres ont \u00e9t\u00e9 d\u00e9cid\u00e9es et accord\u00e9es, depuis deux ans, mais qui n\u2019ont, jusqu\u2019\u00e0 pr\u00e9sent, pas \u00e9t\u00e9 mises en application, car elles d\u00e9passent la comp\u00e9tence du ministre de l\u2019\u00e9ducation, car ce sont des revendications communes \u00e0 tous les corps de m\u00e9tiers et que si l\u2019Etat les accorde \u00e0 ces cadres de l\u2019enseignement, il va subir l\u2019avalanche des demandes des autres d\u00e9partements.<\/p>\n<p>Entretemps, et malgr\u00e9 la reprise imminente des cours, la situation demeure explosive, car, imaginons, par exemple, que ces cadres gr\u00e9vistes aient mis \u00e0 ex\u00e9cution leur menace de ne pas pr\u00e9parer le versement des salaires des enseignants, qu\u2019en aura-t-il \u00e9t\u00e9, des quelques 250\u00a0000 cadres qui auront \u00e9t\u00e9 dans l\u2019incapacit\u00e9 de percevoir leurs salaires\u00a0?<\/p>\n<div class=\"swp_social_panel swp_horizontal_panel swp_flat_fresh swp_default_full_color swp_individual_full_color swp_other_full_color scale-100 scale-\" data-min-width=\"1100\" data-float-color=\"#ffffff\" data-float=\"bottom\" data-float-mobile=\"bottom\" data-transition=\"slide\">\n<div class=\"nc_tweetContainer swp_share_button total_shares total_sharesalt\"><span class=\"swp_count\">0 <span class=\"swp_label\">Partages<\/span><\/span><\/div>\n<\/div>\n<p><strong>Que se passe-t-il en Tunisie?<\/strong><br \/>Nous expliquons sur notre <a href=\"https:\/\/www.youtube.com\/channel\/UCRzypVq0B_yBad5eGrwBx0Q?sub_confirmation=1\" target=\"_blank\" rel=\"noopener\">cha\u00eene YouTube<\/a> . <a href=\"https:\/\/www.youtube.com\/channel\/UCRzypVq0B_yBad5eGrwBx0Q?sub_confirmation=1\" target=\"_blank\" rel=\"noopener\">Abonnez-vous!<\/a><\/p>\n<div class=\"mvp-org-wrap mvp-org-logo\" itemprop=\"publisher\"><img decoding=\"async\" src=\"https:\/\/www.tunisienumerique.com\/wp-content\/uploads\/2017\/02\/logo_tunisie_numerique.png\"\/><\/div>\n<div class=\"mvp-related-posts left relative\">\n<h4 class=\"post-header\"><span class=\"post-header\">Lire aussi<\/span><\/h4>\n<\/div>\n<div id=\"article-ad\"><ins class=\"adsbygoogle c5\" data-ad-client=\"ca-pub-2102118777505746\" data-ad-slot=\"6513972734\" data-ad-format=\"auto\" data-full-width-responsive=\"true\"\/> <\/div>\n<\/div>\n<div id=\"post-sidebar-wrap\"><ins class=\"adsbygoogle c5\" data-ad-client=\"ca-pub-2102118777505746\" data-ad-slot=\"6168283410\" data-ad-format=\"auto\" data-full-width-responsive=\"true\"\/> <\/div>\n<p>Auteur: LM<br \/>\n<a href=\"https:\/\/www.tunisienumerique.com\/tunisie-malgre-la-reprise-des-cours-ce-lundi-lannee-scolaire-demeure-hypothequee\/\">Cliquez ici pour lire l&rsquo;article depuis sa source.<\/a><\/p>\n","protected":false},"excerpt":{"rendered":"<p>Par LM \u00a0| Il y a 23 secondes \ud83d\udd0a \u00c9coutez l&rsquo;article Si l\u2019ann\u00e9e scolaire derni\u00e8re a r\u00e9ussi, tant bien que mal, \u00e0 passer \u00e0 travers les mailles de l\u2019\u00e9pid\u00e9mie du covid, et a \u00eatre parachev\u00e9e, m\u00eame si c\u2019\u00e9tait tr\u00e8s partiel, l\u2019ann\u00e9e en cours demeure fortement hypoth\u00e9qu\u00e9e. En effet, elle \u00e9tait, d\u00e9j\u00e0, mal partie avec dispensation [&hellip;]<\/p>\n","protected":false},"author":1789,"featured_media":0,"comment_status":"closed","ping_status":"closed","sticky":false,"template":"","format":"standard","meta":{"fifu_image_url":"https:\/\/secure.gravatar.com\/avatar\/047123be9d5e8513774383916ee72db2?s=50&d=mm&r=g","fifu_image_alt":"Tunisie \u2013 Malgr\u00e9 la reprise des cours ce lundi\u2026 L\u2019ann\u00e9e scolaire demeure hypoth\u00e9qu\u00e9e","footnotes":""},"categories":[73,55],"tags":[],"class_list":["post-109745","post","type-post","status-publish","format-standard","hentry","category-actualite","category-tunisie"],"_links":{"self":[{"href":"https:\/\/linitiative.ca\/International\/wp-json\/wp\/v2\/posts\/109745","targetHints":{"allow":["GET"]}}],"collection":[{"href":"https:\/\/linitiative.ca\/International\/wp-json\/wp\/v2\/posts"}],"about":[{"href":"https:\/\/linitiative.ca\/International\/wp-json\/wp\/v2\/types\/post"}],"author":[{"embeddable":true,"href":"https:\/\/linitiative.ca\/International\/wp-json\/wp\/v2\/users\/1789"}],"replies":[{"embeddable":true,"href":"https:\/\/linitiative.ca\/International\/wp-json\/wp\/v2\/comments?post=109745"}],"version-history":[{"count":0,"href":"https:\/\/linitiative.ca\/International\/wp-json\/wp\/v2\/posts\/109745\/revisions"}],"wp:attachment":[{"href":"https:\/\/linitiative.ca\/International\/wp-json\/wp\/v2\/media?parent=109745"}],"wp:term":[{"taxonomy":"category","embeddable":true,"href":"https:\/\/linitiative.ca\/International\/wp-json\/wp\/v2\/categories?post=109745"},{"taxonomy":"post_tag","embeddable":true,"href":"https:\/\/linitiative.ca\/International\/wp-json\/wp\/v2\/tags?post=109745"}],"curies":[{"name":"wp","href":"https:\/\/api.w.org\/{rel}","templated":true}]}}