{"id":109747,"date":"2021-01-21T15:18:35","date_gmt":"2021-01-21T20:18:35","guid":{"rendered":"https:\/\/linitiative.ca\/International\/blocage-par-les-rebelles-centrafricains-de-camions-de-marchandises-la-communaute-internationale-doit-siffler-la-fin-de-la-recreation\/"},"modified":"2021-01-21T15:18:35","modified_gmt":"2021-01-21T20:18:35","slug":"blocage-par-les-rebelles-centrafricains-de-camions-de-marchandises-la-communaute-internationale-doit-siffler-la-fin-de-la-recreation","status":"publish","type":"post","link":"https:\/\/linitiative.ca\/International\/blocage-par-les-rebelles-centrafricains-de-camions-de-marchandises-la-communaute-internationale-doit-siffler-la-fin-de-la-recreation\/","title":{"rendered":"BLOCAGE PAR LES REBELLES CENTRAFRICAINS, DE CAMIONS DE MARCHANDISES: La communaut\u00e9 internationale doit siffler la fin de la recr\u00e9ation"},"content":{"rendered":"<p class=\"c4\">D\u00e9cid\u00e9ment, les groupes arm\u00e9s centrafricains r\u00e9unis au sein de la Coalition des patriotes pour le changement (CPC), n\u2019en d\u00e9mordent pas. En effet, apr\u00e8s avoir \u00e9chou\u00e9 \u00e0 emp\u00eacher co\u00fbte que co\u00fbte la tenue de la pr\u00e9sidentielle et des l\u00e9gislatives du 27 d\u00e9cembre 2020, ils font maintenant feu de tout bois pour pourrir la vie au pr\u00e9sident Faustin Archange Touad\u00e9ra dont la victoire a \u00e9t\u00e9 confirm\u00e9e en \u00a0d\u00e9but de semaine en cours par la Cour constitutionnelle. Ce faisant, apr\u00e8s les attaques tous azimuts dont certaines ont \u00e9t\u00e9 perp\u00e9tr\u00e9es dans les p\u00e9riph\u00e9ries de Bangui, Fran\u00e7ois Boziz\u00e9 et sa bande de criminels ont d\u00e9velopp\u00e9 une autre strat\u00e9gie. Ils ont proc\u00e9d\u00e9 au blocage syst\u00e9matique de pr\u00e8s de 1500 camions dont ceux du Programme alimentaire mondial (PAM) en provenance du Cameroun. Tant et si bien que le trafic sur l\u2019axe Douala-Bangui qui est pourtant tr\u00e8s vital, s\u2019en trouve consid\u00e9rablement r\u00e9duit. Pour avoir la vie sauve, certains transporteurs ont d\u00fb n\u00e9gocier avec les rebelles qui ne se g\u00eanent pas de leur extorquer de l\u2019argent. \u00ab\u00a0<em>Chaque camion a pay\u00e9 100 000 F CFA. Pour ceux qui n\u2019avaient pas d\u2019argent comme moi, nous avons vid\u00e9 nos r\u00e9servoirs de carburant. Nous avons vendu l\u2019essence afin de leur donner de l\u2019argent\u00a0<\/em>\u00bb, raconte un des camionneurs bloqu\u00e9s. Or, la plupart des camions bloqu\u00e9s transportent des vivres frais dont certains commencent \u00e0 se d\u00e9composer, au grand dam des populations centrafricaines qui en ont besoin.<\/p>\n<p class=\"c4\"><strong>Tant que le rapport de forces sera en leur faveur, Boziz\u00e9 et ses sbires ne plieront pas<\/strong><\/p>\n<p class=\"c4\">C\u2019est donc clair pour ceux qui en doutaient encore. En proc\u00e9dant au blocage syst\u00e9matique de ces camions de marchandises, les groupes arm\u00e9s veulent non seulement profiter se faire une sant\u00e9 financi\u00e8re sur la base d\u2019exp\u00e9dients, mais aussi asphyxier Bangui afin de provoquer <em>in fine<\/em> une implosion sociale. Y parviendront-ils\u00a0? La question reste pos\u00e9e. Mais une chose est certaine\u00a0: si la communaut\u00e9 internationale ne tape pas du poing sur la table, elle assistera, impuissante, \u00e0 la partition de la RCA, surtout que les groupes arm\u00e9s contr\u00f4lent pr\u00e8s des \u00be du pays.\u00a0 En tout cas, maintenant que la victoire du pr\u00e9sident Touad\u00e9ra a \u00e9t\u00e9 confirm\u00e9e par la plus haute juridiction centrafricaine, il est temps de siffler la fin de la r\u00e9cr\u00e9ation. Pour ce faire, les Forces arm\u00e9es centrafricaines (FACA) et leurs alli\u00e9es russes, rwandaises et la MINUSMA se doivent d\u2019aller au front pour r\u00e9duire la voilure des groupes arm\u00e9s qui, en d\u00e9pit des multiples accords de paix, refusent de rentrer dans les rangs. Car, tant que le rapport de forces sera en leur faveur, Boziz\u00e9 et ses sbires ne plieront pas. Bien au contraire, ils continueront de narguer les autorit\u00e9s de Bangui.<\/p>\n<p class=\"c4\"><strong>\u00a0<\/strong><\/p>\n<p class=\"c4\"><strong>B.O<\/strong><\/p>\n<p>Auteur: Le Pays<br \/>\n<a href=\"https:\/\/lepays.bf\/blocage-par-les-rebelles-centrafricains-de-camions-de-marchandises-la-communaute-internationale-doit-siffler-la-fin-de-la-recreation\/\">Cliquez ici pour lire l&rsquo;article depuis sa source.<\/a><\/p>\n","protected":false},"excerpt":{"rendered":"<p>D\u00e9cid\u00e9ment, les groupes arm\u00e9s centrafricains r\u00e9unis au sein de la Coalition des patriotes pour le changement (CPC), n\u2019en d\u00e9mordent pas. En effet, apr\u00e8s avoir \u00e9chou\u00e9 \u00e0 emp\u00eacher co\u00fbte que co\u00fbte la tenue de la pr\u00e9sidentielle et des l\u00e9gislatives du 27 d\u00e9cembre 2020, ils font maintenant feu de tout bois pour pourrir la vie au pr\u00e9sident [&hellip;]<\/p>\n","protected":false},"author":1813,"featured_media":0,"comment_status":"closed","ping_status":"closed","sticky":false,"template":"","format":"standard","meta":{"fifu_image_url":"","fifu_image_alt":"","footnotes":""},"categories":[73,81],"tags":[],"class_list":["post-109747","post","type-post","status-publish","format-standard","hentry","category-actualite","category-burkina-faso"],"_links":{"self":[{"href":"https:\/\/linitiative.ca\/International\/wp-json\/wp\/v2\/posts\/109747","targetHints":{"allow":["GET"]}}],"collection":[{"href":"https:\/\/linitiative.ca\/International\/wp-json\/wp\/v2\/posts"}],"about":[{"href":"https:\/\/linitiative.ca\/International\/wp-json\/wp\/v2\/types\/post"}],"author":[{"embeddable":true,"href":"https:\/\/linitiative.ca\/International\/wp-json\/wp\/v2\/users\/1813"}],"replies":[{"embeddable":true,"href":"https:\/\/linitiative.ca\/International\/wp-json\/wp\/v2\/comments?post=109747"}],"version-history":[{"count":0,"href":"https:\/\/linitiative.ca\/International\/wp-json\/wp\/v2\/posts\/109747\/revisions"}],"wp:attachment":[{"href":"https:\/\/linitiative.ca\/International\/wp-json\/wp\/v2\/media?parent=109747"}],"wp:term":[{"taxonomy":"category","embeddable":true,"href":"https:\/\/linitiative.ca\/International\/wp-json\/wp\/v2\/categories?post=109747"},{"taxonomy":"post_tag","embeddable":true,"href":"https:\/\/linitiative.ca\/International\/wp-json\/wp\/v2\/tags?post=109747"}],"curies":[{"name":"wp","href":"https:\/\/api.w.org\/{rel}","templated":true}]}}