{"id":109749,"date":"2021-01-21T15:28:21","date_gmt":"2021-01-21T20:28:21","guid":{"rendered":"https:\/\/linitiative.ca\/International\/assassinat-dun-pretre-dans-les-cascades-aider-letat-a-garantir-la-securite-pour-tous\/"},"modified":"2021-01-21T15:28:21","modified_gmt":"2021-01-21T20:28:21","slug":"assassinat-dun-pretre-dans-les-cascades-aider-letat-a-garantir-la-securite-pour-tous","status":"publish","type":"post","link":"https:\/\/linitiative.ca\/International\/assassinat-dun-pretre-dans-les-cascades-aider-letat-a-garantir-la-securite-pour-tous\/","title":{"rendered":"ASSASSINAT D\u2019UN PRETRE DANS LES CASCADES: Aider l\u2019Etat \u00e0 garantir la s\u00e9curit\u00e9 pour tous"},"content":{"rendered":"<p class=\"c4\">Le 19 janvier dernier, Mgr Lucas Kalfa Sanou avait annonc\u00e9, dans un communiqu\u00e9, ceci\u00a0: <em>\u00ab\u00a0L\u2019abb\u00e9 Rodrigue Sanou, cur\u00e9 de la paroisse notre Dame de Soubakani\u00e9dougou, est port\u00e9 disparu ce 19 janvier\u00a0<\/em>\u00bb. Et l\u2019\u00e9v\u00eaque d\u2019ajouter la pr\u00e9cision suivante\u00a0: \u00ab\u00a0<em>Il avait quitt\u00e9 Soubakani\u00e9dougou pour Banfora afin de participer \u00e0 une r\u00e9union mais n\u2019est jamais arriv\u00e9 \u00e0 destination<\/em>\u00a0\u00bb. Pour une mauvaise nouvelle, c\u2019en \u00e9tait une. Et l\u2019\u00e9motion \u00e9tait grande \u00a0au sein de la communaut\u00e9 catholique. Au-del\u00e0, c\u2019\u00e9tait l\u2019ensemble des religions et la nation burkinab\u00e8 qui \u00e9taient \u00e9branl\u00e9s par cette triste nouvelle. L\u2019Eglise, dans sa l\u00e9gendaire prudence, avait employ\u00e9 l\u2019expression \u00ab\u00a0<em>port\u00e9 disparu\u00a0<\/em>\u00bb pour qualifier l\u2019\u00e9v\u00e8nement.<\/p>\n<p class=\"c4\">Malheureusement, l\u2019on vient d\u2019apprendre que le corps de l\u2019abb\u00e9 a \u00e9t\u00e9 retrouv\u00e9 sans vie. En attendant que les enqu\u00eates viennent confirmer ou infirmer l\u2019hypoth\u00e8se de l\u2019enl\u00e8vement par des groupes arm\u00e9s terroristes, l\u2019on est tent\u00e9 de privil\u00e9gier la piste terroriste. Car, il y a d\u00e9j\u00e0 eu un cas d\u2019enl\u00e8vement d\u2019un pr\u00eatre au Burkina. En effet, l\u2019abb\u00e9 Jo\u00ebl Yougbar\u00e9, puisque c\u2019est de lui qu\u2019il s\u2019agit, avait \u00e9t\u00e9 enlev\u00e9 par des terroristes en mars 2019 alors qu\u2019il avait quitt\u00e9 Djibo pour une messe dans les environs de ladite ville. Sauf erreur ou omission de notre part, l\u2019on est toujours sans nouvelle de ce pr\u00eatre.<\/p>\n<p class=\"c4\">L\u2019autre \u00e9l\u00e9ment qui pourrait aller dans le sens de l\u2019enl\u00e8vement terroriste, est le suivant\u00a0: Il n\u2019y a pas une seule r\u00e9gion au Burkina sur les 13 que compte le pays, qui soit \u00e0 l\u2019abri des terroristes. Cette mise au point est n\u00e9cessaire car, il se trouve encore des Burkinab\u00e8 qui pensent que seulement le Nord, le Centre-Nord, le Sahel et l\u2019Est du pays sont touch\u00e9s par le ph\u00e9nom\u00e8ne. Ils doivent se d\u00e9tromper. La r\u00e9gion des Cascades est aussi concern\u00e9e. En tout cas, le Sud-Ouest du Burkina Faso est proche de la C\u00f4te d\u2019Ivoire et du Mali. Et c\u2019est tout dire.<\/p>\n<p class=\"c4\"><strong>Tout doit \u00eatre fait pour \u00e9lucider, dans les meilleurs d\u00e9lais, cette affaire<\/strong><\/p>\n<p class=\"c4\">A tout cela, il faut ajouter que les terroristes sont itin\u00e9rants. Ils ont donc la logistique qu\u2019il faut pour se d\u00e9placer d\u2019un point \u00e0 un autre, et cela \u00e0 la vitesse grand V. De mani\u00e8re g\u00e9n\u00e9rale, l\u2019on peut faire le constat que l\u2019Eglise catholique ainsi que l\u2019Eglise protestante sont dans le collimateur des terroristes. En tout cas, les faits sont t\u00eatus. Et les localit\u00e9s suivantes ont \u00e9t\u00e9 les th\u00e9\u00e2tres de violences meurtri\u00e8res \u00e0 l\u2019endroit de ces deux communaut\u00e9s\u00a0: Silgadji (Nord)\u00a0; Dablo (Centre-Nord)\u00a0; Toulf\u00e9 (Nord) Hantoukoura dans le d\u00e9partement de Foutouri, etc.<\/p>\n<p class=\"c4\">Il faut apporter la pr\u00e9cision, car elle vaut son pesant d\u2019or, que les terroristes s\u2019en prennent aussi \u00e0 l\u2019Islam. L\u2019enl\u00e8vement puis l\u2019assassinat de l\u2019Iman de Djibo, peut \u00eatre \u00e9voqu\u00e9 pour illustrer cela. C\u2019\u00e9tait en mi-ao\u00fbt 2019 sur l\u2019axe Kongoussi-Djibo. Avant lui, d\u2019autres Burkinab\u00e8 de la m\u00eame confession, sont pass\u00e9s de vie \u00e0 tr\u00e9pas \u00e0 cause de la folie meurtri\u00e8re des groupes arm\u00e9s terroristes.<\/p>\n<p class=\"c4\">De tout ce qui pr\u00e9c\u00e8de, l\u2019on peut dire que l\u2019hypoth\u00e8se de l\u2019enl\u00e8vement \u00e0 caract\u00e8re terroriste, est fort plausible. \u00a0En attendant que ce meurtre soit revendiqu\u00e9.<\/p>\n<p class=\"c4\">En tout \u00e9tat de cause, toute la communaut\u00e9 nationale, toutes confessions confondues, doit se dresser comme un seul homme, pour aider l\u2019Etat \u00e0 garantir la s\u00e9curit\u00e9 pour tous.<\/p>\n<p class=\"c4\">Car, sans ce pr\u00e9requis, aucune confession religieuse ne peut prosp\u00e9rer. Sans \u00e9galement ce pr\u00e9alable, aucun pays ne peut aspirer au bien-\u00eatre de sa population encore moins au d\u00e9veloppement. En tout cas, tout doit \u00eatre fait pour \u00e9lucider, dans les meilleurs d\u00e9lais, les circonstances de cet assassinat pour autant que l\u2019on ne veuille pas que la psychose s\u2019empare de la r\u00e9gion. En rappel, peu avant le cas de l\u2019Abb\u00e9 Rodrigue Sanou, il y a eu le cas de l\u2019employ\u00e9 de la SN SOSUCO. Ce dernier avait le m\u00eame patronyme et avait \u00e9t\u00e9 retrouv\u00e9 sans vie dans un \u00e9tang apr\u00e8s avoir \u00e9t\u00e9 port\u00e9 disparu depuis plus d\u2019un mois. Cette triste affaire garde encore tous ses myst\u00e8res. L\u2019on n\u2019oublie pas non plus le cas de ces employ\u00e9s d\u2019une soci\u00e9t\u00e9 de t\u00e9l\u00e9phonie qui avaient \u00e9t\u00e9 enlev\u00e9s puis rel\u00e2ch\u00e9s avec l\u2019aide de <em>Dozos<\/em>. Trop, c\u2019est trop\u00a0!<\/p>\n<p class=\"c4\"><strong>Pousdem PICKOUa<\/strong><\/p>\n<p>Auteur: Le Pays<br \/>\n<a href=\"https:\/\/lepays.bf\/assassinat-dun-pretre-dans-les-cascades-aider-letat-a-garantir-la-securite-pour-tous\/\">Cliquez ici pour lire l&rsquo;article depuis sa source.<\/a><\/p>\n","protected":false},"excerpt":{"rendered":"<p>Le 19 janvier dernier, Mgr Lucas Kalfa Sanou avait annonc\u00e9, dans un communiqu\u00e9, ceci\u00a0: \u00ab\u00a0L\u2019abb\u00e9 Rodrigue Sanou, cur\u00e9 de la paroisse notre Dame de Soubakani\u00e9dougou, est port\u00e9 disparu ce 19 janvier\u00a0\u00bb. Et l\u2019\u00e9v\u00eaque d\u2019ajouter la pr\u00e9cision suivante\u00a0: \u00ab\u00a0Il avait quitt\u00e9 Soubakani\u00e9dougou pour Banfora afin de participer \u00e0 une r\u00e9union mais n\u2019est jamais arriv\u00e9 \u00e0 destination\u00a0\u00bb. [&hellip;]<\/p>\n","protected":false},"author":1813,"featured_media":0,"comment_status":"closed","ping_status":"closed","sticky":false,"template":"","format":"standard","meta":{"fifu_image_url":"","fifu_image_alt":"","footnotes":""},"categories":[73,81],"tags":[],"class_list":["post-109749","post","type-post","status-publish","format-standard","hentry","category-actualite","category-burkina-faso"],"_links":{"self":[{"href":"https:\/\/linitiative.ca\/International\/wp-json\/wp\/v2\/posts\/109749","targetHints":{"allow":["GET"]}}],"collection":[{"href":"https:\/\/linitiative.ca\/International\/wp-json\/wp\/v2\/posts"}],"about":[{"href":"https:\/\/linitiative.ca\/International\/wp-json\/wp\/v2\/types\/post"}],"author":[{"embeddable":true,"href":"https:\/\/linitiative.ca\/International\/wp-json\/wp\/v2\/users\/1813"}],"replies":[{"embeddable":true,"href":"https:\/\/linitiative.ca\/International\/wp-json\/wp\/v2\/comments?post=109749"}],"version-history":[{"count":0,"href":"https:\/\/linitiative.ca\/International\/wp-json\/wp\/v2\/posts\/109749\/revisions"}],"wp:attachment":[{"href":"https:\/\/linitiative.ca\/International\/wp-json\/wp\/v2\/media?parent=109749"}],"wp:term":[{"taxonomy":"category","embeddable":true,"href":"https:\/\/linitiative.ca\/International\/wp-json\/wp\/v2\/categories?post=109749"},{"taxonomy":"post_tag","embeddable":true,"href":"https:\/\/linitiative.ca\/International\/wp-json\/wp\/v2\/tags?post=109749"}],"curies":[{"name":"wp","href":"https:\/\/api.w.org\/{rel}","templated":true}]}}