{"id":109750,"date":"2021-01-21T15:35:17","date_gmt":"2021-01-21T20:35:17","guid":{"rendered":"https:\/\/linitiative.ca\/International\/elargissement-du-sg-du-pdci-rda-un-pas-de-plus-vers-la-decrispation\/"},"modified":"2021-01-21T15:35:17","modified_gmt":"2021-01-21T20:35:17","slug":"elargissement-du-sg-du-pdci-rda-un-pas-de-plus-vers-la-decrispation","status":"publish","type":"post","link":"https:\/\/linitiative.ca\/International\/elargissement-du-sg-du-pdci-rda-un-pas-de-plus-vers-la-decrispation\/","title":{"rendered":"ELARGISSEMENT DU SG DU PDCI-RDA: Un pas de plus vers la d\u00e9crispation"},"content":{"rendered":"<p class=\"c4\">Apr\u00e8s le pr\u00e9sident l\u00e9gal du Front populaire ivoirien (FPI), Pascal Affi Nguessan, c\u2019est au tour du Secr\u00e9taire g\u00e9n\u00e9ral du Parti d\u00e9mocratique de C\u00f4te d\u2019Ivoire\/Rassemblement d\u00e9mocratique africain (PDCI\/RDA), Maurice Kakou Guikahu\u00e9, de b\u00e9n\u00e9ficier d\u2019une mesure de cl\u00e9mence de la part de la Justice ivoirienne qui a prononc\u00e9 sa lib\u00e9ration, m\u00eame s\u2019il reste encore sous contr\u00f4le judiciaire. C\u2019\u00e9tait le 19 janvier dernier, alors que l\u2019int\u00e9ress\u00e9 est toujours en s\u00e9jour sanitaire en France, depuis le 20 d\u00e9cembre dernier, suite \u00e0 la d\u00e9t\u00e9rioration subite de son \u00e9tat de sant\u00e9 au moment de sa d\u00e9tention \u00e0 Abidjan. Il attend de rentrer au pays apr\u00e8s ses derniers examens m\u00e9dicaux dans l\u2019Hexagone.<\/p>\n<p class=\"c4\">Le moins que l\u2019on puisse dire, c\u2019est que l\u2019\u00e9largissement du SG du PDCI\/RDA est un pas de plus vers la d\u00e9crispation en C\u00f4te d\u2019Ivoire. D\u2019autant que dans le m\u00eame temps, certaines sources annoncent aussi la lib\u00e9ration d\u2019un autre cadre et pas des moindres du parti de l\u2019El\u00e9phant, Narcisse N\u2019Dri, qui avait \u00e9t\u00e9 \u00e9crou\u00e9 \u00e0 la Maison d\u2019arr\u00eat et de correction d\u2019Abidjan (MACA) au m\u00eame moment et dans les m\u00eames circonstances que le professeur cardiologue.<\/p>\n<p class=\"c4\"><strong>En multipliant les gestes de bonne volont\u00e9, le pouvoir d\u2019Abidjan montre sa disposition \u00e0 aller \u00e0 l\u2019apaisement<\/strong><\/p>\n<p class=\"c4\">Le tout dans un contexte o\u00f9 le leader de l\u2019UDPCI, Albert Mabri Toikeusse, poursuivi avec les leaders sus-cit\u00e9s de l\u2019opposition qui font\u00a0 l\u2019objet d\u2019enqu\u00eates pour \u00a0\u00ab<em>mouvement insurrectionnel<\/em>\u00a0\u00bb, \u00ab\u00a0<em>complot contre l\u2019autorit\u00e9 de l\u2019Etat<\/em>\u00a0\u00bb, \u00ab<em>\u00a0assassinat<\/em>\u00a0\u00bb et \u00ab<em>\u00a0actes de terrorisme\u00a0<\/em>\u00bb suite aux violences \u00e9lectorales de 2020 et la mise en place, par l\u2019opposition, d\u2019un \u00ab\u00a0<em>Conseil national de la Transition<\/em>\u00a0\u00bb cens\u00e9 se substituer au r\u00e9gime en place, a aussi sign\u00e9 son retour au bercail en d\u00e9but d\u2019ann\u00e9e, apr\u00e8s quelques mois de cavale. Il faut rappeler que ces lib\u00e9rations entrent dans le cadre du dialogue politique engag\u00e9 entre l\u2019opposition et le pouvoir en vue d\u2019un apaisement du climat sociopolitique, suite \u00e0 la r\u00e9\u00e9lection controvers\u00e9e d\u2019Alassane Dramane Ouattara (ADO) pour un troisi\u00e8me mandat qui pose des probl\u00e8mes de l\u00e9galit\u00e9 et de l\u00e9gitimit\u00e9 \u00e0 ses contempteurs. Cela est une bonne chose. Car, en multipliant les gestes de bonne volont\u00e9, le pouvoir d\u2019Abidjan montre sa disposition \u00e0 aller \u00e0 l\u2019apaisement,\u00a0 voire \u00e0 redresser la barre tordue de la d\u00e9mocratie une fois de plus rudement \u00e9prouv\u00e9e par les questions \u00e9lectorales.<\/p>\n<p class=\"c4\">En tout cas, c\u2019est la lecture que l\u2019on peut faire de la prolongation, de deux jours, du d\u00e9lai de d\u00e9p\u00f4t des candidatures aux l\u00e9gislatives, en r\u00e9ponse \u00e0 de nombreuses requ\u00eates de l\u2019opposition.\u00a0 M\u00eame si certains\u00a0 pourraient y voir des calculs politiciens ou encore une strat\u00e9gie pour amener l\u2019opposition ivoirienne \u00e0 une forte participation aux prochaines l\u00e9gislatives apr\u00e8s le boycott actif de la pr\u00e9sidentielle qui a fortement macul\u00e9 le troisi\u00e8me mandat de <em>l\u2019enfant de Kong<\/em>.\u00a0 Ce d\u00e9lai suppl\u00e9mentaire pour le d\u00e9p\u00f4t des candidatures \u00e0 la d\u00e9putation, suffira-t-il \u00e0 l\u2019opposition pour aplanir toutes les difficult\u00e9s en vue d\u2019une participation cons\u00e9quente \u00e0 ce scrutin qui ne manque pas d\u2019enjeux\u00a0? On attend de voir. Mais d\u2019ores et d\u00e9j\u00e0, cette volont\u00e9 de r\u00e9ouverture du jeu d\u00e9mocratique par les autorit\u00e9s d\u2019Abidjan, est un geste qui vaut son pesant\u2026 d\u2019apaisement du climat sociopolitique en Eburnie.<\/p>\n<p class=\"c4\"><strong>Il est temps de panser les plaies du pass\u00e9 pour songer \u00e0 recoudre le tissu social<\/strong><\/p>\n<p class=\"c4\">C\u2019est un pas de plus dans la bonne direction. Et cela devrait amener l\u2019opposition politique \u00e0 mettre aussi de l\u2019eau dans son discours, en rompant avec le radicalisme et les propos va-t-en-guerre, pour donner plus de chances \u00e0 la r\u00e9conciliation nationale que les Ivoiriens appellent de leurs v\u0153ux mais qui se fait toujours attendre depuis plus d\u2019une d\u00e9cennie. Car, il est temps de panser les plaies du pass\u00e9 pour songer \u00e0 recoudre le tissu social depuis la profonde d\u00e9chirure de 2010. La C\u00f4te d\u2019Ivoire a besoin d\u2019aller de l\u2019avant. Pour cela, il faut cesser de ressasser le pass\u00e9 au risque de compromettre la coh\u00e9sion sociale sur l\u2019autel de ranc\u0153urs mal contenues.<\/p>\n<p class=\"c4\">En tout \u00e9tat de cause, si cette ouverture du pr\u00e9sident ADO envers l\u2019opposition n\u2019est pas une fa\u00e7on voil\u00e9e de battre sa coulpe sur la question de son troisi\u00e8me mandat, elle ressemble, \u00e0 s\u2019y m\u00e9prendre, \u00e0 une op\u00e9ration de charme en vue de se r\u00e9habiliter, autant que faire se peut, aux yeux de cette partie de l\u2019opinion nationale et internationale qui reste encore assez critique sur son nouveau mandat qui appara\u00eet, \u00e0 bien des \u00e9gards, comme le mandat de trop. C\u2019est pourquoi l\u2019\u00e9largissement de Maurice Guikahu\u00e9 appara\u00eet \u00e0 la fois comme une mesure politique, mais aussi humanitaire envers le septuag\u00e9naire et val\u00e9tudinaire influent leader politique du plus vieux parti de C\u00f4te d\u2019Ivoire, qui semble avoir encore de la ressource \u00e0 revendre puisqu\u2019on l\u2019annonce d\u00e9j\u00e0 sur la ligne de d\u00e9part de la bataille des l\u00e9gislatives au compte de son parti, dans sa circonscription \u00e9lectorale \u00e0 Gagnoa sous-pr\u00e9fecture. Si cela peut contribuer \u00e0 un r\u00e9\u00e9quilibrage des forces politiques sur les bords de la lagune <em>Ebri\u00e9<\/em>, c\u2019est tant mieux pour la d\u00e9mocratie ivoirienne qui a besoin, comme toute bonne d\u00e9mocratie, d\u2019un v\u00e9ritable contre-pouvoir pour mieux s\u2019exprimer. Autrement, le risque est grand de voir le parti du pr\u00e9sident ADO dominer encore outrageusement la sc\u00e8ne politique ivoirienne pour des ann\u00e9es, d\u00e9j\u00e0 que des l\u00e9zardes sont apparues au sein de l\u2019opposition dont la volont\u00e9 tant serin\u00e9e d\u2019aller \u00e0 ces l\u00e9gislatives en front uni contre le RHDP, n\u2019a pu d\u00e9passer le seuil des bonnes intentions. C\u2019est dire si dans sa croisade jusque-l\u00e0 infructueuse contre ADO, l\u2019opposition ivoirienne n\u2019est pas sans reproches\u00a0; elle qui, face au pouvoir, brille par l\u2019incapacit\u00e9 de ses leaders \u00e0 transcender leurs <em>ego<\/em> et se mettre au-dessus de leurs int\u00e9r\u00eats partisans, pour offrir aux Ivoiriens, l\u2019alternative d\u2019une v\u00e9ritable offre politique.<\/p>\n<p class=\"c4\"><strong><em>\u00ab\u00a0Le Pays\u00a0\u00bb<\/em><\/strong><\/p>\n<p class=\"c4\"><strong>\u00a0<\/strong><\/p>\n<p class=\"c4\"><strong>\u00a0<\/strong><\/p>\n<p class=\"c4\"><strong>\u00a0<\/strong><\/p>\n<p>Auteur: Le Pays<br \/>\n<a href=\"https:\/\/lepays.bf\/elargissement-du-sg-du-pdci-rda-un-pas-de-plus-vers-la-decrispation\/\">Cliquez ici pour lire l&rsquo;article depuis sa source.<\/a><\/p>\n","protected":false},"excerpt":{"rendered":"<p>Apr\u00e8s le pr\u00e9sident l\u00e9gal du Front populaire ivoirien (FPI), Pascal Affi Nguessan, c\u2019est au tour du Secr\u00e9taire g\u00e9n\u00e9ral du Parti d\u00e9mocratique de C\u00f4te d\u2019Ivoire\/Rassemblement d\u00e9mocratique africain (PDCI\/RDA), Maurice Kakou Guikahu\u00e9, de b\u00e9n\u00e9ficier d\u2019une mesure de cl\u00e9mence de la part de la Justice ivoirienne qui a prononc\u00e9 sa lib\u00e9ration, m\u00eame s\u2019il reste encore sous contr\u00f4le judiciaire. [&hellip;]<\/p>\n","protected":false},"author":1813,"featured_media":0,"comment_status":"closed","ping_status":"closed","sticky":false,"template":"","format":"standard","meta":{"fifu_image_url":"","fifu_image_alt":"","footnotes":""},"categories":[73,81],"tags":[],"class_list":["post-109750","post","type-post","status-publish","format-standard","hentry","category-actualite","category-burkina-faso"],"_links":{"self":[{"href":"https:\/\/linitiative.ca\/International\/wp-json\/wp\/v2\/posts\/109750","targetHints":{"allow":["GET"]}}],"collection":[{"href":"https:\/\/linitiative.ca\/International\/wp-json\/wp\/v2\/posts"}],"about":[{"href":"https:\/\/linitiative.ca\/International\/wp-json\/wp\/v2\/types\/post"}],"author":[{"embeddable":true,"href":"https:\/\/linitiative.ca\/International\/wp-json\/wp\/v2\/users\/1813"}],"replies":[{"embeddable":true,"href":"https:\/\/linitiative.ca\/International\/wp-json\/wp\/v2\/comments?post=109750"}],"version-history":[{"count":0,"href":"https:\/\/linitiative.ca\/International\/wp-json\/wp\/v2\/posts\/109750\/revisions"}],"wp:attachment":[{"href":"https:\/\/linitiative.ca\/International\/wp-json\/wp\/v2\/media?parent=109750"}],"wp:term":[{"taxonomy":"category","embeddable":true,"href":"https:\/\/linitiative.ca\/International\/wp-json\/wp\/v2\/categories?post=109750"},{"taxonomy":"post_tag","embeddable":true,"href":"https:\/\/linitiative.ca\/International\/wp-json\/wp\/v2\/tags?post=109750"}],"curies":[{"name":"wp","href":"https:\/\/api.w.org\/{rel}","templated":true}]}}