{"id":109758,"date":"2021-01-21T15:18:02","date_gmt":"2021-01-21T20:18:02","guid":{"rendered":"https:\/\/linitiative.ca\/International\/dao-gabala-veut-une-normalisation-de-la-fif-avant-le-31-decembre-2021\/"},"modified":"2021-01-21T15:18:02","modified_gmt":"2021-01-21T20:18:02","slug":"dao-gabala-veut-une-normalisation-de-la-fif-avant-le-31-decembre-2021","status":"publish","type":"post","link":"https:\/\/linitiative.ca\/International\/dao-gabala-veut-une-normalisation-de-la-fif-avant-le-31-decembre-2021\/","title":{"rendered":"Dao Gabala veut une normalisation de la FIF \u00ab\u00a0avant le 31 d\u00e9cembre 2021\u00a0\u00bb"},"content":{"rendered":"<div readability=\"32\">\n<p>Publi\u00e9 le 21.01.2021 \u00e0 21h18 par APA News<\/p>\n<\/div>\n<div readability=\"136\">\n<p>La pr\u00e9sidente du Comit\u00e9 de normalisation de la F\u00e9d\u00e9ration ivoirienne de football (FIF), Dao Gabala, a souhait\u00e9 jeudi remettre le football ivoirien \u00e0 flot dans \u00ab\u00a0un d\u00e9lai tr\u00e8s court\u00a0\u00bb, voire \u00ab\u00a0avant le 31 d\u00e9cembre 2021\u00a0\u00bb.<\/p>\n<p>Mme Dao Gabala a d\u00e9clin\u00e9 sa vision, au si\u00e8ge de la FIF, \u00a0\u00e0 Treichville, dans le Sud d\u2019Abidjan, \u00a0\u00e0 l\u2019occasion de l\u2019installation officielle du Comit\u00e9 de normalisation de la FIF, en pr\u00e9sence du directeur de Cabinet du minist\u00e8re ivoirien des Sports, Allah Yao.<\/p>\n<p>\u00ab\u00a0D\u00e8s cet apr\u00e8s-midi, nous allons avoir une s\u00e9ance de travail avec le directeur ex\u00e9cutif et son \u00e9quipe pour voir ensemble qu\u2019elles sont les urgences auxquelles il faut palier maintenant et mettre en place un plan strat\u00e9gique pour qu\u2019avant le 31 d\u00e9cembre 2021 le bateau ivoire coule calmement \u00e0 flot sur des eaux paisibles, mais soit forte pour passer les temp\u00eates\u00a0\u00bb, a d\u00e9clar\u00e9 Mme Gabala.<\/p>\n<p>Pour elle, c\u2019est une \u00e9quipe qui monte pour assurer cette mission de normalisation de la FIF. Elle n\u2019a \u00ab\u00a0pas le droit d\u2019\u00e9chouer\u00a0\u00bb. Et ce, afin qu&rsquo;\u00a0\u00bbensemble, dans un d\u00e9lai tr\u00e8s court, nous puissions remettre le bateau du foot ivoire \u00e0 flot\u00a0\u00bb.<\/p>\n<p>\u00ab\u00a0L\u2019enjeu est national (\u2026) nous devons \u00eatre capable de remettre le championnat en route, et ce championnat, c\u2019est le c\u0153ur de m\u00e9tier. Ce que les Ivoiriens attendent, c\u2019est que ce championnat reprenne\u00a0\u00bb pour permettre aux jeunes d\u2019exprimer leurs talents, a-t-elle lanc\u00e9.<\/p>\n<p>Elle a appel\u00e9 tous les acteurs \u00ab\u00a0\u00e0 la d\u00e9fense pour prot\u00e9ger la maison ivoire\u00a0\u00bb, avant d\u2019ajouter \u00ab\u00a0vous allez nous juger aux r\u00e9sultats, mais nous sommes une \u00e9quipe de mission (\u2026) et on ne peut pas r\u00e9aliser une mission seule, elle se r\u00e9alise avec l\u2019ensemble des acteurs\u00a0\u00bb.\u00a0<\/p>\n<p>D\u00e8s la semaine prochaine, le Comit\u00e9 de normalisation de la FIF, pr\u00e9voit avec la direction ex\u00e9cutive, commencer \u00e0 rencontrer toutes les parties prenantes afin de les \u00e9couter, observer et ensuite travailler pour remettre les choses \u00e0 la \u00ab\u00a0normalit\u00e9 le plus rapidement possible\u00a0\u00bb, a poursuivi Mme Dao Gabala.\u00a0<\/p>\n<p>Ce Comit\u00e9 a quatre missions principales, \u00e0 savoir la gouvernance qui consiste en la gestion des affaires courantes, une mission juridique visant la r\u00e9vision des statuts, ainsi que la constitution de la Commission \u00e9lectorale puis l\u2019organisation de l\u2019\u00e9lection du pr\u00e9sident de la FIF, a-t-elle rappel\u00e9.<\/p>\n<p>M. Allah Yao a relev\u00e9 la volont\u00e9 du ministre des Sports, Paulin Danho, qui veut que \u00ab\u00a0la paix revienne dans le football ivoirien\u00a0\u00bb le plus t\u00f4t possible, surtout avec une implication des acteurs afin de donner espoir aux jeunes talents.<\/p>\n<p>\u00ab\u00a0On ne peut pas s\u2019entendre sur tous les points, mais on peut s\u2019entendre sur les objectifs. Ce qui nous r\u00e9unit aussi, c\u2019est la CAN 2023 (pr\u00e9vue en C\u00f4te d\u2019Ivoire)\u00a0\u00bb, a-t-il estim\u00e9, souhaitant que la C\u00f4te d\u2019Ivoire prenne part aux comp\u00e9titions internationales \u00e0 venir. \u00a0<\/p>\n<p>Pour sa part, Sam Etiass\u00e9, l\u2019ex-directeur du Comit\u00e9 ex\u00e9cutif, depuis le 14 janvier 2021, le Comit\u00e9 de normalisation \u00e9tait d\u00e9j\u00e0 install\u00e9 par la FIFA. Il a, dans un bref propos, souhait\u00e9 bon vent \u00e0 Mme Dao Gabala et son \u00e9quipe.\u00a0<\/p>\n<p>La FIFA a d\u00e9cid\u00e9 de mettre sous normalisation la FIF \u00e0 la suite d\u2019un blocage dans le processus \u00e9lectoral devant instaurer de nouveaux dirigeants de l\u2019organisation. Parmi les candidats en lice pour la pr\u00e9sidence de la FIF, figure l\u2019ex-international Didier Drogba.<\/p>\n<p>Outre Mme Dao Gabala, le Comit\u00e9 de normalisation comprend M. Martin Bleou, agr\u00e9g\u00e9 en droit public et sciences politiques, Me Simon Adou Ab\u00e9, et un troisi\u00e8me membre qui prendra fonction sous peu, notamment une juriste form\u00e9e en C\u00f4te d\u2019Ivoire et aux \u00c9tats-Unis.\u00a0<\/p>\n<\/div>\n<p>Auteur: APA News<br \/>\n<a href=\"https:\/\/www.journalducameroun.com\/dao-gabala-veut-une-normalisation-de-la-fif-avant-le-31-decembre-2021\/\">Cliquez ici pour lire l&rsquo;article depuis sa source.<\/a><\/p>\n","protected":false},"excerpt":{"rendered":"<p>Publi\u00e9 le 21.01.2021 \u00e0 21h18 par APA News La pr\u00e9sidente du Comit\u00e9 de normalisation de la F\u00e9d\u00e9ration ivoirienne de football (FIF), Dao Gabala, a souhait\u00e9 jeudi remettre le football ivoirien \u00e0 flot dans \u00ab\u00a0un d\u00e9lai tr\u00e8s court\u00a0\u00bb, voire \u00ab\u00a0avant le 31 d\u00e9cembre 2021\u00a0\u00bb. Mme Dao Gabala a d\u00e9clin\u00e9 sa vision, au si\u00e8ge de la FIF, [&hellip;]<\/p>\n","protected":false},"author":1965,"featured_media":0,"comment_status":"closed","ping_status":"closed","sticky":false,"template":"","format":"standard","meta":{"fifu_image_url":"","fifu_image_alt":"","footnotes":""},"categories":[73,82],"tags":[],"class_list":["post-109758","post","type-post","status-publish","format-standard","hentry","category-actualite","category-cameroun"],"_links":{"self":[{"href":"https:\/\/linitiative.ca\/International\/wp-json\/wp\/v2\/posts\/109758","targetHints":{"allow":["GET"]}}],"collection":[{"href":"https:\/\/linitiative.ca\/International\/wp-json\/wp\/v2\/posts"}],"about":[{"href":"https:\/\/linitiative.ca\/International\/wp-json\/wp\/v2\/types\/post"}],"author":[{"embeddable":true,"href":"https:\/\/linitiative.ca\/International\/wp-json\/wp\/v2\/users\/1965"}],"replies":[{"embeddable":true,"href":"https:\/\/linitiative.ca\/International\/wp-json\/wp\/v2\/comments?post=109758"}],"version-history":[{"count":0,"href":"https:\/\/linitiative.ca\/International\/wp-json\/wp\/v2\/posts\/109758\/revisions"}],"wp:attachment":[{"href":"https:\/\/linitiative.ca\/International\/wp-json\/wp\/v2\/media?parent=109758"}],"wp:term":[{"taxonomy":"category","embeddable":true,"href":"https:\/\/linitiative.ca\/International\/wp-json\/wp\/v2\/categories?post=109758"},{"taxonomy":"post_tag","embeddable":true,"href":"https:\/\/linitiative.ca\/International\/wp-json\/wp\/v2\/tags?post=109758"}],"curies":[{"name":"wp","href":"https:\/\/api.w.org\/{rel}","templated":true}]}}