{"id":109759,"date":"2021-01-21T15:18:04","date_gmt":"2021-01-21T20:18:04","guid":{"rendered":"https:\/\/linitiative.ca\/International\/lancement-a-abidjan-de-la-6e-edition-du-label-qualite\/"},"modified":"2021-01-21T15:18:04","modified_gmt":"2021-01-21T20:18:04","slug":"lancement-a-abidjan-de-la-6e-edition-du-label-qualite","status":"publish","type":"post","link":"https:\/\/linitiative.ca\/International\/lancement-a-abidjan-de-la-6e-edition-du-label-qualite\/","title":{"rendered":"Lancement \u00e0 Abidjan de la 6\u00e8 \u00e9dition du Label qualit\u00e9"},"content":{"rendered":"<div readability=\"32\">\n<p>Publi\u00e9 le 21.01.2021 \u00e0 21h18 par APA News<\/p>\n<\/div>\n<div readability=\"91\">\n<p>La sixi\u00e8me \u00e9dition du Label qualit\u00e9, un prix attribu\u00e9 chaque ann\u00e9e par les consommateurs aux entreprises dont les produits et services sont commercialis\u00e9s en C\u00f4te d\u2019Ivoire, a \u00e9t\u00e9 officiellement lanc\u00e9 jeudi \u00e0 Abidjan, a constat\u00e9 APA sur place dans la capitale \u00e9conomique ivoirienne.<\/p>\n<p>\u00ab Nous avons initi\u00e9 ce label pour valoriser les entreprises. L\u2019inscription est totalement simple et gratuite et elle est totalement accessible \u00e0 toutes les entreprises quelque soit leur taille. Les candidatures sont ouvertes jusqu\u2019\u00e0 fin mars prochain \u00bb, a dit Ollo Manuella, la commissaire g\u00e9n\u00e9rale de ce projet dans une conf\u00e9rence de lancement.\u00a0<\/p>\n<p>Par ailleurs, elle a soulign\u00e9 que ce label offre plusieurs avantages aux entreprises, notamment, leur positionnement et l\u2019am\u00e9lioration de la qualit\u00e9 de leurs produits et services. \u00a0\u00ab Le label a pour objectif \u00e9galement de donner la parole aux consommateurs. Lorsque nous faisons les tests n\u00e9cessaires pour v\u00e9rifier la qualit\u00e9 des services, on leur remet une sorte de feuille de route qui leur indique comment il devrait se comporter, ce qu\u2019ils doivent am\u00e9liorer en terme de qualit\u00e9, de produits, de services\u00bb, a expliqu\u00e9 Mme Ollo.\u00a0<\/p>\n<p>De son c\u00f4t\u00e9, Aim\u00e9 Koizan, le directeur g\u00e9n\u00e9ral du commerce qui \u00a0repr\u00e9sentait le ministre ivoirien du Commerce et de l\u2019industrie, a salu\u00e9 l\u2019institution de ce label qualit\u00e9 assurant de l\u2019accompagnement institutionnel de ce d\u00e9partement minist\u00e9riel.\u00a0<\/p>\n<p>\u00ab La protection des consommateurs est une priorit\u00e9 de notre administration. \u00a0Nous ne pouvons pas ne pas accompagner le label. Et c\u2019est une id\u00e9e g\u00e9niale \u00bb, a estim\u00e9 M. Koizan qui a promis d\u2019\u0153uvrer pour que ce label soit une r\u00e9f\u00e9rence nationale et internationale.\u00a0<\/p>\n<p>\u00a0\u00abLe Comit\u00e9 d\u2019\u00e9thique veille au respect des normes nationales et internationales. La Responsabilit\u00e9 soci\u00e9tale des entreprises est un facteur important pour obtenir ce prix\u00bb, a fait savoir \u00e0 son tour, George Ouattara, le pr\u00e9sident de ce Comit\u00e9 qu\u2019il dit \u00eatre \u00abind\u00e9pendant\u00bb.\u00a0<\/p>\n<p>Cette initiative, lanc\u00e9e en 2015 sur le sol ivoirien, est promue par Manuella Ollo, directrice g\u00e9n\u00e9rale du Label. Ce programme vise \u00e0 promouvoir l\u2019excellence, l\u2019innovation ainsi que les meilleures pratiques dans le monde \u00e9conomique ivoirien en particulier et africain en g\u00e9n\u00e9ral.<\/p>\n<p>\u00a0L\u2019an dernier, le label qualit\u00e9 a \u00e9t\u00e9 d\u00e9cern\u00e9 \u00e0 52 produits et services ivoiriens, chacun dans leur cat\u00e9gorie, \u00e0 l\u2019occasion de la 5e \u00e9dition de la c\u00e9r\u00e9monie de remise de prix aux entreprises laur\u00e9ates.<\/p>\n<\/div>\n<p>Auteur: APA News<br \/>\n<a href=\"https:\/\/www.journalducameroun.com\/lancement-a-abidjan-de-la-6e-edition-du-label-qualite\/\">Cliquez ici pour lire l&rsquo;article depuis sa source.<\/a><\/p>\n","protected":false},"excerpt":{"rendered":"<p>Publi\u00e9 le 21.01.2021 \u00e0 21h18 par APA News La sixi\u00e8me \u00e9dition du Label qualit\u00e9, un prix attribu\u00e9 chaque ann\u00e9e par les consommateurs aux entreprises dont les produits et services sont commercialis\u00e9s en C\u00f4te d\u2019Ivoire, a \u00e9t\u00e9 officiellement lanc\u00e9 jeudi \u00e0 Abidjan, a constat\u00e9 APA sur place dans la capitale \u00e9conomique ivoirienne. \u00ab Nous avons initi\u00e9 [&hellip;]<\/p>\n","protected":false},"author":1965,"featured_media":0,"comment_status":"closed","ping_status":"closed","sticky":false,"template":"","format":"standard","meta":{"fifu_image_url":"","fifu_image_alt":"","footnotes":""},"categories":[73,82],"tags":[],"class_list":["post-109759","post","type-post","status-publish","format-standard","hentry","category-actualite","category-cameroun"],"_links":{"self":[{"href":"https:\/\/linitiative.ca\/International\/wp-json\/wp\/v2\/posts\/109759","targetHints":{"allow":["GET"]}}],"collection":[{"href":"https:\/\/linitiative.ca\/International\/wp-json\/wp\/v2\/posts"}],"about":[{"href":"https:\/\/linitiative.ca\/International\/wp-json\/wp\/v2\/types\/post"}],"author":[{"embeddable":true,"href":"https:\/\/linitiative.ca\/International\/wp-json\/wp\/v2\/users\/1965"}],"replies":[{"embeddable":true,"href":"https:\/\/linitiative.ca\/International\/wp-json\/wp\/v2\/comments?post=109759"}],"version-history":[{"count":0,"href":"https:\/\/linitiative.ca\/International\/wp-json\/wp\/v2\/posts\/109759\/revisions"}],"wp:attachment":[{"href":"https:\/\/linitiative.ca\/International\/wp-json\/wp\/v2\/media?parent=109759"}],"wp:term":[{"taxonomy":"category","embeddable":true,"href":"https:\/\/linitiative.ca\/International\/wp-json\/wp\/v2\/categories?post=109759"},{"taxonomy":"post_tag","embeddable":true,"href":"https:\/\/linitiative.ca\/International\/wp-json\/wp\/v2\/tags?post=109759"}],"curies":[{"name":"wp","href":"https:\/\/api.w.org\/{rel}","templated":true}]}}