{"id":109762,"date":"2021-01-21T17:18:04","date_gmt":"2021-01-21T22:18:04","guid":{"rendered":"https:\/\/linitiative.ca\/International\/maroc-ledition-2021-du-salon-international-de-lagriculture-annule-en-raison-du-contexte-sanitaire-actuel\/"},"modified":"2021-01-21T17:18:04","modified_gmt":"2021-01-21T22:18:04","slug":"maroc-ledition-2021-du-salon-international-de-lagriculture-annule-en-raison-du-contexte-sanitaire-actuel","status":"publish","type":"post","link":"https:\/\/linitiative.ca\/International\/maroc-ledition-2021-du-salon-international-de-lagriculture-annule-en-raison-du-contexte-sanitaire-actuel\/","title":{"rendered":"Maroc : l\u2019\u00e9dition 2021 du Salon international de l\u2019agriculture annul\u00e9 en raison du contexte sanitaire actuel"},"content":{"rendered":"<div readability=\"32\">\n<p>Publi\u00e9 le 21.01.2021 \u00e0 23h18 par APA News<\/p>\n<\/div>\n<div readability=\"51\">\n<p>Le Conseil d\u2019administration du Salon international de l\u2019agriculture au Maroc (SIAM) de Mekn\u00e8s, r\u00e9uni en mode visioconf\u00e9rence, a d\u00e9cid\u00e9 l\u2019annulation de l\u2019\u00e9dition 2021 de ce salon, annonce un communiqu\u00e9 du minist\u00e8re marocain de l\u2019Agriculture, de la p\u00eache maritime, du d\u00e9veloppement rural et des eaux et for\u00eats.Cette d\u00e9cision intervient en raison du contexte sanitaire actuel et des diff\u00e9rentes mesures prises par les autorit\u00e9s pour endiguer la pand\u00e9mie du COVID-19, notamment l\u2019interdiction des grands rassemblements et les restrictions des d\u00e9placements internationaux, explique le minist\u00e8re.<\/p>\n<p>Rappelons que ce grand \u00e9v\u00e9nement du monde agricole draine pas moins de 900.000 visiteurs et la pr\u00e9sence de 1.400 exposants de 65 pays chaque ann\u00e9e.<\/p>\n<p>A ce jour, le Maroc enregistre 463.706 cas confirm\u00e9s, dont 8.076 d\u00e9c\u00e8s. Lundi, le Royaume a signal\u00e9 son premier cas de la nouvelle souche du coronavirus.<\/p>\n<\/div>\n<p>Auteur: APA News<br \/>\n<a href=\"https:\/\/www.journalducameroun.com\/maroc-ledition-2021-du-salon-international-de-lagriculture-annule-en-raison-du-contexte-sanitaire-actuel\/\">Cliquez ici pour lire l&rsquo;article depuis sa source.<\/a><\/p>\n","protected":false},"excerpt":{"rendered":"<p>Publi\u00e9 le 21.01.2021 \u00e0 23h18 par APA News Le Conseil d\u2019administration du Salon international de l\u2019agriculture au Maroc (SIAM) de Mekn\u00e8s, r\u00e9uni en mode visioconf\u00e9rence, a d\u00e9cid\u00e9 l\u2019annulation de l\u2019\u00e9dition 2021 de ce salon, annonce un communiqu\u00e9 du minist\u00e8re marocain de l\u2019Agriculture, de la p\u00eache maritime, du d\u00e9veloppement rural et des eaux et for\u00eats.Cette d\u00e9cision [&hellip;]<\/p>\n","protected":false},"author":1965,"featured_media":0,"comment_status":"closed","ping_status":"closed","sticky":false,"template":"","format":"standard","meta":{"fifu_image_url":"","fifu_image_alt":"","footnotes":""},"categories":[73,82],"tags":[],"class_list":["post-109762","post","type-post","status-publish","format-standard","hentry","category-actualite","category-cameroun"],"_links":{"self":[{"href":"https:\/\/linitiative.ca\/International\/wp-json\/wp\/v2\/posts\/109762","targetHints":{"allow":["GET"]}}],"collection":[{"href":"https:\/\/linitiative.ca\/International\/wp-json\/wp\/v2\/posts"}],"about":[{"href":"https:\/\/linitiative.ca\/International\/wp-json\/wp\/v2\/types\/post"}],"author":[{"embeddable":true,"href":"https:\/\/linitiative.ca\/International\/wp-json\/wp\/v2\/users\/1965"}],"replies":[{"embeddable":true,"href":"https:\/\/linitiative.ca\/International\/wp-json\/wp\/v2\/comments?post=109762"}],"version-history":[{"count":0,"href":"https:\/\/linitiative.ca\/International\/wp-json\/wp\/v2\/posts\/109762\/revisions"}],"wp:attachment":[{"href":"https:\/\/linitiative.ca\/International\/wp-json\/wp\/v2\/media?parent=109762"}],"wp:term":[{"taxonomy":"category","embeddable":true,"href":"https:\/\/linitiative.ca\/International\/wp-json\/wp\/v2\/categories?post=109762"},{"taxonomy":"post_tag","embeddable":true,"href":"https:\/\/linitiative.ca\/International\/wp-json\/wp\/v2\/tags?post=109762"}],"curies":[{"name":"wp","href":"https:\/\/api.w.org\/{rel}","templated":true}]}}