{"id":109765,"date":"2021-01-21T09:08:23","date_gmt":"2021-01-21T14:08:23","guid":{"rendered":"https:\/\/linitiative.ca\/International\/qui-est-aline-mbono-la-directrice-executive-du-gicam\/"},"modified":"2021-01-21T09:08:23","modified_gmt":"2021-01-21T14:08:23","slug":"qui-est-aline-mbono-la-directrice-executive-du-gicam","status":"publish","type":"post","link":"https:\/\/linitiative.ca\/International\/qui-est-aline-mbono-la-directrice-executive-du-gicam\/","title":{"rendered":"Qui est Aline Mbono, la Directrice ex\u00e9cutive du Gicam ?"},"content":{"rendered":"<p>Un vent de changement souffle au sein du Gicam. Au cours de la premi\u00e8re session de la nouvelle mandature tenue le 15 janvier 2021, le conseil d\u2019administration du syndicat patronal \u00a0a proc\u00e9d\u00e9 \u00e0 la d\u00e9signation d\u2019une directrice ex\u00e9cutive en la personne d\u2019Aline Val\u00e9rie Mbono. Le Secr\u00e9tariat ex\u00e9cutif, occup\u00e9 jusqu\u2019ici par Alain Blaise Batongue, change de nom apr\u00e8s la d\u00e9mission de ce dernier. Ce changement est le prolongement des r\u00e9formes entam\u00e9es en 2018 par le pr\u00e9sident du Gicam, C\u00e9lestin Tawamba. \u00ab\u00a0Mme Mbono a une parfaite connaissance des probl\u00e8mes des entreprises, ainsi qu\u2019une bonne pratique des n\u00e9gociations avec les pouvoirs publics et les concertations avec les partenaires au d\u00e9veloppement\u00a0\u00bb\u00a0se satisfait le Gicam. \u00a0<\/p>\n<p><strong>Lire aussi<\/strong> : <a href=\"https:\/\/ecomatin.net\/alain-blaise-batongue-quitte-le-gicam\/\">Alain Blaise Batongue quitte le Gicam<\/a><\/p>\n<p>Aline Val\u00e9rie Mbono est la premi\u00e8re femme parvenue \u00e0 diriger la structure op\u00e9rationnelle du plus important mouvement patronal du Cameroun. Ag\u00e9e de 46 ans, elle est titulaire d\u2019une ma\u00eetrise en droit et d\u2019un Dess en droit International des Affaires et est sp\u00e9cialis\u00e9e en droit du num\u00e9rique. Elle a occup\u00e9 de 2011 \u00e0 2020 les fonctions de chef de la division des affaires juridiques \u00e0 l\u2019Agence nationale des technologies, de l\u2019information et de la communication(Antic)\u00a0qu\u2019elle int\u00e8gre en avril 2009 en tant que Charg\u00e9e d\u2019\u00e9tudes au sein du d\u00e9partement des affaires juridiques. De 1999 \u00e0 2009 elle \u00e9tait employ\u00e9e comme conseil juridique et fiscal au cabinet Okalla Ahanda &amp; Associ\u00e9s. Elle a par ailleurs, d\u00e9velopp\u00e9 une expertise significative dans la conduite des missions de conseil et d\u2019audit de conformit\u00e9.<\/p>\n<p>La nouvelle promue aura pour mission \u00ab\u00a0d\u2019implanter l\u2019ambitieux programme triennal\u00a0\u00a0dont s\u2019est dot\u00e9 le Conseil d\u2019administration, avec l\u2019objectif de faire du Groupement un acteur plus important, plus audacieux et\u00a0\u00a0plus impactant, capable de jouer un r\u00f4le moteur dans la transformation \u00e9conomique du Cameroun\u00a0\u00bb, indique le Gicam dans un communiqu\u00e9.<\/p>\n<p><strong>Lire aussi<\/strong> : <a href=\"https:\/\/ecomatin.net\/presidence-du-gicam-celestin-tawamba-reelu-avec-9551-des-voix\/\">Pr\u00e9sidence du Gicam : C\u00e9lestin Tawamba r\u00e9\u00e9lu avec 95,51% des voix<\/a><\/p>\n<p>Auteur: Cedrick JIONGO<br \/>\n<a href=\"https:\/\/ecomatin.net\/qui-est-aline-mbomo-la-directrice-executive-du-gicam\/\">Cliquez ici pour lire l&rsquo;article depuis sa source.<\/a><\/p>\n","protected":false},"excerpt":{"rendered":"<p>Un vent de changement souffle au sein du Gicam. Au cours de la premi\u00e8re session de la nouvelle mandature tenue le 15 janvier 2021, le conseil d\u2019administration du syndicat patronal \u00a0a proc\u00e9d\u00e9 \u00e0 la d\u00e9signation d\u2019une directrice ex\u00e9cutive en la personne d\u2019Aline Val\u00e9rie Mbono. Le Secr\u00e9tariat ex\u00e9cutif, occup\u00e9 jusqu\u2019ici par Alain Blaise Batongue, change de [&hellip;]<\/p>\n","protected":false},"author":1969,"featured_media":0,"comment_status":"closed","ping_status":"closed","sticky":false,"template":"","format":"standard","meta":{"fifu_image_url":"","fifu_image_alt":"","footnotes":""},"categories":[82,78],"tags":[],"class_list":["post-109765","post","type-post","status-publish","format-standard","hentry","category-cameroun","category-economie"],"_links":{"self":[{"href":"https:\/\/linitiative.ca\/International\/wp-json\/wp\/v2\/posts\/109765","targetHints":{"allow":["GET"]}}],"collection":[{"href":"https:\/\/linitiative.ca\/International\/wp-json\/wp\/v2\/posts"}],"about":[{"href":"https:\/\/linitiative.ca\/International\/wp-json\/wp\/v2\/types\/post"}],"author":[{"embeddable":true,"href":"https:\/\/linitiative.ca\/International\/wp-json\/wp\/v2\/users\/1969"}],"replies":[{"embeddable":true,"href":"https:\/\/linitiative.ca\/International\/wp-json\/wp\/v2\/comments?post=109765"}],"version-history":[{"count":0,"href":"https:\/\/linitiative.ca\/International\/wp-json\/wp\/v2\/posts\/109765\/revisions"}],"wp:attachment":[{"href":"https:\/\/linitiative.ca\/International\/wp-json\/wp\/v2\/media?parent=109765"}],"wp:term":[{"taxonomy":"category","embeddable":true,"href":"https:\/\/linitiative.ca\/International\/wp-json\/wp\/v2\/categories?post=109765"},{"taxonomy":"post_tag","embeddable":true,"href":"https:\/\/linitiative.ca\/International\/wp-json\/wp\/v2\/tags?post=109765"}],"curies":[{"name":"wp","href":"https:\/\/api.w.org\/{rel}","templated":true}]}}