{"id":109766,"date":"2021-01-21T09:20:47","date_gmt":"2021-01-21T14:20:47","guid":{"rendered":"https:\/\/linitiative.ca\/International\/chan-2020-rd-congo-florent-ibenge-et-trois-de-ses-joueurs-testes-positifs-au-coronavirus\/"},"modified":"2021-01-21T09:20:47","modified_gmt":"2021-01-21T14:20:47","slug":"chan-2020-rd-congo-florent-ibenge-et-trois-de-ses-joueurs-testes-positifs-au-coronavirus","status":"publish","type":"post","link":"https:\/\/linitiative.ca\/International\/chan-2020-rd-congo-florent-ibenge-et-trois-de-ses-joueurs-testes-positifs-au-coronavirus\/","title":{"rendered":"CHAN 2020- RD Congo : Florent Ibenge et trois de ses joueurs test\u00e9s positifs au Coronavirus"},"content":{"rendered":"<p>Les L\u00e9opards de la RD Congo seront orphelins ce jeudi 21 janvier 2021 de leur s\u00e9lectionneur, Florent Ibenge, lors de leur deuxi\u00e8me sortie dans ce 6<sup>e<\/sup>\u00a0Championnat d\u2019Afrique des Nations (CHAN) de football 2020, face \u00e0 la Libye dans le groupe B bas\u00e9 \u00e0 Douala.<\/p>\n<p>Le technicien congolais a en effet \u00e9t\u00e9 test\u00e9 positif au Coronavirus, \u00e0 en croire le site congolais\u00a0<em>FootRDC.com<\/em>. Florent Ibenge a \u00e9t\u00e9 isol\u00e9 du groupe et c\u2019est son adjoint, Pamphile Mihayo, qui dirigera l\u2019\u00e9quipe jeudi soir.<\/p>\n<p>Nos confr\u00e8res indiquent que trois joueurs sont \u00e9galement forfaits pour cette rencontre, eux aussi test\u00e9s positifs au Covd-19. Il s\u2019agit du gardien num\u00e9ro un Ley Matampi, de son rempla\u00e7ant Mukumi Mulamba, du milieu de terrain Doxa Gikanji, et du d\u00e9fenseur Andy Bikoko.<\/p>\n<p>L\u2019on apprend \u00e9galement que Jerry Kalemo, l\u2019attach\u00e9 de presse de la s\u00e9lection et le kin\u00e9sith\u00e9rapeute sont \u00e9galement contamin\u00e9s et en isolement.<\/p>\n<p>Auteur: Eco Matin<br \/>\n<a href=\"https:\/\/ecomatin.net\/chan-2020-rd-congo-florent-ibenge-et-trois-de-ses-joueurs-testes-positifs-au-coronavirus\/\">Cliquez ici pour lire l&rsquo;article depuis sa source.<\/a><\/p>\n","protected":false},"excerpt":{"rendered":"<p>Les L\u00e9opards de la RD Congo seront orphelins ce jeudi 21 janvier 2021 de leur s\u00e9lectionneur, Florent Ibenge, lors de leur deuxi\u00e8me sortie dans ce 6e\u00a0Championnat d\u2019Afrique des Nations (CHAN) de football 2020, face \u00e0 la Libye dans le groupe B bas\u00e9 \u00e0 Douala. Le technicien congolais a en effet \u00e9t\u00e9 test\u00e9 positif au Coronavirus, [&hellip;]<\/p>\n","protected":false},"author":1969,"featured_media":0,"comment_status":"closed","ping_status":"closed","sticky":false,"template":"","format":"standard","meta":{"fifu_image_url":"","fifu_image_alt":"","footnotes":""},"categories":[82,78],"tags":[],"class_list":["post-109766","post","type-post","status-publish","format-standard","hentry","category-cameroun","category-economie"],"_links":{"self":[{"href":"https:\/\/linitiative.ca\/International\/wp-json\/wp\/v2\/posts\/109766","targetHints":{"allow":["GET"]}}],"collection":[{"href":"https:\/\/linitiative.ca\/International\/wp-json\/wp\/v2\/posts"}],"about":[{"href":"https:\/\/linitiative.ca\/International\/wp-json\/wp\/v2\/types\/post"}],"author":[{"embeddable":true,"href":"https:\/\/linitiative.ca\/International\/wp-json\/wp\/v2\/users\/1969"}],"replies":[{"embeddable":true,"href":"https:\/\/linitiative.ca\/International\/wp-json\/wp\/v2\/comments?post=109766"}],"version-history":[{"count":0,"href":"https:\/\/linitiative.ca\/International\/wp-json\/wp\/v2\/posts\/109766\/revisions"}],"wp:attachment":[{"href":"https:\/\/linitiative.ca\/International\/wp-json\/wp\/v2\/media?parent=109766"}],"wp:term":[{"taxonomy":"category","embeddable":true,"href":"https:\/\/linitiative.ca\/International\/wp-json\/wp\/v2\/categories?post=109766"},{"taxonomy":"post_tag","embeddable":true,"href":"https:\/\/linitiative.ca\/International\/wp-json\/wp\/v2\/tags?post=109766"}],"curies":[{"name":"wp","href":"https:\/\/api.w.org\/{rel}","templated":true}]}}