{"id":109767,"date":"2021-01-21T11:01:19","date_gmt":"2021-01-21T16:01:19","guid":{"rendered":"https:\/\/linitiative.ca\/International\/tradex-acquiert-38-100-nouvelles-bouteilles-de-gaz-pour-535-millions-de-fcfa\/"},"modified":"2021-01-21T11:01:19","modified_gmt":"2021-01-21T16:01:19","slug":"tradex-acquiert-38-100-nouvelles-bouteilles-de-gaz-pour-535-millions-de-fcfa","status":"publish","type":"post","link":"https:\/\/linitiative.ca\/International\/tradex-acquiert-38-100-nouvelles-bouteilles-de-gaz-pour-535-millions-de-fcfa\/","title":{"rendered":"Tradex acquiert 38 100 nouvelles bouteilles de gaz pour 535 millions de Fcfa"},"content":{"rendered":"<p>Le Directeur g\u00e9n\u00e9ral de Tradex S.A Simon Paly vient de rendre public les r\u00e9sultats de l\u2019appel d\u2019offres international ouvert le 16 octobre 2020, et qui courait jusqu\u2019au 19 novembre 2020 relatif \u00e0 la fourniture de bouteilles de gaz \u00e0 butane commercial. L\u2019entreprise adjudicataire de ce march\u00e9 \u00e9tant\u00a0\u00a0Evas EV Aletleri SAN A.S. une entreprise turque pour un montant de 815\u00a0340 euros soit 534,6 millions de FCFA.<\/p>\n<p><strong>Lire aussi<\/strong> : <a href=\"https:\/\/ecomatin.net\/tradex-s-a-recycle-ses-bouteilles-de-gaz-domestique\/\">Tradex S.A recycle ses bouteilles de gaz domestique<\/a><\/p>\n<p>L\u2019entreprise devra fournir 38\u00a0100 bouteilles de gaz de 12,5Kg. Celles-ci auront la particularit\u00e9 de d\u2019indique \u00e0 l\u2019usager son niveau de consommation contrairement \u00e0 celles pr\u00e9sentes sur le march\u00e9 et celles d\u00e9j\u00e0 commercialis\u00e9es par Tradex. Elle est alors pr\u00e9sente sur le march\u00e9 camerounais depuis 2013. Selon les derni\u00e8res donn\u00e9es de cette entreprise, elle a distribu\u00e9 12\u00a0500 bouteilles de gaz en 2018. Rappelons aussi que c\u2019est depuis peu que Tradex s\u2019est engag\u00e9e dans un processus de renouvellement de ses bouteilles \u00e0 gaz. En ao\u00fbt 2020, l\u2019entreprise avait lanc\u00e9\u00a0un appel d\u2019offres national visant la requalification et la peinture de ses bouteilles de gaz domestique dans les villes de Yaound\u00e9, Douala, Bafoussam et Garoua. Le prestataire retenu ici devait alors effectuer entre autres prestations\u00a0le transport des bouteilles du magazine Tradex au centre de r\u00e9\u00e9preuve, le d\u00e9gazage des bouteilles, les contr\u00f4les de fuite et de d\u00e9formations des bouteilles, le sablage, l\u2019application de la peinture.<\/p>\n<p>S\u2019agissant de Evas EV Aletleri SAN A.S, elle est\u00a0\u00a0bas\u00e9e\u00a0\u00a0Istanbul \u00e0 Sanayi Mah, Sehit Cevdet Celenk Caddesi. Elle est sp\u00e9cialis\u00e9e dans la fabrication de bouteilles de Gaz p\u00e9trolier liqu\u00e9fi\u00e9 en acier, propose des solutions personnalis\u00e9es aux entreprises de d\u00e9p\u00f4t et de distribution de GPL depuis sa cr\u00e9ation en 1963 et est membre de la famille SHV Energy. EVAS est aussi consid\u00e9r\u00e9 comme une entreprise qui\u00a0\u00a0accorde une grande importance \u00e0 la recherche et au d\u00e9veloppement de sa ligne de production, ainsi que la pr\u00e9sentation de nouveaux produits.<\/p>\n<p><strong>Lire aussi<\/strong> : <a href=\"https:\/\/ecomatin.net\/le-reseau-de-tradex-bientot-etendu-a-sangmelima-dans-le-sud-du-cameroun\/\">Le r\u00e9seau de Tradex bient\u00f4t \u00e9tendu \u00e0 Sangm\u00e9lima, dans le Sud du Cameroun<\/a><\/p>\n<p>Auteur: Cindy MBALA<br \/>\n<a href=\"https:\/\/ecomatin.net\/tradex-acquiert-38-100-nouvelles-bouteilles-de-gaz-pour-535-millions-de-fcfa\/\">Cliquez ici pour lire l&rsquo;article depuis sa source.<\/a><\/p>\n","protected":false},"excerpt":{"rendered":"<p>Le Directeur g\u00e9n\u00e9ral de Tradex S.A Simon Paly vient de rendre public les r\u00e9sultats de l\u2019appel d\u2019offres international ouvert le 16 octobre 2020, et qui courait jusqu\u2019au 19 novembre 2020 relatif \u00e0 la fourniture de bouteilles de gaz \u00e0 butane commercial. L\u2019entreprise adjudicataire de ce march\u00e9 \u00e9tant\u00a0\u00a0Evas EV Aletleri SAN A.S. une entreprise turque pour [&hellip;]<\/p>\n","protected":false},"author":1969,"featured_media":0,"comment_status":"closed","ping_status":"closed","sticky":false,"template":"","format":"standard","meta":{"fifu_image_url":"","fifu_image_alt":"","footnotes":""},"categories":[82,78],"tags":[],"class_list":["post-109767","post","type-post","status-publish","format-standard","hentry","category-cameroun","category-economie"],"_links":{"self":[{"href":"https:\/\/linitiative.ca\/International\/wp-json\/wp\/v2\/posts\/109767","targetHints":{"allow":["GET"]}}],"collection":[{"href":"https:\/\/linitiative.ca\/International\/wp-json\/wp\/v2\/posts"}],"about":[{"href":"https:\/\/linitiative.ca\/International\/wp-json\/wp\/v2\/types\/post"}],"author":[{"embeddable":true,"href":"https:\/\/linitiative.ca\/International\/wp-json\/wp\/v2\/users\/1969"}],"replies":[{"embeddable":true,"href":"https:\/\/linitiative.ca\/International\/wp-json\/wp\/v2\/comments?post=109767"}],"version-history":[{"count":0,"href":"https:\/\/linitiative.ca\/International\/wp-json\/wp\/v2\/posts\/109767\/revisions"}],"wp:attachment":[{"href":"https:\/\/linitiative.ca\/International\/wp-json\/wp\/v2\/media?parent=109767"}],"wp:term":[{"taxonomy":"category","embeddable":true,"href":"https:\/\/linitiative.ca\/International\/wp-json\/wp\/v2\/categories?post=109767"},{"taxonomy":"post_tag","embeddable":true,"href":"https:\/\/linitiative.ca\/International\/wp-json\/wp\/v2\/tags?post=109767"}],"curies":[{"name":"wp","href":"https:\/\/api.w.org\/{rel}","templated":true}]}}