{"id":109768,"date":"2021-01-22T10:25:02","date_gmt":"2021-01-22T15:25:02","guid":{"rendered":"https:\/\/linitiative.ca\/International\/fondation-maison-mediterraneenne-du-climat-adoption-du-plan-strategique-2030-et-daction-2021-2023\/"},"modified":"2021-01-22T10:25:02","modified_gmt":"2021-01-22T15:25:02","slug":"fondation-maison-mediterraneenne-du-climat-adoption-du-plan-strategique-2030-et-daction-2021-2023","status":"publish","type":"post","link":"https:\/\/linitiative.ca\/International\/fondation-maison-mediterraneenne-du-climat-adoption-du-plan-strategique-2030-et-daction-2021-2023\/","title":{"rendered":"Fondation Maison M\u00e9diterran\u00e9enne du climat: Adoption du plan strat\u00e9gique 2030 et d\u2019Action 2021 \u2013 2023"},"content":{"rendered":"<p><img decoding=\"async\" class=\"post_layout_5_img\" src=\"http:\/\/aujourdhui.ma\/wp-content\/uploads\/2021\/01\/Abdeladim-Lhafi-Fondation-Maison-Mediterraneenne-du-climat.jpg\" alt=\"Fondation Maison M&#xE9;diterran&#xE9;enne du climat: Adoption du plan strat&#xE9;gique 2030 et d&#x2019;Action 2021 &#x2013; 2023\"\/><\/p>\n<p><span class=\"c5\"><strong>La Fondation Maison M\u00e9diterran\u00e9enne du Climat (FMMC) a tenu r\u00e9cemment son Assembl\u00e9e g\u00e9n\u00e9rale extraordinaire, sous la pr\u00e9sidence du Haut-Commissaire aux eaux et for\u00eats et \u00e0 la lutte contre la d\u00e9sertification, Abdeladim Lhafi.<\/strong><\/span><span id=\"more-366297\"\/><\/p>\n<p>Outre l\u2019examen des bilans d\u2019activit\u00e9s et financier de la Fondation, pour la p\u00e9riode 2018 \u2013 2020, cette assembl\u00e9e g\u00e9n\u00e9rale, a adopt\u00e9 les nouveaux statuts de la FMMC, et le plan strat\u00e9gique 2030 et le plan d\u2019Action 2021 \u2013 2023 pour la Maison M\u00e9diterran\u00e9enne du Climat (MMC). \u00abLes nouveaux statuts ont \u00e9t\u00e9 adopt\u00e9s pour assurer la mise en conformit\u00e9 des statuts de la FMMC avec la l\u00e9gislation nationale en vigueur, et prendre en consid\u00e9ration les nouvelles orientations strat\u00e9giques d\u00e9finies par l\u2019\u00e9tude strat\u00e9gique r\u00e9alis\u00e9e par la Fondation\u00bb, indique un communiqu\u00e9 du MMC. Et d\u2019ajouter que \u00able plan strat\u00e9gique adopt\u00e9 est le fruit d\u2019une d\u00e9marche participative, qui a regroup\u00e9 l\u2019ensemble des partenaires aux fins de d\u00e9finir le positionnement de la MMC dans l\u2019espace m\u00e9diterran\u00e9en, les missions op\u00e9rationnelles et les d\u00e9fis prioritaires de la r\u00e9gion\u00bb.<\/p>\n<p>L\u2019action s\u2019adresse, selon la m\u00eame source, aux plans de d\u00e9veloppement durables port\u00e9s par les collectivit\u00e9s territoriales, dans un cadre int\u00e9gr\u00e9, territorialis\u00e9 et participatif. \u00abLa r\u00e9gion m\u00e9diterran\u00e9enne est l\u2019une des zones les plus affect\u00e9es par le changement climatique, et pose un d\u00e9fi en termes d\u2019approches r\u00e9silientes s\u2019adressant \u00e0 la fois aux questions d\u2019adaptation et d\u2019att\u00e9nuation\u00bb, explique- t-on.<\/p>\n<p>Il faut rappeler que la FMMC a \u00e9t\u00e9 cr\u00e9\u00e9e en f\u00e9vrier 2018, conform\u00e9ment aux recommandations de la lettre Royale, adress\u00e9e aux participants \u00e0 la 2\u00e8me MedCOP, le 18 juillet 2016 \u00e0 Tanger. C\u2019est une association \u00e0 but non lucratif, ayant pour objet de cr\u00e9er le cadre juridique et l\u00e9gal quant \u00e0 la mise en place et l\u2019impl\u00e9mentation de la MMC, bas\u00e9e \u00e0 Tanger.<\/p>\n<p>Auteur: ALM<br \/>\n<a href=\"https:\/\/aujourdhui.ma\/economie\/fondation-maison-mediterraneenne-du-climat-adoption-du-plan-strategique-2030-et-daction-2021-2023\">Cliquez ici pour lire l&rsquo;article depuis sa source.<\/a><\/p>\n","protected":false},"excerpt":{"rendered":"<p>La Fondation Maison M\u00e9diterran\u00e9enne du Climat (FMMC) a tenu r\u00e9cemment son Assembl\u00e9e g\u00e9n\u00e9rale extraordinaire, sous la pr\u00e9sidence du Haut-Commissaire aux eaux et for\u00eats et \u00e0 la lutte contre la d\u00e9sertification, Abdeladim Lhafi. Outre l\u2019examen des bilans d\u2019activit\u00e9s et financier de la Fondation, pour la p\u00e9riode 2018 \u2013 2020, cette assembl\u00e9e g\u00e9n\u00e9rale, a adopt\u00e9 les nouveaux [&hellip;]<\/p>\n","protected":false},"author":1759,"featured_media":0,"comment_status":"closed","ping_status":"closed","sticky":false,"template":"","format":"standard","meta":{"fifu_image_url":"http:\/\/aujourdhui.ma\/wp-content\/uploads\/2021\/01\/Abdeladim-Lhafi-Fondation-Maison-Mediterraneenne-du-climat.jpg","fifu_image_alt":"Fondation Maison M\u00e9diterran\u00e9enne du climat: Adoption du plan strat\u00e9gique 2030 et d\u2019Action 2021 \u2013 2023","footnotes":""},"categories":[73,54],"tags":[],"class_list":["post-109768","post","type-post","status-publish","format-standard","hentry","category-actualite","category-maroc"],"_links":{"self":[{"href":"https:\/\/linitiative.ca\/International\/wp-json\/wp\/v2\/posts\/109768","targetHints":{"allow":["GET"]}}],"collection":[{"href":"https:\/\/linitiative.ca\/International\/wp-json\/wp\/v2\/posts"}],"about":[{"href":"https:\/\/linitiative.ca\/International\/wp-json\/wp\/v2\/types\/post"}],"author":[{"embeddable":true,"href":"https:\/\/linitiative.ca\/International\/wp-json\/wp\/v2\/users\/1759"}],"replies":[{"embeddable":true,"href":"https:\/\/linitiative.ca\/International\/wp-json\/wp\/v2\/comments?post=109768"}],"version-history":[{"count":0,"href":"https:\/\/linitiative.ca\/International\/wp-json\/wp\/v2\/posts\/109768\/revisions"}],"wp:attachment":[{"href":"https:\/\/linitiative.ca\/International\/wp-json\/wp\/v2\/media?parent=109768"}],"wp:term":[{"taxonomy":"category","embeddable":true,"href":"https:\/\/linitiative.ca\/International\/wp-json\/wp\/v2\/categories?post=109768"},{"taxonomy":"post_tag","embeddable":true,"href":"https:\/\/linitiative.ca\/International\/wp-json\/wp\/v2\/tags?post=109768"}],"curies":[{"name":"wp","href":"https:\/\/api.w.org\/{rel}","templated":true}]}}