{"id":109769,"date":"2021-01-22T10:28:05","date_gmt":"2021-01-22T15:28:05","guid":{"rendered":"https:\/\/linitiative.ca\/International\/adaptation-aux-changements-climatiques-lexperience-marocaine-partagee-au-forum-mondial-de-lalimentation-et-de-lagriculture\/"},"modified":"2021-01-22T10:28:05","modified_gmt":"2021-01-22T15:28:05","slug":"adaptation-aux-changements-climatiques-lexperience-marocaine-partagee-au-forum-mondial-de-lalimentation-et-de-lagriculture","status":"publish","type":"post","link":"https:\/\/linitiative.ca\/International\/adaptation-aux-changements-climatiques-lexperience-marocaine-partagee-au-forum-mondial-de-lalimentation-et-de-lagriculture\/","title":{"rendered":"Adaptation aux changements climatiques : L\u2019exp\u00e9rience marocaine partag\u00e9e au Forum mondial de l\u2019alimentation et de l\u2019agriculture"},"content":{"rendered":"<header>\n<\/header>\n<div class=\"entry-content clearfix\" readability=\"57\"><img decoding=\"async\" class=\"post_layout_5_img\" src=\"http:\/\/aujourdhui.ma\/wp-content\/uploads\/2021\/01\/akhennouch.jpg\" alt=\"Adaptation aux changements climatiques : L&#x2019;exp&#xE9;rience marocaine partag&#xE9;e au Forum mondial de l&#x2019;alimentation et de l&#x2019;agriculture\"\/><\/p>\n<p><span class=\"c5\"><strong>Le Maroc a pris part \u00e0 la conf\u00e9rence minist\u00e9rielle du forum mondial de l\u2019alimentation et de l\u2019agriculture dans sa 13\u00e8me \u00e9dition qui s\u2019est tenue, aujourd\u2019hui, en visioconf\u00e9rence depuis Berlin.<\/strong><\/span><span id=\"more-366298\"\/><\/p>\n<p>En marge de la conf\u00e9rence, Aziz Akhannouch, ministre de l\u2019agriculture, de la p\u00eache maritime, du d\u00e9veloppement rural et des eaux et for\u00eats, a pr\u00e9sid\u00e9 aux c\u00f4t\u00e9s du Directeur du P\u00f4le Agriculture \u00e0 la Banque Mondiale, une table ronde sur l\u2019adaptation aux changements climatiques, au cours de laquelle M. Akhannouch a partag\u00e9 avec 28 ministres, fonctionnaires, chefs de mission et organisations internationales l\u2019exp\u00e9rience marocaine dans la lutte contre le changement climatique. Notons que cette conf\u00e9rence minist\u00e9rielle a connu la participation de 120 pays.<\/p>\n<p>Elle a \u00e9t\u00e9 \u00e9galement marqu\u00e9e par la pr\u00e9sence du Secr\u00e9taire G\u00e9n\u00e9ral de l\u2019ONU, du Directeur G\u00e9n\u00e9ral de l\u2019OMS, du Commissaire Europ\u00e9en de l\u2019agriculture et du Directeur du Programme Alimentaire Mondial. Cette manifestation examine les d\u00e9fis \u00e0 long terme de l\u2019approvisionnement en agriculture dans le monde en vue de parvenir \u00e0 une alimentation \u00e9quilibr\u00e9e malgr\u00e9 la propagation des \u00e9pid\u00e9mies et le changement climatique.<\/p>\n<\/div>\n<p>Auteur: ALM<br \/>\n<a href=\"https:\/\/aujourdhui.ma\/economie\/adaptation-aux-changements-climatiques-lexperience-marocaine-partagee-au-forum-mondial-de-lalimentation-et-de-lagriculture\">Cliquez ici pour lire l&rsquo;article depuis sa source.<\/a><\/p>\n","protected":false},"excerpt":{"rendered":"<p>Le Maroc a pris part \u00e0 la conf\u00e9rence minist\u00e9rielle du forum mondial de l\u2019alimentation et de l\u2019agriculture dans sa 13\u00e8me \u00e9dition qui s\u2019est tenue, aujourd\u2019hui, en visioconf\u00e9rence depuis Berlin. En marge de la conf\u00e9rence, Aziz Akhannouch, ministre de l\u2019agriculture, de la p\u00eache maritime, du d\u00e9veloppement rural et des eaux et for\u00eats, a pr\u00e9sid\u00e9 aux c\u00f4t\u00e9s [&hellip;]<\/p>\n","protected":false},"author":1759,"featured_media":0,"comment_status":"closed","ping_status":"closed","sticky":false,"template":"","format":"standard","meta":{"fifu_image_url":"http:\/\/aujourdhui.ma\/wp-content\/uploads\/2021\/01\/akhennouch.jpg","fifu_image_alt":"Adaptation aux changements climatiques : L\u2019exp\u00e9rience marocaine partag\u00e9e au Forum mondial de l\u2019alimentation et de l\u2019agriculture","footnotes":""},"categories":[73,54],"tags":[],"class_list":["post-109769","post","type-post","status-publish","format-standard","hentry","category-actualite","category-maroc"],"_links":{"self":[{"href":"https:\/\/linitiative.ca\/International\/wp-json\/wp\/v2\/posts\/109769","targetHints":{"allow":["GET"]}}],"collection":[{"href":"https:\/\/linitiative.ca\/International\/wp-json\/wp\/v2\/posts"}],"about":[{"href":"https:\/\/linitiative.ca\/International\/wp-json\/wp\/v2\/types\/post"}],"author":[{"embeddable":true,"href":"https:\/\/linitiative.ca\/International\/wp-json\/wp\/v2\/users\/1759"}],"replies":[{"embeddable":true,"href":"https:\/\/linitiative.ca\/International\/wp-json\/wp\/v2\/comments?post=109769"}],"version-history":[{"count":0,"href":"https:\/\/linitiative.ca\/International\/wp-json\/wp\/v2\/posts\/109769\/revisions"}],"wp:attachment":[{"href":"https:\/\/linitiative.ca\/International\/wp-json\/wp\/v2\/media?parent=109769"}],"wp:term":[{"taxonomy":"category","embeddable":true,"href":"https:\/\/linitiative.ca\/International\/wp-json\/wp\/v2\/categories?post=109769"},{"taxonomy":"post_tag","embeddable":true,"href":"https:\/\/linitiative.ca\/International\/wp-json\/wp\/v2\/tags?post=109769"}],"curies":[{"name":"wp","href":"https:\/\/api.w.org\/{rel}","templated":true}]}}