{"id":109775,"date":"2021-01-22T06:54:15","date_gmt":"2021-01-22T11:54:15","guid":{"rendered":"https:\/\/linitiative.ca\/International\/rencontre-entre-le-president-de-la-conect-m-tarak-cherif-et-lambassadeur-dallemagne-en-tunisie-son-excellence-m-peter-prugel\/"},"modified":"2021-01-22T06:54:15","modified_gmt":"2021-01-22T11:54:15","slug":"rencontre-entre-le-president-de-la-conect-m-tarak-cherif-et-lambassadeur-dallemagne-en-tunisie-son-excellence-m-peter-prugel","status":"publish","type":"post","link":"https:\/\/linitiative.ca\/International\/rencontre-entre-le-president-de-la-conect-m-tarak-cherif-et-lambassadeur-dallemagne-en-tunisie-son-excellence-m-peter-prugel\/","title":{"rendered":"Rencontre entre le pr\u00e9sident de la CONECT M. Tarak Cherif et l\u2019ambassadeur d\u2019Allemagne en Tunisie, son excellence M. Peter Pr\u00fcgel"},"content":{"rendered":"<div>Cher partenaire m\u00e9dia;<\/div>\n<div>Le pr\u00e9sident de la Conf\u00e9d\u00e9ration des Entreprises Citoyennes de Tunisie, CONECT, M. Tarak Cherif, a re\u00e7u l\u2019Ambassadeur de la R\u00e9publique f\u00e9d\u00e9rale d\u2019Allemagne, son excellence M. Peter Pr\u00fcgel, et ce au si\u00e8ge de la CONECT.<br \/>La r\u00e9union a port\u00e9 sur le potentiel de la Tunisie, ainsi que les leviers cl\u00e9s de la relance \u00e9conomique, en essayant d\u2019augmenter les investissements allemands par le biais du renforcement du partenariat entre les deux pays.<br \/>Lors de cet entretien, M. Tarak Cherif a soulign\u00e9 l\u2019implication de la CONECT dans la responsabilit\u00e9 soci\u00e9tale de l\u2019entreprise (RSE) et dans l\u2019entreprenariat, notamment en encourageant les jeunes \u00e0 lancer leurs propres projets, avec un accompagnement sp\u00e9cifique.<\/div>\n<div class=\"wp-post-author-wrap wp-post-author-shortcode left\">\n<h3 class=\"awpa-title\"\/>\n<div class=\"wp-post-author\">\n<div class=\"awpa-img awpa-author-block square\"><a href=\"http:\/\/lexpertjournal.net\/fr\/?author=5\"><img loading=\"lazy\" decoding=\"async\" alt=\"\" src=\"http:\/\/0.gravatar.com\/avatar\/97f8e10a1c1125ba104a76514ee07b16?s=150&amp;d=mm&amp;r=g\" srcset=\"http:\/\/0.gravatar.com\/avatar\/97f8e10a1c1125ba104a76514ee07b16?s=300&amp;d=mm&amp;r=g 2x\" class=\"avatar avatar-150 photo\" height=\"150\" width=\"150\"\/><\/a><\/div>\n<\/div>\n<\/div>\n<aside class=\"mashsb-container mashsb-main mashsb-stretched\">\n<\/aside>\n<p>Auteur: L&rsquo;expert<br \/>\n<a href=\"http:\/\/lexpertjournal.net\/fr\/?p=18275\">Cliquez ici pour lire l&rsquo;article depuis sa source.<\/a><\/p>\n","protected":false},"excerpt":{"rendered":"<p>Cher partenaire m\u00e9dia; Le pr\u00e9sident de la Conf\u00e9d\u00e9ration des Entreprises Citoyennes de Tunisie, CONECT, M. Tarak Cherif, a re\u00e7u l\u2019Ambassadeur de la R\u00e9publique f\u00e9d\u00e9rale d\u2019Allemagne, son excellence M. Peter Pr\u00fcgel, et ce au si\u00e8ge de la CONECT.La r\u00e9union a port\u00e9 sur le potentiel de la Tunisie, ainsi que les leviers cl\u00e9s de la relance \u00e9conomique, [&hellip;]<\/p>\n","protected":false},"author":1775,"featured_media":0,"comment_status":"closed","ping_status":"closed","sticky":false,"template":"","format":"standard","meta":{"fifu_image_url":"http:\/\/0.gravatar.com\/avatar\/97f8e10a1c1125ba104a76514ee07b16?s=150&d=mm&r=g","fifu_image_alt":"Rencontre entre le pr\u00e9sident de la CONECT M. Tarak Cherif et l\u2019ambassadeur d\u2019Allemagne en Tunisie, son excellence M. Peter Pr\u00fcgel","footnotes":""},"categories":[78,55],"tags":[],"class_list":["post-109775","post","type-post","status-publish","format-standard","hentry","category-economie","category-tunisie"],"_links":{"self":[{"href":"https:\/\/linitiative.ca\/International\/wp-json\/wp\/v2\/posts\/109775","targetHints":{"allow":["GET"]}}],"collection":[{"href":"https:\/\/linitiative.ca\/International\/wp-json\/wp\/v2\/posts"}],"about":[{"href":"https:\/\/linitiative.ca\/International\/wp-json\/wp\/v2\/types\/post"}],"author":[{"embeddable":true,"href":"https:\/\/linitiative.ca\/International\/wp-json\/wp\/v2\/users\/1775"}],"replies":[{"embeddable":true,"href":"https:\/\/linitiative.ca\/International\/wp-json\/wp\/v2\/comments?post=109775"}],"version-history":[{"count":0,"href":"https:\/\/linitiative.ca\/International\/wp-json\/wp\/v2\/posts\/109775\/revisions"}],"wp:attachment":[{"href":"https:\/\/linitiative.ca\/International\/wp-json\/wp\/v2\/media?parent=109775"}],"wp:term":[{"taxonomy":"category","embeddable":true,"href":"https:\/\/linitiative.ca\/International\/wp-json\/wp\/v2\/categories?post=109775"},{"taxonomy":"post_tag","embeddable":true,"href":"https:\/\/linitiative.ca\/International\/wp-json\/wp\/v2\/tags?post=109775"}],"curies":[{"name":"wp","href":"https:\/\/api.w.org\/{rel}","templated":true}]}}