{"id":109776,"date":"2021-01-22T07:01:30","date_gmt":"2021-01-22T12:01:30","guid":{"rendered":"https:\/\/linitiative.ca\/International\/utica-samir-majoul-recoit-une-delegation-du-parti-qalb-tounes\/"},"modified":"2021-01-22T07:01:30","modified_gmt":"2021-01-22T12:01:30","slug":"utica-samir-majoul-recoit-une-delegation-du-parti-qalb-tounes","status":"publish","type":"post","link":"https:\/\/linitiative.ca\/International\/utica-samir-majoul-recoit-une-delegation-du-parti-qalb-tounes\/","title":{"rendered":"UTICA : Samir Majoul re\u00e7oit une d\u00e9l\u00e9gation du parti Qalb Tounes"},"content":{"rendered":"<div class=\"td-post-content\">\n<h2>Le pr\u00e9sident de l\u2019UTICA, Samir Majoul, a re\u00e7u, le 22 janvier, une d\u00e9l\u00e9gation du parti Qalb Tounes. La d\u00e9l\u00e9gation \u00e9tait accompagn\u00e9e de Salwa Smaoui, \u00e9pouse du chef du parti,\u00a0<a href=\"http:\/\/www.leconomistemaghrebin.com\/2021\/01\/21\/propos-rached-ghannouchi-larrestation-nabil-karoui-lecture-personnelle-evenements\/\" target=\"_blank\" rel=\"noopener noreferrer\">Nabil Karoui<\/a>. Des membres du bureau ex\u00e9cutif de l\u2019UTICA avaient aussi assist\u00e9 \u00e0 la r\u00e9union.<\/h2>\n<p>La r\u00e9union a eu lieu dans les locaux de\u00a0<a href=\"https:\/\/www.utica.org.tn\/Fr\/\" target=\"_blank\" rel=\"noopener noreferrer\">l\u2019Union tunisienne de l\u2019industrie, du commerce et de l\u2019artisanat<\/a>. Elle a, d\u2019une part, port\u00e9 sur la situation g\u00e9n\u00e9rale du pays. Les participants ont d\u00e9battu des difficult\u00e9s \u00e9conomiques et sociales que traverse la Tunisie. Selon le communiqu\u00e9 de l\u2019UTICA, ils ont \u00e9voqu\u00e9 la n\u00e9cessit\u00e9\u00a0 d\u2019un programme de sauvetage.<\/p>\n<p>Ce programme doit comporter un ensemble de r\u00e9formes structurelles afin de stimuler l\u2019\u00e9conomie. Ceci permettra \u00e9galement de stimuler les investissements et les exportations et d\u2019am\u00e9liorer le climat des affaires.<\/p>\n<p>D\u2019autre part, la r\u00e9union a abord\u00e9 la question de la d\u00e9tention de Nabil Karoui. A ce sujet, la d\u00e9l\u00e9gation du parti a apport\u00e9 des \u00e9claircissements sur la situation du chef du parti.<\/p>\n<p>De son c\u00f4t\u00e9, l\u2019UTICA a rappel\u00e9 l\u2019avis de l\u2019organisation \u00e0 ce sujet. Les officiels de l\u2019UTICA ont consid\u00e9r\u00e9 qu\u2019il s\u2019agissait d\u2019une question de principe. Les infractions \u00e9conomiques ne doivent pas entra\u00eener des sanctions privatives de libert\u00e9. Par la m\u00eame occasion, l\u2019organisation a soulign\u00e9 la n\u00e9cessit\u00e9 de r\u00e9viser la l\u00e9gislation en vigueur \u00e0 cet \u00e9gard.<\/p>\n<p>Enfin, les membres du bureau ex\u00e9cutif de l\u2019UTICA ont affirm\u00e9 leur soutien aux institutions judiciaires. Ils ont aussi rappel\u00e9 leur pleine confiance en elles.<\/p>\n<\/div>\n<footer>\n<\/footer>\n<div class=\"wp-post-author-wrap wp-post-author-shortcode left\">\n<h3 class=\"awpa-title\"\/>\n<div class=\"wp-post-author\">\n<div class=\"awpa-img awpa-author-block square\"><a href=\"http:\/\/lexpertjournal.net\/fr\/?author=5\"><img loading=\"lazy\" decoding=\"async\" alt=\"\" src=\"http:\/\/0.gravatar.com\/avatar\/97f8e10a1c1125ba104a76514ee07b16?s=150&amp;d=mm&amp;r=g\" srcset=\"http:\/\/0.gravatar.com\/avatar\/97f8e10a1c1125ba104a76514ee07b16?s=300&amp;d=mm&amp;r=g 2x\" class=\"avatar avatar-150 photo\" height=\"150\" width=\"150\"\/><\/a><\/div>\n<\/div>\n<\/div>\n<aside class=\"mashsb-container mashsb-main mashsb-stretched\">\n<\/aside>\n<p>Auteur: L&rsquo;expert<br \/>\n<a href=\"http:\/\/lexpertjournal.net\/fr\/?p=18278\">Cliquez ici pour lire l&rsquo;article depuis sa source.<\/a><\/p>\n","protected":false},"excerpt":{"rendered":"<p>Le pr\u00e9sident de l\u2019UTICA, Samir Majoul, a re\u00e7u, le 22 janvier, une d\u00e9l\u00e9gation du parti Qalb Tounes. La d\u00e9l\u00e9gation \u00e9tait accompagn\u00e9e de Salwa Smaoui, \u00e9pouse du chef du parti,\u00a0Nabil Karoui. Des membres du bureau ex\u00e9cutif de l\u2019UTICA avaient aussi assist\u00e9 \u00e0 la r\u00e9union. La r\u00e9union a eu lieu dans les locaux de\u00a0l\u2019Union tunisienne de l\u2019industrie, [&hellip;]<\/p>\n","protected":false},"author":1775,"featured_media":0,"comment_status":"closed","ping_status":"closed","sticky":false,"template":"","format":"standard","meta":{"fifu_image_url":"http:\/\/0.gravatar.com\/avatar\/97f8e10a1c1125ba104a76514ee07b16?s=150&d=mm&r=g","fifu_image_alt":"UTICA : Samir Majoul re\u00e7oit une d\u00e9l\u00e9gation du parti Qalb Tounes","footnotes":""},"categories":[78,55],"tags":[],"class_list":["post-109776","post","type-post","status-publish","format-standard","hentry","category-economie","category-tunisie"],"_links":{"self":[{"href":"https:\/\/linitiative.ca\/International\/wp-json\/wp\/v2\/posts\/109776","targetHints":{"allow":["GET"]}}],"collection":[{"href":"https:\/\/linitiative.ca\/International\/wp-json\/wp\/v2\/posts"}],"about":[{"href":"https:\/\/linitiative.ca\/International\/wp-json\/wp\/v2\/types\/post"}],"author":[{"embeddable":true,"href":"https:\/\/linitiative.ca\/International\/wp-json\/wp\/v2\/users\/1775"}],"replies":[{"embeddable":true,"href":"https:\/\/linitiative.ca\/International\/wp-json\/wp\/v2\/comments?post=109776"}],"version-history":[{"count":0,"href":"https:\/\/linitiative.ca\/International\/wp-json\/wp\/v2\/posts\/109776\/revisions"}],"wp:attachment":[{"href":"https:\/\/linitiative.ca\/International\/wp-json\/wp\/v2\/media?parent=109776"}],"wp:term":[{"taxonomy":"category","embeddable":true,"href":"https:\/\/linitiative.ca\/International\/wp-json\/wp\/v2\/categories?post=109776"},{"taxonomy":"post_tag","embeddable":true,"href":"https:\/\/linitiative.ca\/International\/wp-json\/wp\/v2\/tags?post=109776"}],"curies":[{"name":"wp","href":"https:\/\/api.w.org\/{rel}","templated":true}]}}