{"id":109777,"date":"2021-01-22T07:05:13","date_gmt":"2021-01-22T12:05:13","guid":{"rendered":"https:\/\/linitiative.ca\/International\/dimportantes-quantites-de-riz-de-cafe-et-de-lait-importees-par-loct-sont-avariees\/"},"modified":"2021-01-22T07:05:13","modified_gmt":"2021-01-22T12:05:13","slug":"dimportantes-quantites-de-riz-de-cafe-et-de-lait-importees-par-loct-sont-avariees","status":"publish","type":"post","link":"https:\/\/linitiative.ca\/International\/dimportantes-quantites-de-riz-de-cafe-et-de-lait-importees-par-loct-sont-avariees\/","title":{"rendered":"D\u2019importantes quantit\u00e9s de riz, de caf\u00e9 et de lait import\u00e9es par l\u2019OCT, sont avari\u00e9es"},"content":{"rendered":"<div class=\"td-post-content\">\n<h2>La majorit\u00e9 des quantit\u00e9s de riz import\u00e9es par l\u2019<a href=\"http:\/\/www.commerce.gov.tn\/Fr\/office-du-commerce-de-la-tunisieoct_11_8\" target=\"_blank\" rel=\"noopener noreferrer\">Office de commerce de la Tunisie<\/a>\u00a0(OCT), de la Tha\u00eflande, soit 6500 tonnes, est infest\u00e9e par le charan\u00e7on. A indiqu\u00e9 Jeudi, le pr\u00e9sident de la Commission de l\u2019agriculture, de la s\u00e9curit\u00e9 alimentaire, du commerce et les services li\u00e9s \u00e0 l\u2019ARP, Moez Belhaj Rhouma.<\/h2>\n<p>Les produits import\u00e9s qui se sont av\u00e9r\u00e9s avari\u00e9s sont \u00e9galement, le<a href=\"http:\/\/www.leconomistemaghrebin.com\/2020\/12\/02\/sauver-le-secteur-des-restaurants-cafes-et-petites-professions-que-faire\/\">\u00a0caf\u00e9<\/a>\u00a0( 120 mille tonnes). Et le lait ( 22 mille litres). A ajout\u00e9 Belhaj Rhouma. Une d\u00e9l\u00e9gation de la commission de l\u2019agriculture a effectu\u00e9 ce matin, une visite \u00e0 l\u2019OCT, dans la zone industrielle de Rades. Cette visite intervient apr\u00e8s la r\u00e9ception des informations sur l\u2018importation de quantit\u00e9s de riz, de caf\u00e9 et de lait, avari\u00e9es ou atteintes par le charan\u00e7on, et dont les d\u00e9lais de validit\u00e9 ont expir\u00e9.<\/p>\n<p>La commission a re\u00e7u des rapports comportant des photos et des donn\u00e9es qui d\u00e9voilent une suspicion de mauvaise gestion dans cette op\u00e9ration d\u2019importation. D\u2019apr\u00e8s le d\u00e9put\u00e9, la responsabilit\u00e9 revient au minist\u00e8re du commerce (OCT) et au minist\u00e8re du transport (la Soci\u00e9t\u00e9 tunisienne d\u2019acconage et de manutention -STAM-), pr\u00e9cisant que les 6500 tonnes de riz infest\u00e9es par le charan\u00e7on, ont \u00e9t\u00e9 import\u00e9es depuis le mois de mai 2020. Ces quantit\u00e9s n\u2019ont pas \u00e9t\u00e9 trait\u00e9es par les produits conservateurs, m\u00eame dans les conteneurs, pour \u00e9viter l\u2019apparition du charan\u00e7on.<\/p>\n<p>Belhaj Rhouma a soulign\u00e9 que les quantit\u00e9s de produits conservateurs qui ont \u00e9t\u00e9 utilis\u00e9es n\u2019ont pas d\u00e9pass\u00e9 le 1\/5 des quantit\u00e9s n\u00e9cessaires, permettant de conserver les produits import\u00e9s ( riz et caf\u00e9). Le prix d\u2019achat des quantit\u00e9s de riz infest\u00e9 par le charan\u00e7on ( 6500 tonnes), du caf\u00e9 avari\u00e9 (120 mille tonnes) et du lait aussi impropre \u00e0 la consommation ( 22 mille litres), est plus \u00e9lev\u00e9 que leur prix ordinaire.<\/p>\n<p>Il a mis l\u2019accent sur l\u2019importance de ce dossier. Pour lui, ce dossier est li\u00e9 \u00e0 la s\u00e9curit\u00e9 alimentaire, \u00e0 la lumi\u00e8re de ces infractions. Ces quantit\u00e9s de riz, de caf\u00e9 et de lait ont \u00e9t\u00e9 import\u00e9es de la Tha\u00eflande, par l\u2019interm\u00e9diaire d\u2019une soci\u00e9t\u00e9 Suisse. A fait savoir le pr\u00e9sident de la commission de l\u2019agriculture. Les autorit\u00e9s comp\u00e9tentes\u00a0 ont d\u00e9truit une quantit\u00e9 de pomme de terre import\u00e9e impropre \u00e0 la consommation. La Tunisie est en-dessous de la moyenne mondiale. Et ce\u00a0 pour ce qui est de la destruction des produits import\u00e9s<\/p>\n<p>De son c\u00f4t\u00e9, le directeur g\u00e9n\u00e9ral adjoint \u00e0 l\u2019OCT, Noureddine Salami a indiqu\u00e9 que le taux de destruction ne d\u00e9passe pas les 2% pour le caf\u00e9 et le riz, alors que la moyenne mondiale oscille entre 5% et 7%, ce qui montre que la Tunisie est en -dessous de la moyenne mondiale en mati\u00e8re de destruction des produits import\u00e9s. En outre, la valeur de 90% des quantit\u00e9s d\u00e9truites est r\u00e9cup\u00e9r\u00e9e aupr\u00e8s du fournisseur, vu qu\u2019il y a une assurance de ces produits. Il a pr\u00e9cis\u00e9 que l\u2019op\u00e9ration de destruction est contr\u00f4l\u00e9e par une commission technique sp\u00e9cialis\u00e9e.<\/p>\n<p>L\u2019office importe annuellement 30 mille tonnes de caf\u00e9, 27 mille tonnes de riz, 8 mille tonnes de th\u00e9. Et 360 mille tonnes de sucre. En plus de certains produits comme la pomme de terre, la banane et le lait, dans l\u2019objectif de r\u00e9gulariser le march\u00e9.<\/p>\n<p>La d\u00e9cision d\u2019importation des produits ne rel\u00e8ve pas des pr\u00e9rogatives de l\u2019office. Affirme le PDG de l\u2019OCT, Elyes Ben Ameur . Elles rel\u00e8vent des pr\u00e9rogatives du\u00a0 minist\u00e8re du Commerce dans le cadre de proc\u00e9dures compl\u00e8tes. La d\u00e9cision de la r\u00e9gulation du march\u00e9 revient \u00e0 la Pr\u00e9sidence du gouvernement, comme c\u2019est le cas pour le lait et les pommes de terre. Pr\u00e9cise-t-il.<\/p>\n<p>Avec TAP<\/p>\n<\/div>\n<footer>\n<\/footer>\n<div class=\"wp-post-author-wrap wp-post-author-shortcode left\">\n<h3 class=\"awpa-title\"\/>\n<div class=\"wp-post-author\">\n<div class=\"awpa-img awpa-author-block square\"><a href=\"http:\/\/lexpertjournal.net\/fr\/?author=5\"><img loading=\"lazy\" decoding=\"async\" alt=\"\" src=\"http:\/\/0.gravatar.com\/avatar\/97f8e10a1c1125ba104a76514ee07b16?s=150&amp;d=mm&amp;r=g\" srcset=\"http:\/\/0.gravatar.com\/avatar\/97f8e10a1c1125ba104a76514ee07b16?s=300&amp;d=mm&amp;r=g 2x\" class=\"avatar avatar-150 photo\" height=\"150\" width=\"150\"\/><\/a><\/div>\n<\/div>\n<\/div>\n<aside class=\"mashsb-container mashsb-main mashsb-stretched\">\n<\/aside>\n<p>Auteur: L&rsquo;expert<br \/>\n<a href=\"http:\/\/lexpertjournal.net\/fr\/?p=18281\">Cliquez ici pour lire l&rsquo;article depuis sa source.<\/a><\/p>\n","protected":false},"excerpt":{"rendered":"<p>La majorit\u00e9 des quantit\u00e9s de riz import\u00e9es par l\u2019Office de commerce de la Tunisie\u00a0(OCT), de la Tha\u00eflande, soit 6500 tonnes, est infest\u00e9e par le charan\u00e7on. A indiqu\u00e9 Jeudi, le pr\u00e9sident de la Commission de l\u2019agriculture, de la s\u00e9curit\u00e9 alimentaire, du commerce et les services li\u00e9s \u00e0 l\u2019ARP, Moez Belhaj Rhouma. Les produits import\u00e9s qui se [&hellip;]<\/p>\n","protected":false},"author":1775,"featured_media":0,"comment_status":"closed","ping_status":"closed","sticky":false,"template":"","format":"standard","meta":{"fifu_image_url":"http:\/\/0.gravatar.com\/avatar\/97f8e10a1c1125ba104a76514ee07b16?s=150&d=mm&r=g","fifu_image_alt":"D\u2019importantes quantit\u00e9s de riz, de caf\u00e9 et de lait import\u00e9es par l\u2019OCT, sont avari\u00e9es","footnotes":""},"categories":[78,55],"tags":[],"class_list":["post-109777","post","type-post","status-publish","format-standard","hentry","category-economie","category-tunisie"],"_links":{"self":[{"href":"https:\/\/linitiative.ca\/International\/wp-json\/wp\/v2\/posts\/109777","targetHints":{"allow":["GET"]}}],"collection":[{"href":"https:\/\/linitiative.ca\/International\/wp-json\/wp\/v2\/posts"}],"about":[{"href":"https:\/\/linitiative.ca\/International\/wp-json\/wp\/v2\/types\/post"}],"author":[{"embeddable":true,"href":"https:\/\/linitiative.ca\/International\/wp-json\/wp\/v2\/users\/1775"}],"replies":[{"embeddable":true,"href":"https:\/\/linitiative.ca\/International\/wp-json\/wp\/v2\/comments?post=109777"}],"version-history":[{"count":0,"href":"https:\/\/linitiative.ca\/International\/wp-json\/wp\/v2\/posts\/109777\/revisions"}],"wp:attachment":[{"href":"https:\/\/linitiative.ca\/International\/wp-json\/wp\/v2\/media?parent=109777"}],"wp:term":[{"taxonomy":"category","embeddable":true,"href":"https:\/\/linitiative.ca\/International\/wp-json\/wp\/v2\/categories?post=109777"},{"taxonomy":"post_tag","embeddable":true,"href":"https:\/\/linitiative.ca\/International\/wp-json\/wp\/v2\/tags?post=109777"}],"curies":[{"name":"wp","href":"https:\/\/api.w.org\/{rel}","templated":true}]}}