{"id":109779,"date":"2021-01-21T16:11:58","date_gmt":"2021-01-21T21:11:58","guid":{"rendered":"https:\/\/linitiative.ca\/International\/le-maroc-contribue-a-la-decouverte-dune-vie-microbienne-extremophile\/"},"modified":"2021-01-21T16:11:58","modified_gmt":"2021-01-21T21:11:58","slug":"le-maroc-contribue-a-la-decouverte-dune-vie-microbienne-extremophile","status":"publish","type":"post","link":"https:\/\/linitiative.ca\/International\/le-maroc-contribue-a-la-decouverte-dune-vie-microbienne-extremophile\/","title":{"rendered":"Le Maroc contribue \u00e0 la d\u00e9couverte d\u2019une vie microbienne extr\u00eamophile"},"content":{"rendered":"<div readability=\"34\">\n<p>Marrakech \u2013 Une \u00e9quipe de recherche de la Facult\u00e9 des Sciences Semlalia relevant de l\u2019Universit\u00e9 Cadi Ayyad (UCA) de Marrakech a contribu\u00e9 \u00e0 la d\u00e9couverte d\u2019une vie microbienne extr\u00eamophile en milieux confin\u00e9s datant de 570 millions d\u2019ann\u00e9es.<\/p>\n<\/div>\n<div readability=\"101\">\n<p>Publi\u00e9e dans la revue scientifique internationale Geobiology et men\u00e9e par une \u00e9quipe de recherche de l\u2019UCA dans le cadre du doctorat de Mme Ibtissam Chraiki, en collaboration avec des chercheurs de France (Univ. de Poitiers) et d\u2019Angleterre (Univ. de Cardiff), cette \u00e9tude\u00a0a montr\u00e9 que des microbes ont su coloniser et prosp\u00e9rer dans des milieux extr\u00eamophiles associ\u00e9s \u00e0 un environnement tr\u00e8s confin\u00e9 du lac volcanique, a pr\u00e9cis\u00e9 l\u2019UCA dans un communiqu\u00e9.<\/p>\n<p>L\u2019\u00e9mergence des premi\u00e8res traces de vie sur Terre est survenue entre 3,5 et 3,8 milliards d\u2019ann\u00e9es, sous forme microbienne (bact\u00e9ries). Ces organismes r\u00e9sisteront \u00e0 toutes les crises biologiques et environnementales, traversant les temps g\u00e9ologiques jusqu\u2019\u00e0 nos jours.<\/p>\n<p>Bien avant l\u2019apparition des organismes complexes, vers 570 millions d\u2019ann\u00e9es, les communaut\u00e9s microbiennes occupaient d\u00e9j\u00e0 presque tous les \u00e9cosyst\u00e8mes, marins comme continentaux.<\/p>\n<p>Cette \u00e9tude, qui s\u2019inscrit dans le cadre du projet intitul\u00e9 \u00ab\u00a0Etude int\u00e9gr\u00e9e de l\u2019\u00e9volution de la biosph\u00e8re en relation avec les fluctuations du niveau d\u2019oxyg\u00e8ne enregistr\u00e9es depuis le Prot\u00e9rozo\u00efque jusqu\u2019au Cambrien\u00a0\u00bb soutenu par l\u2019Acad\u00e9mie Hassan II des Sciences et techniques, a \u00e9t\u00e9 men\u00e9e sur l\u2019un des rares t\u00e9moins du d\u00e9veloppement de communaut\u00e9s microbiennes adapt\u00e9s aux environnements extr\u00eames dans une zone situ\u00e9e au sud-est du Maroc dans la r\u00e9gion de Ouarzazate, pr\u00e8s de la localit\u00e9 d\u2019AmaneTazgart, o\u00f9 les traces de vie sont en excellent \u00e9tat de conservation.<\/p>\n<p>Les r\u00e9sultats obtenus apportent des preuves fossiles indubitables que des microorganismes ont su s\u2019adapter de mani\u00e8re \u00e9tonnante \u00e0 des milieux tr\u00e8s divers, dans des conditions extr\u00eames.<\/p>\n<p>Le site a r\u00e9v\u00e9l\u00e9 des constructions biologiques associ\u00e9es \u00e0 l\u2019activit\u00e9 de colonies bact\u00e9riennes connues sous le nom de \u00ab\u00a0stromatolithes\u00a0\u00bb. Dat\u00e9s de 571 Ma, ils sont parmi les \u00e9difices biologiques les mieux conserv\u00e9s de cette p\u00e9riode (Pr\u00e9cambrien) pour l\u2019ensemble du continent africain et dans ce type de contexte g\u00e9ologique.<\/p>\n<p>Ces colonies se sont d\u00e9velopp\u00e9es\u00a0dans un lac de caldeira volcanique, o\u00f9 les temp\u00e9ratures \u00e9taient relativement \u00e9lev\u00e9es et les eaux \u00e0 la fois salines et alcalines. Autant de conditions inhospitali\u00e8res que l\u2019on a longtemps consid\u00e9r\u00e9es comme impossibles au d\u00e9veloppement de toute forme de vie.<\/p>\n<p>C\u2019est pourquoi, les conditions extr\u00eames dans lesquelles ces communaut\u00e9s microbiennes ont v\u00e9cu et se sont d\u00e9velopp\u00e9es ont r\u00e9cemment suscit\u00e9 l\u2019int\u00e9r\u00eat de la NASA.<\/p>\n<p>Un tel t\u00e9moignage pourrait servir d\u2019analogue terrestre pour la recherche de formes de vie simples susceptibles d\u2019exister sur d\u2019autres plan\u00e8tes, en apparence non viables selon les th\u00e9ories classiques.<\/p>\n<p>Enfin, la particularit\u00e9 et la qualit\u00e9 de conservation de ce site et son int\u00e9r\u00eat scientifique, p\u00e9dagogique et g\u00e9o-touristique n\u00e9cessitent d\u2019\u0153uvrer pour sa pr\u00e9servation, permettant d\u2019envisager son inscription au patrimoine mondial de l\u2019UNESCO.<\/p>\n<p>Les rares d\u00e9couvertes faites ces derni\u00e8res ann\u00e9es ont permis d\u2019ouvrir des chantiers de recherche de tr\u00e8s haut niveau \u00e0 l\u2019\u00e9chelle mondiale.<\/p>\n<p>Parmi des d\u00e9couvertes majeures de cette derni\u00e8re d\u00e9cennie sont celles faites au Gabon en 2010 et 2019 par une \u00e9quipe internationale dirig\u00e9e par le Prof. Abderrazak\u00a0El Albani (natif de Marrakech), chercheur de l\u2019Universit\u00e9 de Poitiers-CNRS (France).<\/p>\n<\/div>\n<p>Auteur: Meriem IGASS<br \/>\n<a href=\"http:\/\/www.mapmarrakech.ma\/fr\/une-equipe-marocaine-contribue-a-la-decouverte-dune-vie-microbienne-extremophile\/\">Cliquez ici pour lire l&rsquo;article depuis sa source.<\/a><\/p>\n","protected":false},"excerpt":{"rendered":"<p>Marrakech \u2013 Une \u00e9quipe de recherche de la Facult\u00e9 des Sciences Semlalia relevant de l\u2019Universit\u00e9 Cadi Ayyad (UCA) de Marrakech a contribu\u00e9 \u00e0 la d\u00e9couverte d\u2019une vie microbienne extr\u00eamophile en milieux confin\u00e9s datant de 570 millions d\u2019ann\u00e9es. Publi\u00e9e dans la revue scientifique internationale Geobiology et men\u00e9e par une \u00e9quipe de recherche de l\u2019UCA dans le [&hellip;]<\/p>\n","protected":false},"author":1788,"featured_media":0,"comment_status":"closed","ping_status":"closed","sticky":false,"template":"","format":"standard","meta":{"fifu_image_url":"","fifu_image_alt":"","footnotes":""},"categories":[54,76],"tags":[],"class_list":["post-109779","post","type-post","status-publish","format-standard","hentry","category-maroc","category-regions"],"_links":{"self":[{"href":"https:\/\/linitiative.ca\/International\/wp-json\/wp\/v2\/posts\/109779","targetHints":{"allow":["GET"]}}],"collection":[{"href":"https:\/\/linitiative.ca\/International\/wp-json\/wp\/v2\/posts"}],"about":[{"href":"https:\/\/linitiative.ca\/International\/wp-json\/wp\/v2\/types\/post"}],"author":[{"embeddable":true,"href":"https:\/\/linitiative.ca\/International\/wp-json\/wp\/v2\/users\/1788"}],"replies":[{"embeddable":true,"href":"https:\/\/linitiative.ca\/International\/wp-json\/wp\/v2\/comments?post=109779"}],"version-history":[{"count":0,"href":"https:\/\/linitiative.ca\/International\/wp-json\/wp\/v2\/posts\/109779\/revisions"}],"wp:attachment":[{"href":"https:\/\/linitiative.ca\/International\/wp-json\/wp\/v2\/media?parent=109779"}],"wp:term":[{"taxonomy":"category","embeddable":true,"href":"https:\/\/linitiative.ca\/International\/wp-json\/wp\/v2\/categories?post=109779"},{"taxonomy":"post_tag","embeddable":true,"href":"https:\/\/linitiative.ca\/International\/wp-json\/wp\/v2\/tags?post=109779"}],"curies":[{"name":"wp","href":"https:\/\/api.w.org\/{rel}","templated":true}]}}