{"id":109781,"date":"2021-01-22T05:36:31","date_gmt":"2021-01-22T10:36:31","guid":{"rendered":"https:\/\/linitiative.ca\/International\/lartiste-peintre-sonia-bennis-expose-ses-recentes-oeuvres\/"},"modified":"2021-01-22T05:36:31","modified_gmt":"2021-01-22T10:36:31","slug":"lartiste-peintre-sonia-bennis-expose-ses-recentes-oeuvres","status":"publish","type":"post","link":"https:\/\/linitiative.ca\/International\/lartiste-peintre-sonia-bennis-expose-ses-recentes-oeuvres\/","title":{"rendered":"L\u2019artiste-peintre Sonia Bennis expose ses r\u00e9centes \u0153uvres"},"content":{"rendered":"<div readability=\"35\">\n<p>Marrakech \u2013 L\u2019artiste-peintre Sonia Bennis a choisi Marrakech, sa ville natale, pour organiser sa toute premi\u00e8re exposition sous le th\u00e8me \u00ab\u00a0Unicit\u00e9\u00a0\u00bb.<\/p>\n<\/div>\n<div readability=\"97\">\n<p>Visible jusqu\u2019au 20 f\u00e9vrier prochain sur les cimaises d\u2019un palace de la cit\u00e9 ocre, cette exposition donne \u00e0 voir et \u00e0 appr\u00e9cier une myriade d\u2019\u0153uvres d\u2019art, dont des toiles et des tables pr\u00e9sent\u00e9es comme des bijoux d\u2019art.<\/p>\n<p>L\u2019artiste Sonia Bennis manipule depuis plusieurs ann\u00e9es diff\u00e9rents mat\u00e9riaux tels que la p\u00e2te de verre, l\u2019argile, les \u0153ufs d\u2019autruche et le bois en passant par des m\u00e9taux comme le maillechort et le cuivre, ainsi que plusieurs techniques artistiques, dont la sculpture et diff\u00e9rentes techniques de peinture.<\/p>\n<p>Aujourd\u2019hui, elle combine tout ce savoir et propulse son instinct cr\u00e9atif en choisissant un nouveau champ d\u2019expression qu\u2019elle d\u00e9voile au large public au travers de sa premi\u00e8re exposition o\u00f9 sont pr\u00e9sentes une s\u00e9lection d\u2019\u0153uvres d\u2019art, dont des toiles et des tables.<\/p>\n<p>Fascin\u00e9e par le travail de la r\u00e9sine et inspir\u00e9e par la noblesse et l\u2019authenticit\u00e9 du bois, Sonia Bennis confectionne des tables d\u00e9coratives qui donnent l\u2019illusion d\u2019\u00eatre mouvantes. Chaque pi\u00e8ce de bois par sa forme, sa couleur et son ramage inspire l\u2019artiste pour ses cr\u00e9ations et la transporte dans un univers envo\u00fbtant d\u2019\u00e9motion.<\/p>\n<p>C\u2019est l\u2019\u00e2me et l\u2019histoire centenaire de ce meuble que l\u2019artiste traduit aujourd\u2019hui de mani\u00e8re unique dans chacune de ses \u0153uvres, embellies d\u2019une expression toute particuli\u00e8re qui transforme l\u2019espace de vie en galerie d\u2019art. Pour elle, ces accessoires forment des \u00e9nergies magiques, des rappels heureux d\u2019endroits diff\u00e9rents et lointains.<\/p>\n<p>Cette artiste, \u00ab\u00a0r\u00eaveuse et inspirante, cr\u00e9ative et dynamique, passionn\u00e9e et militante, au grand c\u0153ur et engag\u00e9e\u00a0\u00bb, est investie dans la cause de l\u2019enfance par son implication dans la Ligue marocaine pour la protection de l\u2019enfance (LMPE), section de Marrakech.<\/p>\n<p>Depuis toujours, le Maroc occupe une place particuli\u00e8re dans son c\u0153ur : La culture, le peuple, le territoire, la communaut\u00e9.<\/p>\n<p>Cette artiste-peintre, originaire de la ville spirituelle et native de la cit\u00e9 ocre, a g\u00e9r\u00e9 pendant plusieurs ann\u00e9es un grand groupe de renom, tout en \u00e9tant impliqu\u00e9e dans de nombreux projets humanitaires et associatifs.<\/p>\n<p>Elle est aussi une grande passionn\u00e9e de la diversit\u00e9 culturelle et de rencontres avec les civilisations lointaines. C\u2019est pour cela qu\u2019elle fait de ses voyages des moments magiques de d\u00e9couvertes des diff\u00e9rences culturelles.<\/p>\n<p>Sonia Bennis \u00e9volue constamment dans sa qu\u00eate de compr\u00e9hension des diff\u00e9rences ethniques dans un respect et une acceptation des croyances de l\u2019autre.<\/p>\n<\/div>\n<p>Auteur: Meriem IGASS<br \/>\n<a href=\"http:\/\/www.mapmarrakech.ma\/fr\/lartiste-peintre-sonia-bennis-expose-ses-recentes-oeuvres\/\">Cliquez ici pour lire l&rsquo;article depuis sa source.<\/a><\/p>\n","protected":false},"excerpt":{"rendered":"<p>Marrakech \u2013 L\u2019artiste-peintre Sonia Bennis a choisi Marrakech, sa ville natale, pour organiser sa toute premi\u00e8re exposition sous le th\u00e8me \u00ab\u00a0Unicit\u00e9\u00a0\u00bb. Visible jusqu\u2019au 20 f\u00e9vrier prochain sur les cimaises d\u2019un palace de la cit\u00e9 ocre, cette exposition donne \u00e0 voir et \u00e0 appr\u00e9cier une myriade d\u2019\u0153uvres d\u2019art, dont des toiles et des tables pr\u00e9sent\u00e9es comme [&hellip;]<\/p>\n","protected":false},"author":1788,"featured_media":0,"comment_status":"closed","ping_status":"closed","sticky":false,"template":"","format":"standard","meta":{"fifu_image_url":"","fifu_image_alt":"","footnotes":""},"categories":[54,76],"tags":[],"class_list":["post-109781","post","type-post","status-publish","format-standard","hentry","category-maroc","category-regions"],"_links":{"self":[{"href":"https:\/\/linitiative.ca\/International\/wp-json\/wp\/v2\/posts\/109781","targetHints":{"allow":["GET"]}}],"collection":[{"href":"https:\/\/linitiative.ca\/International\/wp-json\/wp\/v2\/posts"}],"about":[{"href":"https:\/\/linitiative.ca\/International\/wp-json\/wp\/v2\/types\/post"}],"author":[{"embeddable":true,"href":"https:\/\/linitiative.ca\/International\/wp-json\/wp\/v2\/users\/1788"}],"replies":[{"embeddable":true,"href":"https:\/\/linitiative.ca\/International\/wp-json\/wp\/v2\/comments?post=109781"}],"version-history":[{"count":0,"href":"https:\/\/linitiative.ca\/International\/wp-json\/wp\/v2\/posts\/109781\/revisions"}],"wp:attachment":[{"href":"https:\/\/linitiative.ca\/International\/wp-json\/wp\/v2\/media?parent=109781"}],"wp:term":[{"taxonomy":"category","embeddable":true,"href":"https:\/\/linitiative.ca\/International\/wp-json\/wp\/v2\/categories?post=109781"},{"taxonomy":"post_tag","embeddable":true,"href":"https:\/\/linitiative.ca\/International\/wp-json\/wp\/v2\/tags?post=109781"}],"curies":[{"name":"wp","href":"https:\/\/api.w.org\/{rel}","templated":true}]}}