{"id":109784,"date":"2021-01-21T15:10:44","date_gmt":"2021-01-21T20:10:44","guid":{"rendered":"https:\/\/linitiative.ca\/International\/le-chantier-de-reforme-des-cri-commence-a-produire-des-effets-positifs\/"},"modified":"2021-01-21T15:10:44","modified_gmt":"2021-01-21T20:10:44","slug":"le-chantier-de-reforme-des-cri-commence-a-produire-des-effets-positifs","status":"publish","type":"post","link":"https:\/\/linitiative.ca\/International\/le-chantier-de-reforme-des-cri-commence-a-produire-des-effets-positifs\/","title":{"rendered":"Le chantier de r\u00e9forme des CRI commence \u00e0 produire des effets positifs"},"content":{"rendered":"<p class=\"c4\">Le chantier de r\u00e9forme des Centres r\u00e9gionaux d\u2019investissement (CRI), lanc\u00e9 r\u00e9cemment, a d\u00e9j\u00e0 commenc\u00e9 \u00e0 produire des effets positifs, a affirm\u00e9, jeudi \u00e0 Rabat, le\u00a0Chef du Gouvernement, Saad Dine El Otmani.<\/p>\n<p class=\"c4\">S\u2019exprimant en ouverture du Conseil de gouvernement, M. El Otmani a relev\u00e9 que les indicateurs r\u00e9v\u00e8lent une hausse de pr\u00e8s de 50%\u00a0du nombre de projets d\u2019investissement accompagn\u00e9s par les CRI par rapport \u00e0 2019 et 2020, ainsi qu\u2019une baisse des d\u00e9lais moyens de traitement des dossiers d\u2019investissement, pass\u00e9s de plus de 100 jours \u00e0 moins d\u2019un mois,\u00a0a indiqu\u00e9 le ministre de l\u2019\u00c9ducation nationale, de la Formation professionnelle, de l\u2019Enseignement sup\u00e9rieur et de la Recherche scientifique, porte-parole du gouvernement, Saaid Amzazi, dans un communiqu\u00e9 lu lors d\u2019un point de presse \u00e0 l\u2019issue du Conseil tenu en visioconf\u00e9rence.<\/p>\n<p class=\"c4\">Dans ce sens, M. El Otmani a soulign\u00e9 l\u2019importance de la plateforme num\u00e9rique des CRI, qui s\u2019inscrit dans le cadre de l\u2019engagement constant du gouvernement \u00e0 promouvoir et \u00e0 encourager l\u2019investissement, comme \u00e9tant un producteur de richesse et un g\u00e9n\u00e9rateur d\u2019opportunit\u00e9s de travail, notamment au profit des jeunes.<\/p>\n<p class=\"c4\">Le chantier de r\u00e9forme des CRI par rapport auquel Sa Majest\u00e9 le Roi Mohammed VI a \u00e9mis des directives claires, \u00e0 la suite desquelles a \u00e9t\u00e9 promulgu\u00e9e la loi relative \u00e0 la r\u00e9forme des CRI conf\u00e9rant \u00e0 ces centres l\u2019ind\u00e9pendance administrative et financi\u00e8re et leur permettant de disposer de comp\u00e9tences larges et claires en vue d\u2019acc\u00e9l\u00e9rer le rythme d\u2019autorisation des investissements, constitue l\u2019une des manifestations de cet engagement, a soulign\u00e9 M. El Otmani.<\/p>\n<p class=\"c4\">Le gouvernement, a-t-il indiqu\u00e9, a accompagn\u00e9 ces centres en \u00e9mettant un certain nombre de dispositions l\u00e9gislatives et organisationnelles, orient\u00e9es vers la simplification des proc\u00e9dures, la cons\u00e9cration de la clart\u00e9 et de la transparence et l\u2019atteinte de l\u2019efficacit\u00e9, tout en fournissant le soutien logistique et technique n\u00e9cessaire, notant que la plate-forme num\u00e9rique des CRI s\u2019inscrit dans le cadre de\u00a0ces proc\u00e9dures.<\/p>\n<p class=\"c4\">A cet \u00e9gard, le Chef du gouvernement a adress\u00e9 ses remerciements \u00e0 tous les d\u00e9partements gouvernementaux qui contribuent \u00e0 ce chantier, notamment le minist\u00e8re de l\u2019Int\u00e9rieur et le minist\u00e8re en charge de l\u2019investissement, ainsi que MM. les gouverneurs et directeurs des CRI et des collectivit\u00e9s territoriales\u00a0ainsi qu\u2019\u00e0 tous les acteurs impliqu\u00e9s, pour leurs efforts d\u00e9ploy\u00e9s en vue de r\u00e9ussir ce chantier vital, en particuliers dans ces circonstances difficiles impos\u00e9es par la pand\u00e9mie du coronavirus et de ses r\u00e9percussions\u00a0\u00e9conomiques.<\/p>\n<p class=\"c4\">M. El Otmani a appel\u00e9 \u00e0 redoubler d\u2019efforts afin de consolider la confiance des investisseurs nationaux et internationaux envers l\u2019administration et le climat des affaires et \u00e0 les encourager \u00e0 investir davantage dans le Royaume qui jouit de la s\u00e9curit\u00e9 et de la stabilit\u00e9 et qui accomplit des r\u00e9alisations remarquables sous la sage conduite de Sa Majest\u00e9 le Roi Mohammed VI.<\/p>\n<p>Auteur: Soufiane ELAHMAR<br \/>\n<a href=\"http:\/\/www.mapoujda.ma\/fr\/le-chantier-de-reforme-des-cri-commence-a-produire-des-effets-positifs\/\">Cliquez ici pour lire l&rsquo;article depuis sa source.<\/a><\/p>\n","protected":false},"excerpt":{"rendered":"<p>Le chantier de r\u00e9forme des Centres r\u00e9gionaux d\u2019investissement (CRI), lanc\u00e9 r\u00e9cemment, a d\u00e9j\u00e0 commenc\u00e9 \u00e0 produire des effets positifs, a affirm\u00e9, jeudi \u00e0 Rabat, le\u00a0Chef du Gouvernement, Saad Dine El Otmani. S\u2019exprimant en ouverture du Conseil de gouvernement, M. El Otmani a relev\u00e9 que les indicateurs r\u00e9v\u00e8lent une hausse de pr\u00e8s de 50%\u00a0du nombre de [&hellip;]<\/p>\n","protected":false},"author":1788,"featured_media":0,"comment_status":"closed","ping_status":"closed","sticky":false,"template":"","format":"standard","meta":{"fifu_image_url":"","fifu_image_alt":"","footnotes":""},"categories":[54,76],"tags":[],"class_list":["post-109784","post","type-post","status-publish","format-standard","hentry","category-maroc","category-regions"],"_links":{"self":[{"href":"https:\/\/linitiative.ca\/International\/wp-json\/wp\/v2\/posts\/109784","targetHints":{"allow":["GET"]}}],"collection":[{"href":"https:\/\/linitiative.ca\/International\/wp-json\/wp\/v2\/posts"}],"about":[{"href":"https:\/\/linitiative.ca\/International\/wp-json\/wp\/v2\/types\/post"}],"author":[{"embeddable":true,"href":"https:\/\/linitiative.ca\/International\/wp-json\/wp\/v2\/users\/1788"}],"replies":[{"embeddable":true,"href":"https:\/\/linitiative.ca\/International\/wp-json\/wp\/v2\/comments?post=109784"}],"version-history":[{"count":0,"href":"https:\/\/linitiative.ca\/International\/wp-json\/wp\/v2\/posts\/109784\/revisions"}],"wp:attachment":[{"href":"https:\/\/linitiative.ca\/International\/wp-json\/wp\/v2\/media?parent=109784"}],"wp:term":[{"taxonomy":"category","embeddable":true,"href":"https:\/\/linitiative.ca\/International\/wp-json\/wp\/v2\/categories?post=109784"},{"taxonomy":"post_tag","embeddable":true,"href":"https:\/\/linitiative.ca\/International\/wp-json\/wp\/v2\/tags?post=109784"}],"curies":[{"name":"wp","href":"https:\/\/api.w.org\/{rel}","templated":true}]}}