{"id":109785,"date":"2021-01-21T15:24:39","date_gmt":"2021-01-21T20:24:39","guid":{"rendered":"https:\/\/linitiative.ca\/International\/lump-a-lheure-des-journees-internationales-de-lintelligence-artificielle\/"},"modified":"2021-01-21T15:24:39","modified_gmt":"2021-01-21T20:24:39","slug":"lump-a-lheure-des-journees-internationales-de-lintelligence-artificielle","status":"publish","type":"post","link":"https:\/\/linitiative.ca\/International\/lump-a-lheure-des-journees-internationales-de-lintelligence-artificielle\/","title":{"rendered":"L\u2019UMP \u00e0 l\u2019heure des Journ\u00e9es internationales de l\u2019intelligence artificielle"},"content":{"rendered":"<p class=\"c4\">\u00abIntelligence Artificielle, Data et Ethique\u00bb est le th\u00e8me de la 3\u00e8me \u00e9dition des Journ\u00e9es internationales de l\u2019intelligence artificielle, organis\u00e9e par l\u2019Universit\u00e9 Mohammed Premier d\u2019Oujda (UMPO) avec ses partenaires dans le cadre de ses activit\u00e9s scientifiques.<\/p>\n<p class=\"c4\">Les travaux de cette rencontre en ligne de deux jours, qui ont d\u00e9but\u00e9 jeudi, connaissent la participation de plusieurs experts, scientifiques et chercheurs chevronn\u00e9s venus d\u2019horizons diff\u00e9rents pour cr\u00e9er un espace de d\u00e9bats et partager les r\u00e9sultats des recherches les plus r\u00e9centes autour de l\u2019Intelligence Artificielle (IA) et de ses diff\u00e9rents domaines et aspects.<\/p>\n<p class=\"c4\">Les \u00e9quipes et laboratoires de recherche de l\u2019UMPO, qui s\u2019int\u00e9ressent \u00e0 ces questions depuis des ann\u00e9es, ont mis en place ces journ\u00e9es de d\u00e9bats pour ouvrir un espace Sud o\u00f9 il serait possible, dans le cadre d\u2019\u00e9changes constructifs, de faire le point en mati\u00e8re de recherche sur l\u2019IA et de faire avancer \u00e9galement le d\u00e9bat sur la r\u00e9gulation et l\u2019accompagnement moral des questions s\u2019y rapportant.<\/p>\n<p class=\"c4\">L\u2019organisation de ces journ\u00e9es scientifiques a pour objectif donc, d\u2019\u00e9tudier les transformations digitales induites par l\u2019intelligence artificielle en mettant la lumi\u00e8re sur les transformations actuelles et futures sur les plans acad\u00e9mique, \u00e9conomique ou soci\u00e9tal ainsi que leurs cons\u00e9quences sur notre vie quotidienne.<\/p>\n<p class=\"c4\">De nombreux panels et sujets sont \u00e0 l\u2019ordre du jour de cet \u00e9v\u00e8nement international. Il s\u2019agit notamment d\u2019approcher les menaces et les opportunit\u00e9s de l\u2019intelligence artificielle, l\u2019impact de l\u2019IA sur les m\u00e9tiers de demain, les risques li\u00e9s \u00e0 la g\u00e9n\u00e9ralisation de l\u2019acc\u00e8s aux machines, le d\u00e9veloppement de l\u2019\u00e9conomie de l\u2019information et les enjeux de l\u2019IA et de la data dans les domaines de la sant\u00e9, de la justice, de la s\u00e9curit\u00e9, de l\u2019\u00e9conomie et de l\u2019\u00e9ducation, et bien d\u2019autres.<\/p>\n<p class=\"c4\">Ces journ\u00e9es internationales donnent la parole aux scientifiques, aux chercheurs mais aussi aux industriels afin d\u2019\u00e9changer sur ces transformations et enjeux, tout en interrogeant les discours \u00e9thiques et le cadre l\u00e9gislatif y aff\u00e9rents, mais aussi en mettant en place un espace d\u2019\u00e9change de bonnes pratiques en la mati\u00e8re.<\/p>\n<p class=\"c4\">Ces journ\u00e9es permettent \u00e9galement aux doctorants marocains ou \u00e9trangers de pr\u00e9senter leurs travaux de recherche.<\/p>\n<p class=\"c4\">La c\u00e9r\u00e9monie d\u2019ouverture s\u2019est d\u00e9roul\u00e9e aux locaux de l\u2019Universit\u00e9 Mohammed Premier sous la pr\u00e9sidence de son pr\u00e9sident, Yassine Zaghloul, en pr\u00e9sence, en ligne, de plusieurs intervenants et d\u2019\u00e9minents conf\u00e9renciers, nationaux et internationaux.<\/p>\n<p class=\"c4\">Dans son allocution M. Zaghloul a indiqu\u00e9 que \u2019\u2019la technologie d\u2019aujourd\u2019hui et de demain nous questionne et chaque nation devrait chercher \u00e0 se positionner pour ne pas \u00eatre laiss\u00e9e pour compte\u2019\u2019, notant que l\u2019\u00e9conomie d\u2019aujourd\u2019hui est davantage fond\u00e9e sur la connaissance et le capital humain.<\/p>\n<p class=\"c4\">Et de poursuivre que si la connaissance et quelque part l\u2019innovation est plac\u00e9e au c\u0153ur de l\u2019\u00e9conomie, il est du devoir des universit\u00e9s d\u2019\u0153uvrer \u00e0 am\u00e9liorer les conditions de cr\u00e9ation de la connaissance dans les domaines de la science, de la technologie et de l\u2019ing\u00e9nierie, estimant que cet imp\u00e9ratif, semble aujourd\u2019hui beaucoup plus important avec l\u2019acc\u00e9l\u00e9ration de l\u2019usage des syst\u00e8mes intelligents.<\/p>\n<p class=\"c4\">\u2019\u2019Nous ne manquons certainement pas de ressources, ni de volont\u00e9 ni de capital humain, mais il est primordial pour nous de comprendre que pour pouvoir se positionner sur des questions comme l\u2019IA, la Data, les IOT, il faudra cr\u00e9er des agglom\u00e9rations et agr\u00e9gations n\u00e9cessaires pour enclencher des \u00e9cosyst\u00e8mes et produire le savoir n\u00e9cessaire\u2019\u2019, a encore ajout\u00e9 le pr\u00e9sident de l\u2019UMP.<\/p>\n<p class=\"c4\">Au Maroc, comme dans le reste du monde, la course aux donn\u00e9es Big data et \u00e0 l\u2019intelligence artificielle est lanc\u00e9e et l\u2019exploitation de ces derni\u00e8res cr\u00e9e de nombreuses opportunit\u00e9s et de nombreuses perspectives aux entreprises et aux diff\u00e9rentes organisations, a-t-il fait remarquer.<\/p>\n<p class=\"c4\">Au sein de l\u2019UMP, plusieurs \u00e9quipes et laboratoires de la facult\u00e9 des sciences, de la facult\u00e9 pluridisciplinaire, de l\u2019ENSA, de l\u2019EST, des facult\u00e9s des Lettres et des Sciences \u00e9conomiques et sociales, sont impliqu\u00e9s dans des recherches se rapportant \u00e0 l\u2019IA, la Data, les IOT, \u00e0 l\u2019informatique et au num\u00e9rique mais \u00e9galement en rapport avec leurs impacts sur la soci\u00e9t\u00e9, a affirm\u00e9 M. Zaghloul.<\/p>\n<p>Auteur: Soufiane ELAHMAR<br \/>\n<a href=\"http:\/\/www.mapoujda.ma\/fr\/lump-a-lheure-des-journees-internationales-de-lintelligence-artificielle\/\">Cliquez ici pour lire l&rsquo;article depuis sa source.<\/a><\/p>\n","protected":false},"excerpt":{"rendered":"<p>\u00abIntelligence Artificielle, Data et Ethique\u00bb est le th\u00e8me de la 3\u00e8me \u00e9dition des Journ\u00e9es internationales de l\u2019intelligence artificielle, organis\u00e9e par l\u2019Universit\u00e9 Mohammed Premier d\u2019Oujda (UMPO) avec ses partenaires dans le cadre de ses activit\u00e9s scientifiques. Les travaux de cette rencontre en ligne de deux jours, qui ont d\u00e9but\u00e9 jeudi, connaissent la participation de plusieurs experts, [&hellip;]<\/p>\n","protected":false},"author":1788,"featured_media":0,"comment_status":"closed","ping_status":"closed","sticky":false,"template":"","format":"standard","meta":{"fifu_image_url":"","fifu_image_alt":"","footnotes":""},"categories":[54,76],"tags":[],"class_list":["post-109785","post","type-post","status-publish","format-standard","hentry","category-maroc","category-regions"],"_links":{"self":[{"href":"https:\/\/linitiative.ca\/International\/wp-json\/wp\/v2\/posts\/109785","targetHints":{"allow":["GET"]}}],"collection":[{"href":"https:\/\/linitiative.ca\/International\/wp-json\/wp\/v2\/posts"}],"about":[{"href":"https:\/\/linitiative.ca\/International\/wp-json\/wp\/v2\/types\/post"}],"author":[{"embeddable":true,"href":"https:\/\/linitiative.ca\/International\/wp-json\/wp\/v2\/users\/1788"}],"replies":[{"embeddable":true,"href":"https:\/\/linitiative.ca\/International\/wp-json\/wp\/v2\/comments?post=109785"}],"version-history":[{"count":0,"href":"https:\/\/linitiative.ca\/International\/wp-json\/wp\/v2\/posts\/109785\/revisions"}],"wp:attachment":[{"href":"https:\/\/linitiative.ca\/International\/wp-json\/wp\/v2\/media?parent=109785"}],"wp:term":[{"taxonomy":"category","embeddable":true,"href":"https:\/\/linitiative.ca\/International\/wp-json\/wp\/v2\/categories?post=109785"},{"taxonomy":"post_tag","embeddable":true,"href":"https:\/\/linitiative.ca\/International\/wp-json\/wp\/v2\/tags?post=109785"}],"curies":[{"name":"wp","href":"https:\/\/api.w.org\/{rel}","templated":true}]}}