{"id":109787,"date":"2021-01-22T08:24:23","date_gmt":"2021-01-22T13:24:23","guid":{"rendered":"https:\/\/linitiative.ca\/International\/previsions-meteorologiques-pour-le-samedi-23-janvier-2021\/"},"modified":"2021-01-22T08:24:23","modified_gmt":"2021-01-22T13:24:23","slug":"previsions-meteorologiques-pour-le-samedi-23-janvier-2021","status":"publish","type":"post","link":"https:\/\/linitiative.ca\/International\/previsions-meteorologiques-pour-le-samedi-23-janvier-2021\/","title":{"rendered":"Pr\u00e9visions m\u00e9t\u00e9orologiques pour le samedi 23 janvier 2021"},"content":{"rendered":"<p class=\"c4\">Voici les pr\u00e9visions m\u00e9t\u00e9orologiques pour la journ\u00e9e du samedi 23 janvier 2021, \u00e9tablies par la Direction g\u00e9n\u00e9rale de la m\u00e9t\u00e9orologie :<\/p>\n<p class=\"c4\">\u00a0\u2013 Temps passag\u00e8rement nuageux avec quelques gouttes r\u00e9siduelles sur le Tang\u00e9rois, le Saiss, le Moyen Atlas et le Nord de l\u2019Oriental.<\/p>\n<p class=\"c4\">\u00a0\u2013 Temps stable avec ciel clair \u00e0 peu nuageux ailleurs.<\/p>\n<p class=\"c4\">\u00a0\u2013 Nuages bas avec formations brumeuses matinales et nocturnes sur les c\u00f4tes Centre et Sud.<\/p>\n<p class=\"c4\">\u00a0\u2013 Temps assez froid sur l\u2019Atlas, le Sud de l\u2019Oriental et le Sud-Est.<\/p>\n<p class=\"c4\">\u2013 Vent mod\u00e9r\u00e9 \u00e0 faible de nord \u00e0 est sur le Sud et de sud \u00e0 ouest ailleurs.<\/p>\n<p class=\"c4\">\u00a0\u2013 Temp\u00e9ratures minimales de l\u2019ordre de -02\/03\u00b0C sur l\u2019Atlas, 02\/07\u00b0C sur le sud de l\u2019Oriental, les plateaux des phosphates et d\u2019Oulm\u00e8s, le Sud-Est, l\u2019int\u00e9rieur du Souss et les plaines \u00e0 l\u2019ouest de l\u2019Atlas, de 08\/13\u00b0C sur le reste Nord et Centre et le Nord-Est des provinces Sud et de 13\/17\u00b0C ailleurs sur les provinces Sud.<\/p>\n<p class=\"c4\">\u00a0\u2013 Temp\u00e9ratures maximales de l\u2019ordre de 07\/12\u00b0C sur les reliefs, 14\/20\u00b0C sur l\u2019Oriental, la M\u00e9diterran\u00e9e, les Plateaux des Phosphates et d\u2019Oulm\u00e8s, le Tang\u00e9rois, les c\u00f4tes et les plaines Nord et Centre, 18\/23\u00b0C sur le Souss, le Sud-Est et le Nord des provinces Sud et de 24\/30\u00b0C sur le Sud es provinces Sahariennes.<\/p>\n<p class=\"c4\">\u2013 Mer peu agit\u00e9e \u00e0 agit\u00e9e sur la M\u00e9diterran\u00e9e et le D\u00e9troit, agit\u00e9e \u00e0 forte entre Tanger et Tantan, et peu agit\u00e9e \u00e0 agit\u00e9e ailleurs.<\/p>\n<p>Auteur: Soufiane ELAHMAR<br \/>\n<a href=\"http:\/\/www.mapoujda.ma\/fr\/previsions-meteorologiques-pour-le-samedi-23-janvier-2021\/\">Cliquez ici pour lire l&rsquo;article depuis sa source.<\/a><\/p>\n","protected":false},"excerpt":{"rendered":"<p>Voici les pr\u00e9visions m\u00e9t\u00e9orologiques pour la journ\u00e9e du samedi 23 janvier 2021, \u00e9tablies par la Direction g\u00e9n\u00e9rale de la m\u00e9t\u00e9orologie : \u00a0\u2013 Temps passag\u00e8rement nuageux avec quelques gouttes r\u00e9siduelles sur le Tang\u00e9rois, le Saiss, le Moyen Atlas et le Nord de l\u2019Oriental. \u00a0\u2013 Temps stable avec ciel clair \u00e0 peu nuageux ailleurs. \u00a0\u2013 Nuages bas [&hellip;]<\/p>\n","protected":false},"author":1788,"featured_media":0,"comment_status":"closed","ping_status":"closed","sticky":false,"template":"","format":"standard","meta":{"fifu_image_url":"","fifu_image_alt":"","footnotes":""},"categories":[54,76],"tags":[],"class_list":["post-109787","post","type-post","status-publish","format-standard","hentry","category-maroc","category-regions"],"_links":{"self":[{"href":"https:\/\/linitiative.ca\/International\/wp-json\/wp\/v2\/posts\/109787","targetHints":{"allow":["GET"]}}],"collection":[{"href":"https:\/\/linitiative.ca\/International\/wp-json\/wp\/v2\/posts"}],"about":[{"href":"https:\/\/linitiative.ca\/International\/wp-json\/wp\/v2\/types\/post"}],"author":[{"embeddable":true,"href":"https:\/\/linitiative.ca\/International\/wp-json\/wp\/v2\/users\/1788"}],"replies":[{"embeddable":true,"href":"https:\/\/linitiative.ca\/International\/wp-json\/wp\/v2\/comments?post=109787"}],"version-history":[{"count":0,"href":"https:\/\/linitiative.ca\/International\/wp-json\/wp\/v2\/posts\/109787\/revisions"}],"wp:attachment":[{"href":"https:\/\/linitiative.ca\/International\/wp-json\/wp\/v2\/media?parent=109787"}],"wp:term":[{"taxonomy":"category","embeddable":true,"href":"https:\/\/linitiative.ca\/International\/wp-json\/wp\/v2\/categories?post=109787"},{"taxonomy":"post_tag","embeddable":true,"href":"https:\/\/linitiative.ca\/International\/wp-json\/wp\/v2\/tags?post=109787"}],"curies":[{"name":"wp","href":"https:\/\/api.w.org\/{rel}","templated":true}]}}