{"id":109789,"date":"2021-01-21T13:01:19","date_gmt":"2021-01-21T18:01:19","guid":{"rendered":"https:\/\/linitiative.ca\/International\/vaccin-anti-covid-19-les-1res-doses-arrivent-ce-vendredi\/"},"modified":"2021-01-21T13:01:19","modified_gmt":"2021-01-21T18:01:19","slug":"vaccin-anti-covid-19-les-1res-doses-arrivent-ce-vendredi","status":"publish","type":"post","link":"https:\/\/linitiative.ca\/International\/vaccin-anti-covid-19-les-1res-doses-arrivent-ce-vendredi\/","title":{"rendered":"Vaccin anti-Covid-19: Les 1res doses arrivent ce vendredi"},"content":{"rendered":"<p class=\"rtejustify\">Apr\u00e8s plusieurs semaines d\u2019attente, le Maroc devrait recevoir \u00abses premi\u00e8res doses\u00bb du vaccin anti-Covid-19 ce vendredi. Un avion dreamliner de RAM doit acheminer au Maroc le premier lot du vaccin AstraZeneca, produit en Inde. Le vol AT3884, reliant Casablanca et Bombay, a d\u00e9coll\u00e9 hier jeudi 21 janvier de l\u2019a\u00e9roport Mohammed V. Son retour est pr\u00e9vu ce 22 janvier, \u00e0 14h30. A bord, il y aurait plus de 2 millions de doses stock\u00e9es dans des containers frigorifiques. Signalons que cette op\u00e9ration \u00e9tait programm\u00e9e la semaine derni\u00e8re, mais elle avait \u00e9t\u00e9 report\u00e9e.<br \/><em>Y.S.A.<\/em><\/p>\n<p>Auteur: hlafriqi<br \/>\n<a href=\"https:\/\/www.leconomiste.com\/article\/1072312-vaccin-anti-covid-19-les-1res-doses-arrivent-ce-vendredi\">Cliquez ici pour lire l&rsquo;article depuis sa source.<\/a><\/p>\n","protected":false},"excerpt":{"rendered":"<p>Apr\u00e8s plusieurs semaines d\u2019attente, le Maroc devrait recevoir \u00abses premi\u00e8res doses\u00bb du vaccin anti-Covid-19 ce vendredi. Un avion dreamliner de RAM doit acheminer au Maroc le premier lot du vaccin AstraZeneca, produit en Inde. Le vol AT3884, reliant Casablanca et Bombay, a d\u00e9coll\u00e9 hier jeudi 21 janvier de l\u2019a\u00e9roport Mohammed V. Son retour est pr\u00e9vu [&hellip;]<\/p>\n","protected":false},"author":1763,"featured_media":0,"comment_status":"closed","ping_status":"closed","sticky":false,"template":"","format":"standard","meta":{"fifu_image_url":"","fifu_image_alt":"","footnotes":""},"categories":[78,54],"tags":[],"class_list":["post-109789","post","type-post","status-publish","format-standard","hentry","category-economie","category-maroc"],"_links":{"self":[{"href":"https:\/\/linitiative.ca\/International\/wp-json\/wp\/v2\/posts\/109789","targetHints":{"allow":["GET"]}}],"collection":[{"href":"https:\/\/linitiative.ca\/International\/wp-json\/wp\/v2\/posts"}],"about":[{"href":"https:\/\/linitiative.ca\/International\/wp-json\/wp\/v2\/types\/post"}],"author":[{"embeddable":true,"href":"https:\/\/linitiative.ca\/International\/wp-json\/wp\/v2\/users\/1763"}],"replies":[{"embeddable":true,"href":"https:\/\/linitiative.ca\/International\/wp-json\/wp\/v2\/comments?post=109789"}],"version-history":[{"count":0,"href":"https:\/\/linitiative.ca\/International\/wp-json\/wp\/v2\/posts\/109789\/revisions"}],"wp:attachment":[{"href":"https:\/\/linitiative.ca\/International\/wp-json\/wp\/v2\/media?parent=109789"}],"wp:term":[{"taxonomy":"category","embeddable":true,"href":"https:\/\/linitiative.ca\/International\/wp-json\/wp\/v2\/categories?post=109789"},{"taxonomy":"post_tag","embeddable":true,"href":"https:\/\/linitiative.ca\/International\/wp-json\/wp\/v2\/tags?post=109789"}],"curies":[{"name":"wp","href":"https:\/\/api.w.org\/{rel}","templated":true}]}}