{"id":109790,"date":"2021-01-21T13:08:08","date_gmt":"2021-01-21T18:08:08","guid":{"rendered":"https:\/\/linitiative.ca\/International\/contribution-sociale-les-salaries-premiers-a-passer-a-la-caisse\/"},"modified":"2021-01-21T13:08:08","modified_gmt":"2021-01-21T18:08:08","slug":"contribution-sociale-les-salaries-premiers-a-passer-a-la-caisse","status":"publish","type":"post","link":"https:\/\/linitiative.ca\/International\/contribution-sociale-les-salaries-premiers-a-passer-a-la-caisse\/","title":{"rendered":"Contribution sociale: Les salari\u00e9s, premiers \u00e0 passer \u00e0 la caisse"},"content":{"rendered":"<p class=\"rtejustify\">La question de la contribution de solidarit\u00e9 salariale suscite l\u2019int\u00e9r\u00eat des DRH, des managers et autres praticiens. En effet, les premiers pr\u00e9l\u00e8vements toucheront les revenus salariaux qui seront vers\u00e9s au titre du mois de janvier. Le montant de la contribution sociale qui devra \u00eatre pr\u00e9lev\u00e9 \u00e0 partir d\u2019un salaire mensuel net de 20.000 DH est fix\u00e9 \u00e0 1,5%.<\/p>\n<div class=\"dnd-atom-wrapper type-image context-sdl_editor_representation\" contenteditable=\"false\">\n<div class=\"dnd-drop-wrapper\">\n<div class=\"image\"><img loading=\"lazy\" decoding=\"async\" typeof=\"foaf:Image\" class=\"img-responsive\" src=\"https:\/\/www.leconomiste.com\/sites\/default\/files\/eco7\/public\/thumbnails\/image\/contribution-sociale-031.jpg\" width=\"800\" height=\"349\" alt=\"contribution-sociale-031.jpg\" title=\"contribution-sociale-031.jpg\"\/><\/div>\n<\/div>\n<\/div>\n<p class=\"rtejustify\">C\u2019est la cat\u00e9gorie de revenu qui fera l\u2019objet d\u2019un premier pr\u00e9l\u00e8vement \u00e0 la source par les employeurs et les d\u00e9birentiers et d\u2019un versement en f\u00e9vrier, \u00e0 condition que le montant global des revenus salariaux et assimil\u00e9s \u00e0 fin d\u00e9cembre se monte \u00e0 au moins 240.000 DH nets.<\/p>\n<p class=\"rtejustify\">A noter que les primes acquises en\u00a0 2021 et vers\u00e9es en 2022 entrent dans le calcul de la contribution sociale. En revanche, les primes acquises en 2020 et servies en 2021 ne sont pas soumises \u00e0 la contribution.<\/p>\n<p class=\"rtejustify\">Apr\u00e8s la retenue \u00e0 la source, l\u2019employeur et d\u00e9birentier doivent effectuer un versement mensuel de la contribution sociale en m\u00eame temps que celui de l\u2019imp\u00f4t sur le revenu d\u2019origine salariale, au cours du mois suivant le paiement du salaire (article 174 du code g\u00e9n\u00e9ral des imp\u00f4ts).<\/p>\n<p class=\"rtejustify\">La d\u00e9marche consiste \u00e0 souscrire une t\u00e9l\u00e9d\u00e9claration dans les m\u00eames d\u00e9lais que la \u00abd\u00e9claration des traitements et salaires\u00bb et ce, avant le 1er mars. Cette d\u00e9claration devra mentionner le montant du revenu net d\u2019imp\u00f4t et celui de la contribution sociale correspondante. Le cabinet Mazars a proc\u00e9d\u00e9 \u00e0 des simulations diffus\u00e9es \u00e0 sa client\u00e8le.<br \/>Certaines personnes physiques peuvent disposer de plusieurs revenus salariaux et assimil\u00e9s, servis par plusieurs employeurs et d\u00e9birentiers.<\/p>\n<p class=\"rtejustify\">Avec le cumul, elles peuvent atteindre et m\u00eame d\u00e9passer le seuil d\u2019\u00e9ligibilit\u00e9 \u00e0 la contribution sociale. Mais le simple fait d\u2019\u00eatre titulaires de plusieurs revenus les oblige \u00e0 effectuer une d\u00e9claration de r\u00e9gularisation via la plateforme \u00e9lectronique de la Direction g\u00e9n\u00e9rale des imp\u00f4ts ou d\u2019apr\u00e8s le formulaire mod\u00e8le de l\u2019administration fiscale.<\/p>\n<p class=\"rtejustify\">Cette formalit\u00e9 doit \u00eatre effectu\u00e9e avant le 1er f\u00e9vrier de chaque ann\u00e9e. La d\u00e9claration de r\u00e9gularisation doit pr\u00e9ciser le montant global net d\u2019imp\u00f4t des revenus encaiss\u00e9s au terme de l\u2019ann\u00e9e et celui de la contribution correspondante. Le contribuable devra proc\u00e9der \u00e0 l\u2019imputation du montant de la contribution ayant d\u00e9j\u00e0 fait l\u2019objet d\u2019une retenue \u00e0 la source.<\/p>\n<div class=\"dnd-atom-wrapper type-image context-sdl_editor_representation\" contenteditable=\"false\" readability=\"32.5\">\n<div class=\"dnd-drop-wrapper\">\n<div class=\"image\"><img loading=\"lazy\" decoding=\"async\" typeof=\"foaf:Image\" class=\"img-responsive\" src=\"https:\/\/www.leconomiste.com\/sites\/default\/files\/eco7\/public\/thumbnails\/image\/contribution-sociale-2-031.jpg\" width=\"800\" height=\"547\" alt=\"contribution-sociale-2-031.jpg\" title=\"contribution-sociale-2-031.jpg\"\/><\/div>\n<\/div>\n<div class=\"dnd-legend-wrapper\" contenteditable=\"true\" readability=\"10\">\n<p class=\"rtejustify\">(1) A l\u2019exclusion des contrats d\u2019assurance maladie ou de retraite individuels<br \/>(2) En pratique, cet IR pourra \u00eatre calcul\u00e9 en fin d\u2019ann\u00e9e et g\u00e9n\u00e9rer une r\u00e9gularisation au mois de d\u00e9cembre. L\u2019objectif \u00e9tant de ne pas l\u00e9ser les contribuables<br \/><em>Source: Mazars<\/em><\/p>\n<\/div>\n<\/div>\n<p class=\"rtejustify\">Les personnes physiques g\u00e9n\u00e9rant des revenus professionnels agricoles et\/ou fonciers sont tenues souscrire une d\u00e9claration en ligne ou d\u2019apr\u00e8s l\u2019imprim\u00e9 mod\u00e8le en pr\u00e9cisant le montant des revenus nets d\u2019imp\u00f4t (article 268 du CGI) et celui de la contribution correspondante et ce, avant le 1er juin.<\/p>\n<p class=\"rtejustify\">Comme pr\u00e9cis\u00e9 dans l\u2019\u00e9dition n\u00b05928 du 19\/01\/2021, la base de calcul de la contribution sociale n\u2019est pas sans rappeler celle qui avait \u00e9t\u00e9 institu\u00e9e en 2013. Elle s\u2019appuie sur le revenu net apr\u00e8s imp\u00f4t. Celui-ci se d\u00e9cline \u00e0 travers la somme des revenus bruts, diminu\u00e9s des cotisations sociales obligatoires et de l\u2019IR.<\/p>\n<p class=\"rtejustify\">La circulaire de la Direction g\u00e9n\u00e9rale des imp\u00f4ts devra apporter quelques \u00e9clairages, notamment les revenus exclus de la contribution sociale.<\/p>\n<p class=\"rtejustify\"><em>Hassan EL ARIF<\/em><\/p>\n<p class=\"rtejustify\">\u00a0<\/p>\n<p>Auteur: hlafriqi<br \/>\n<a href=\"https:\/\/www.leconomiste.com\/article\/1072313-contribution-sociale-les-salaries-premiers-passer-la-caisse\">Cliquez ici pour lire l&rsquo;article depuis sa source.<\/a><\/p>\n","protected":false},"excerpt":{"rendered":"<p>La question de la contribution de solidarit\u00e9 salariale suscite l\u2019int\u00e9r\u00eat des DRH, des managers et autres praticiens. En effet, les premiers pr\u00e9l\u00e8vements toucheront les revenus salariaux qui seront vers\u00e9s au titre du mois de janvier. Le montant de la contribution sociale qui devra \u00eatre pr\u00e9lev\u00e9 \u00e0 partir d\u2019un salaire mensuel net de 20.000 DH est [&hellip;]<\/p>\n","protected":false},"author":1763,"featured_media":0,"comment_status":"closed","ping_status":"closed","sticky":false,"template":"","format":"standard","meta":{"fifu_image_url":"https:\/\/www.leconomiste.com\/sites\/default\/files\/eco7\/public\/thumbnails\/image\/contribution-sociale-031.jpg","fifu_image_alt":"Contribution sociale: Les salari\u00e9s, premiers \u00e0 passer \u00e0 la caisse","footnotes":""},"categories":[78,54],"tags":[],"class_list":["post-109790","post","type-post","status-publish","format-standard","hentry","category-economie","category-maroc"],"_links":{"self":[{"href":"https:\/\/linitiative.ca\/International\/wp-json\/wp\/v2\/posts\/109790","targetHints":{"allow":["GET"]}}],"collection":[{"href":"https:\/\/linitiative.ca\/International\/wp-json\/wp\/v2\/posts"}],"about":[{"href":"https:\/\/linitiative.ca\/International\/wp-json\/wp\/v2\/types\/post"}],"author":[{"embeddable":true,"href":"https:\/\/linitiative.ca\/International\/wp-json\/wp\/v2\/users\/1763"}],"replies":[{"embeddable":true,"href":"https:\/\/linitiative.ca\/International\/wp-json\/wp\/v2\/comments?post=109790"}],"version-history":[{"count":0,"href":"https:\/\/linitiative.ca\/International\/wp-json\/wp\/v2\/posts\/109790\/revisions"}],"wp:attachment":[{"href":"https:\/\/linitiative.ca\/International\/wp-json\/wp\/v2\/media?parent=109790"}],"wp:term":[{"taxonomy":"category","embeddable":true,"href":"https:\/\/linitiative.ca\/International\/wp-json\/wp\/v2\/categories?post=109790"},{"taxonomy":"post_tag","embeddable":true,"href":"https:\/\/linitiative.ca\/International\/wp-json\/wp\/v2\/tags?post=109790"}],"curies":[{"name":"wp","href":"https:\/\/api.w.org\/{rel}","templated":true}]}}