{"id":109791,"date":"2021-01-22T15:04:13","date_gmt":"2021-01-22T20:04:13","guid":{"rendered":"https:\/\/linitiative.ca\/International\/orange-digital-center-organise-la-premiere-edition-de-lai-africa-week\/"},"modified":"2021-01-22T15:04:13","modified_gmt":"2021-01-22T20:04:13","slug":"orange-digital-center-organise-la-premiere-edition-de-lai-africa-week","status":"publish","type":"post","link":"https:\/\/linitiative.ca\/International\/orange-digital-center-organise-la-premiere-edition-de-lai-africa-week\/","title":{"rendered":"Orange Digital Center organise la premi\u00e8re  \u00e9dition de l\u2019AI Africa Week"},"content":{"rendered":"<p class=\"p1 c4\"><span class=\"c3\"><span class=\"c2\">Du 25 au 29 janvier 2021, le r\u00e9seau des Orange Digital Center organise la premi\u00e8re \u00e9dition de l\u2019AI Africa Week, une semaine de conf\u00e9rences, de cas d\u2019usage et d\u2019ateliers pratiques autour de l\u2019Intelligence Artificielle assur\u00e9s par un grand nombre d\u2019experts nationaux et internationaux du Groupe Orange, Orange Business Services, Business and Decision et les diff\u00e9rentes filiales MEA, C\u00f4te d\u2019ivoire, Madagascar, S\u00e9n\u00e9gal, Maroc, Tunisie, Jordanie, Egypte, Mali, Cameroun.<\/span><\/span><\/p>\n<p class=\"p1 c4\"><span class=\"c3\"><span class=\"c2\">Plus de 15 conf\u00e9rences, r\u00e9unissant les plus grands experts nationaux et internationaux dont des repr\u00e9sentants de Orange, Google, Microsoft, IBM, Amazon, Valeo\u2026 Un programme de conf\u00e9rences pour tous les niveaux !<span class=\"Apple-converted-space\">\u00a0<\/span><\/span><\/span><\/p>\n<p class=\"p1 c4\"><span class=\"c3\"><span class=\"c2\">Plusieurs th\u00e9matiques autour de l\u2019Intelligence Artificielle seront abord\u00e9es dont :<\/span><\/span><\/p>\n<p class=\"p1 c4\"><span class=\"c3\"><span class=\"c2\">\u2022 Les opportunit\u00e9s et les limites de l\u2019intelligence artificielle (25 janvier 2021)<\/span><\/span><\/p>\n<p class=\"p1 c4\"><span class=\"c3\"><span class=\"c2\">\u2022 L\u2019Open Data (26 janvier 2021)<\/span><\/span><\/p>\n<p class=\"p1 c4\"><span class=\"c3\"><span class=\"c2\">\u2022 L\u2019Automatisation de l\u2019Intelligence Artificielle (AutoML) (27 janvier 2021)<\/span><\/span><\/p>\n<p class=\"p1 c4\"><span class=\"c3\"><span class=\"c2\">\u2022 Les nouveaux m\u00e9tiers li\u00e9s \u00e0 l\u2019Intelligence Artificielle (28 janvier 2021)<\/span><\/span><\/p>\n<p class=\"p1 c4\"><span class=\"c3\"><span class=\"c2\">\u2022 Le mat\u00e9riel optimis\u00e9 pour l\u2019IA (29 janvier 2021)<\/span><\/span><\/p>\n<p>Auteur: letemps1<br \/>\n<a href=\"http:\/\/www.letemps.com.tn\/article\/118996\/orange-digital-center-organise-la-premi%C3%A8re-%C3%A9dition-de-l%E2%80%99ai-africa-week\">Cliquez ici pour lire l&rsquo;article depuis sa source.<\/a><\/p>\n","protected":false},"excerpt":{"rendered":"<p>Du 25 au 29 janvier 2021, le r\u00e9seau des Orange Digital Center organise la premi\u00e8re \u00e9dition de l\u2019AI Africa Week, une semaine de conf\u00e9rences, de cas d\u2019usage et d\u2019ateliers pratiques autour de l\u2019Intelligence Artificielle assur\u00e9s par un grand nombre d\u2019experts nationaux et internationaux du Groupe Orange, Orange Business Services, Business and Decision et les diff\u00e9rentes [&hellip;]<\/p>\n","protected":false},"author":1773,"featured_media":0,"comment_status":"closed","ping_status":"closed","sticky":false,"template":"","format":"standard","meta":{"fifu_image_url":"","fifu_image_alt":"","footnotes":""},"categories":[73,55],"tags":[],"class_list":["post-109791","post","type-post","status-publish","format-standard","hentry","category-actualite","category-tunisie"],"_links":{"self":[{"href":"https:\/\/linitiative.ca\/International\/wp-json\/wp\/v2\/posts\/109791","targetHints":{"allow":["GET"]}}],"collection":[{"href":"https:\/\/linitiative.ca\/International\/wp-json\/wp\/v2\/posts"}],"about":[{"href":"https:\/\/linitiative.ca\/International\/wp-json\/wp\/v2\/types\/post"}],"author":[{"embeddable":true,"href":"https:\/\/linitiative.ca\/International\/wp-json\/wp\/v2\/users\/1773"}],"replies":[{"embeddable":true,"href":"https:\/\/linitiative.ca\/International\/wp-json\/wp\/v2\/comments?post=109791"}],"version-history":[{"count":0,"href":"https:\/\/linitiative.ca\/International\/wp-json\/wp\/v2\/posts\/109791\/revisions"}],"wp:attachment":[{"href":"https:\/\/linitiative.ca\/International\/wp-json\/wp\/v2\/media?parent=109791"}],"wp:term":[{"taxonomy":"category","embeddable":true,"href":"https:\/\/linitiative.ca\/International\/wp-json\/wp\/v2\/categories?post=109791"},{"taxonomy":"post_tag","embeddable":true,"href":"https:\/\/linitiative.ca\/International\/wp-json\/wp\/v2\/tags?post=109791"}],"curies":[{"name":"wp","href":"https:\/\/api.w.org\/{rel}","templated":true}]}}