{"id":109792,"date":"2021-01-22T15:04:15","date_gmt":"2021-01-22T20:04:15","guid":{"rendered":"https:\/\/linitiative.ca\/International\/la-polemique-enfle-et-les-biens-restent-en-suisse\/"},"modified":"2021-01-22T15:04:15","modified_gmt":"2021-01-22T20:04:15","slug":"la-polemique-enfle-et-les-biens-restent-en-suisse","status":"publish","type":"post","link":"https:\/\/linitiative.ca\/International\/la-polemique-enfle-et-les-biens-restent-en-suisse\/","title":{"rendered":"La pol\u00e9mique enfle et les biens restent en Suisse"},"content":{"rendered":"<p class=\"p1 c5\"><strong><span class=\"c4\"><span class=\"c3\"><span class=\"s1 c2\">Le Temps \u2013 TAP<\/span><\/span><\/span><\/strong><\/p>\n<p class=\"p1 c5\">\u00a0<\/p>\n<p class=\"p1 c5\"><span class=\"c4\"><span class=\"c3\">La question du gel des avoirs de l\u2019ancien pr\u00e9sident Zine El Abidine Ben Ali est devenue la question de l\u2019heure, surtout que la nonchalance de l\u2019\u00e9quipe mise en place pour les r\u00e9cup\u00e9rer a,\u00a0selon des analystes, laiss\u00e9 trainer les choses, au point que l\u2019\u00e9ch\u00e9ance approche, pour la lev\u00e9e du gel. Les explications du charg\u00e9 du contentieux de l\u2019Etat, Ali Abb\u00e9s, n\u2019ont pas \u00e9t\u00e9 convaincantes.<\/span><\/span><\/p>\n<p class=\"p1 c6\"><span class=\"c4\"><span class=\"c3\">Le charg\u00e9 du contentieux a d\u00e9menti, mardi, les informations relatives \u00e0 \u00abune \u00e9ventuelle r\u00e9cup\u00e9ration par la famille du pr\u00e9sident d\u00e9chu Ben Ali, de fonds plac\u00e9s en Suisse, avec l\u2019expiration des d\u00e9lais l\u00e9gaux\u00bb.<\/span><\/span><\/p>\n<p class=\"p1 c6\"><span class=\"c4\"><span class=\"c3\">Abb\u00e9s a soulign\u00e9, dans une d\u00e9claration, la poursuite des proc\u00e9dures judiciaires relatives \u00e0 la restitution de ces fonds tunisiens, ajoutant que bien que la partie suisse a l\u2019intention de lever le gel administratif, la Tunisie est toujours en mesure de r\u00e9cup\u00e9rer ces fonds. Il a fait savoir, ainsi, que la justice tunisienne publiera, dans les plus brefs d\u00e9lais, les jugements d\u00e9finitifs condamnant les personnes concern\u00e9es par le gel, afin que la Tunisie puisse r\u00e9cup\u00e9rer lesdits fonds, estim\u00e9s \u00e0 environ 60 millions d\u2019euros, soit l\u2019\u00e9quivalent de 180 millions de dinars (MD).\u00bbLa lev\u00e9e du gel administratif des fonds spoli\u00e9s ne signifie pas qu\u2019ils seront mis \u00e0 la disposition de la famille Ben Ali\u00bb, a-t-il encore not\u00e9.<span class=\"Apple-converted-space\">\u00a0<\/span><\/span><\/span><\/p>\n<p class=\"p1 c6\"><span class=\"c4\"><span class=\"c3\">Et d\u2019ajouter qu\u2019une partie des fonds gel\u00e9s a \u00e9t\u00e9 restitu\u00e9e \u00e0 la Tunisie, \u00e0 travers des accords avec certaines personnes concern\u00e9es par le gel dont Sofiane Ben Ali et Montassar Mehrzi et que les fonds de Dorsaf Ben Ali sont en cours de restitution. Il a fait savoir que les autorit\u00e9s helv\u00e9tiques ont adress\u00e9 une note aux autorit\u00e9s tunisiennes, les informant de la possibilit\u00e9 de s\u2019adosser \u00e0 des jugements par contumace rendus par la justice tunisienne \u00e0 l\u2019encontre des personnes concern\u00e9es par le gel, accompagn\u00e9s d\u2019une note explicative du processus de restitution, sachant que la Suisse exigeait auparavant des jugements contradictoires. Il a pr\u00e9cis\u00e9 que l\u2019affaire en question concerne neuf personnes, dont le pr\u00e9sident d\u00e9chu Zine El Abidine Ben Ali, Leila Trabelsi, Slim Chiboub, Sofiane Ben Ali, Syrine Ben Ali, Dorsaf Ben Ali, Montassar Mahrzi et Belhassen Trabelsi, affirmant que les deux tiers des fonds gel\u00e9s (soit 37 millions d\u2019euros) reviennent \u00e0 ce dernier. Pour rappel, l\u2019Organisation \u00abI Watch\u00bb avait pr\u00e9venu, le 7 janvier 2021, que le gel, en Suisse, des avoirs de l\u2019ancien pr\u00e9sident Zine El Abidine Ben Ali et ses proches expire \u00e0 la fin du mois de janvier en cours.<\/span><\/span><\/p>\n<p class=\"p1 c5\">\u00a0<\/p>\n<p class=\"p1 c6\"><span class=\"c4\"><span class=\"c3\">Mais, trop de zones d\u2019ombre persistent, mais le r\u00e9sultats est que les avoirs des Ben Ali ne sont pas, encore, pr\u00eats \u00e0 \u00eatre r\u00e9cup\u00e9r\u00e9s par la Tunisie.<\/span><\/span><\/p>\n<p>Auteur: letemps1<br \/>\n<a href=\"http:\/\/www.letemps.com.tn\/article\/118999\/la-pol%C3%A9mique-enfle-et-les-biens-restent-en-suisse\">Cliquez ici pour lire l&rsquo;article depuis sa source.<\/a><\/p>\n","protected":false},"excerpt":{"rendered":"<p>Le Temps \u2013 TAP \u00a0 La question du gel des avoirs de l\u2019ancien pr\u00e9sident Zine El Abidine Ben Ali est devenue la question de l\u2019heure, surtout que la nonchalance de l\u2019\u00e9quipe mise en place pour les r\u00e9cup\u00e9rer a,\u00a0selon des analystes, laiss\u00e9 trainer les choses, au point que l\u2019\u00e9ch\u00e9ance approche, pour la lev\u00e9e du gel. Les [&hellip;]<\/p>\n","protected":false},"author":1773,"featured_media":0,"comment_status":"closed","ping_status":"closed","sticky":false,"template":"","format":"standard","meta":{"fifu_image_url":"","fifu_image_alt":"","footnotes":""},"categories":[73,55],"tags":[],"class_list":["post-109792","post","type-post","status-publish","format-standard","hentry","category-actualite","category-tunisie"],"_links":{"self":[{"href":"https:\/\/linitiative.ca\/International\/wp-json\/wp\/v2\/posts\/109792","targetHints":{"allow":["GET"]}}],"collection":[{"href":"https:\/\/linitiative.ca\/International\/wp-json\/wp\/v2\/posts"}],"about":[{"href":"https:\/\/linitiative.ca\/International\/wp-json\/wp\/v2\/types\/post"}],"author":[{"embeddable":true,"href":"https:\/\/linitiative.ca\/International\/wp-json\/wp\/v2\/users\/1773"}],"replies":[{"embeddable":true,"href":"https:\/\/linitiative.ca\/International\/wp-json\/wp\/v2\/comments?post=109792"}],"version-history":[{"count":0,"href":"https:\/\/linitiative.ca\/International\/wp-json\/wp\/v2\/posts\/109792\/revisions"}],"wp:attachment":[{"href":"https:\/\/linitiative.ca\/International\/wp-json\/wp\/v2\/media?parent=109792"}],"wp:term":[{"taxonomy":"category","embeddable":true,"href":"https:\/\/linitiative.ca\/International\/wp-json\/wp\/v2\/categories?post=109792"},{"taxonomy":"post_tag","embeddable":true,"href":"https:\/\/linitiative.ca\/International\/wp-json\/wp\/v2\/tags?post=109792"}],"curies":[{"name":"wp","href":"https:\/\/api.w.org\/{rel}","templated":true}]}}