{"id":109793,"date":"2021-01-22T15:04:17","date_gmt":"2021-01-22T20:04:17","guid":{"rendered":"https:\/\/linitiative.ca\/International\/mettre-fin-aux-solutions-politiquement-faciles-mais-economiquement-desastreuses\/"},"modified":"2021-01-22T15:04:17","modified_gmt":"2021-01-22T20:04:17","slug":"mettre-fin-aux-solutions-politiquement-faciles-mais-economiquement-desastreuses","status":"publish","type":"post","link":"https:\/\/linitiative.ca\/International\/mettre-fin-aux-solutions-politiquement-faciles-mais-economiquement-desastreuses\/","title":{"rendered":"\u00abMettre fin aux solutions politiquement faciles mais \u00e9conomiquement d\u00e9sastreuses\u00bb"},"content":{"rendered":"<p>Appelle Ferid Belhaj, vice-pr\u00e9sident pour la r\u00e9gion Moyen-Orient et Afrique du Nord \u00e0 la Banque Mondiale<\/p>\n<div readability=\"121\">\n<p class=\"p1 c5\"><span class=\"c4\"><span class=\"c3\"><span class=\"s1 c2\"><strong>Le Temps-Yosr GUERFEL AKKARI<\/strong><\/span><\/span><\/span><\/p>\n<p class=\"p2 c6\"><span class=\"c4\"><span class=\"c3\">R\u00e9sultante d\u2019une crise \u00e9conomique et politique qui ne fait que s\u2019embraser, la col\u00e8re sociale prend de plus en plus du terrain mena\u00e7ant le processus d\u00e9mocratique et toute chance de sortie de crise. Ch\u00f4mage, pauvret\u00e9, crise sanitaire et tiraillements politiques sont autant de facteurs qui sonnent le glas des espoirs r\u00e9volutionnaires. Comment le gouvernement Mechichi, avec ses onze membres qui font leur entr\u00e9e sur le terrain gouvernemental, va-t-il agir pour faire face \u00e0 la r\u00e9cession \u00e9conomique et surtout \u00e0 la Cocotte-Minute sociale qui est pr\u00eate \u00e0 exploser ? La reconstruction passera-t-elle par un nouveau contrat social ?<\/span><\/span><\/p>\n<p class=\"p1 c7\"><span class=\"c4\"><span class=\"c3\">Tout le monde appelle au dialogue pour sauver les meubles. Mais de quel dialogue parle-t-on face \u00e0 une classe politique divis\u00e9e et une \u00e9lite qui fait la sourde oreille ? Avec 260.000 ch\u00f4meurs en plus, une r\u00e9cession de 9%, une mission quasi-impossible de mobiliser les 14 milliards de dinars de dettes ext\u00e9rieures pour boucler le budget 2021 sans parler du casse-t\u00eate des vaccins anti-covid et la date de leur disponibilit\u00e9 pr\u00e9vue sur le march\u00e9\u2026, il y a de quoi avoir les frissons et s\u2019inqui\u00e9ter sur les perspectives \u00e0 courts termes de l\u2019\u00e9conomie nationale.<\/span><\/span><\/p>\n<p class=\"p1 c7\"><span class=\"c4\"><span class=\"c3\">Selon le rapport annuel de suivi de la situation \u00e9conomique en Tunisie, la Banque Mondiale face au retard observ\u00e9 dans l&rsquo;engagement des r\u00e9formes profondes, en a d\u00e9duit que la Tunisie s\u2019est trouv\u00e9e peu pr\u00e9par\u00e9e pour faire face \u00e0 un choc violent comme celui provoqu\u00e9 par la COVID-19. \u00ab Le ralentissement de la croissance et un secteur priv\u00e9 peu dynamique ont contribu\u00e9 \u00e0 la persistance d\u2019un niveau \u00e9lev\u00e9 de ch\u00f4mage \u00bb, souligne le rapport.<span class=\"Apple-converted-space\">\u00a0<\/span><\/span><\/span><\/p>\n<p class=\"p1 c7\"><span class=\"c4\"><span class=\"c3\">Les r\u00e9formes et rien que les r\u00e9formes pour faire sortir l\u2019\u00e9conomie du gouffre et \u00e9teindre les braises sociales. <span class=\"Apple-converted-space\">\u00a0<\/span><\/span><\/span><\/p>\n<p class=\"p1 c7\"><span class=\"c4\"><span class=\"c3\">Ferid Belhaj, vice-pr\u00e9sident pour la r\u00e9gion Moyen-Orient et Afrique du Nord \u00e0 la Banque Mondiale a r\u00e9cemment \u00e9crit dans un article intitul\u00e9 : \u00ab Dix ans apr\u00e8s le \u00ab printemps arabe \u00bb, \u00e9viter une autre d\u00e9cennie perdue \u00bb : \u00ab Le m\u00e9contentement qui avait, voil\u00e0 dix ans, provoqu\u00e9 les mouvements populaires est peut-\u00eatre encore plus grand aujourd\u2019hui. Les jeunes de la r\u00e9gion se heurtent toujours \u00e0 un horizon bouch\u00e9 et \u00e0 un manque d\u2019opportunit\u00e9s. Pour \u00e9viter de perdre la prochaine d\u00e9cennie, les gouvernements de la r\u00e9gion se doivent de conclure un nouveau contrat social, en remplacement du contrat social actuel dont les termes sont devenus caducs. Ils doivent repenser le r\u00f4le de l\u2019\u00c9tat dans l\u2019\u00e9conomie, qui fausse les r\u00e8gles du jeu \u00e9conomique et instille la corruption \u00bb.<span class=\"Apple-converted-space\">\u00a0 \u00a0 \u00a0<\/span><\/span><\/span><\/p>\n<p class=\"p1 c7\"><span class=\"c4\"><span class=\"c3\">Dans sa tribune, le vice-pr\u00e9sident pour la r\u00e9gion MENA \u00e0 la BM appelle les gouvernements \u00e0 avoir le courage politique et la l\u00e9gitimit\u00e9 d\u2019expliquer ces r\u00e9formes, de les mener \u00e0 bien et de mettre en place les filets sociaux n\u00e9cessaires afin de prot\u00e9ger les laiss\u00e9s pour compte. <span class=\"Apple-converted-space\">\u00a0<\/span><\/span><\/span><\/p>\n<p class=\"p2 c8\">\u00a0<\/p>\n<p class=\"p3 c9\"><span class=\"c4\"><span class=\"c3\"><strong>Repenser les politiques<span class=\"Apple-converted-space\">\u00a0<\/span><\/strong><\/span><\/span><\/p>\n<p class=\"p3 c9\"><span class=\"c4\"><span class=\"c3\"><strong>de protection sociale ; revoir<span class=\"Apple-converted-space\">\u00a0<\/span><\/strong><\/span><\/span><\/p>\n<p class=\"p3 c9\"><span class=\"c4\"><span class=\"c3\"><strong>le r\u00f4le de l\u2019Etat dans l\u2019\u00e9conomie<span class=\"Apple-converted-space\">\u00a0<\/span><\/strong><\/span><\/span><\/p>\n<p class=\"p1 c7\"><span class=\"c4\"><span class=\"c3\">Et d\u2019ajouter : \u00ab Il existe bien s\u00fbr des voies vers une sortie de crise et un avenir meilleur. Mais rien ne saurait \u00eatre accompli sans un changement radical de trajectoire en termes de politiques publiques et de r\u00e9formes, afin d\u2019\u00e9viter de perdre une autre d\u00e9cennie \u00bb.<\/span><\/span><\/p>\n<p class=\"p1 c7\"><span class=\"c4\"><span class=\"c3\">Parmi ces r\u00e9formes l\u2019expert de la BM appelle \u00e0 conclure un nouveau contrat social, repenser les politiques de protection sociale, de revoir le r\u00f4le de l\u2019Etat dans l\u2019\u00e9conomie tout en privil\u00e9giant les partenariats publics\/ priv\u00e9s et en ouvrant la voie \u00e0 l\u2019initiative priv\u00e9e et \u00e0 l\u2019esprit cr\u00e9atif des jeunes.<\/span><\/span><\/p>\n<p class=\"p1 c7\"><span class=\"c4\"><span class=\"c3\">\u00ab Depuis des ann\u00e9es, les gouvernements ont fait pr\u00e9valoir les solutions politiquement faciles mais \u00e9conomiquement d\u00e9sastreuses d\u2019un contrat social \u00e0 travers lequel les produits et services de base seraient \u00ab prot\u00e9g\u00e9s \u00bb, sans ciblage des besoins, de mani\u00e8re \u00e0 acheter les all\u00e9geances politiques et la \u00ab paix sociale \u00bb.<span class=\"Apple-converted-space\">\u00a0<\/span><\/span><\/span><\/p>\n<p class=\"p1 c7\"><span class=\"c4\"><span class=\"c3\">Toutefois pour revitaliser le secteur priv\u00e9 et promouvoir les investissements, \u00ab l\u2019\u00c9tat doit mettre en place des r\u00e8gles claires, pr\u00e9visibles et stables, introduire le concept de contestabilit\u00e9 des march\u00e9s et de comp\u00e9tition transparente de mani\u00e8re \u00e0 pr\u00e9venir les situations de monopole et donner au pouvoir judiciaire les moyens de faire respecter la loi et d\u2019appliquer les jugements \u00bb, estime M.Ferid Belhaj.<\/span><\/span><\/p>\n<p class=\"p1 c7\"><span class=\"c4\"><span class=\"c3\">Le nouveau gouvernement Mechichi parviendra-t-il \u00e0 faire marcher le train de la r\u00e9forme, paralys\u00e9 depuis plus d\u2019une d\u00e9cennie. Ira-t-il au bout des objectifs escompt\u00e9s avec une ceinture parlementaire plus ou moins serr\u00e9e ? De toutes les fa\u00e7ons, il n\u2019a pas beaucoup de choix : r\u00e9former et\/ou r\u00e9former<span class=\"Apple-converted-space\">\u00a0<\/span><\/span><\/span><\/p>\n<p class=\"p2 c6\">\u00a0<\/p>\n<p class=\"p4 c10\"><span class=\"c4\"><span class=\"c3\"><strong>YGA<\/strong><\/span><\/span><\/p>\n<p class=\"p2 c6\">\u00a0<\/p>\n<\/div>\n<p>Auteur: letemps1<br \/>\n<a href=\"http:\/\/www.letemps.com.tn\/article\/118995\/%C2%ABmettre-fin-aux-solutions-politiquement-faciles-mais-%C3%A9conomiquement-d%C3%A9sastreuses%C2%BB\">Cliquez ici pour lire l&rsquo;article depuis sa source.<\/a><\/p>\n","protected":false},"excerpt":{"rendered":"<p>Appelle Ferid Belhaj, vice-pr\u00e9sident pour la r\u00e9gion Moyen-Orient et Afrique du Nord \u00e0 la Banque Mondiale Le Temps-Yosr GUERFEL AKKARI R\u00e9sultante d\u2019une crise \u00e9conomique et politique qui ne fait que s\u2019embraser, la col\u00e8re sociale prend de plus en plus du terrain mena\u00e7ant le processus d\u00e9mocratique et toute chance de sortie de crise. Ch\u00f4mage, pauvret\u00e9, crise [&hellip;]<\/p>\n","protected":false},"author":1773,"featured_media":0,"comment_status":"closed","ping_status":"closed","sticky":false,"template":"","format":"standard","meta":{"fifu_image_url":"","fifu_image_alt":"","footnotes":""},"categories":[73,55],"tags":[],"class_list":["post-109793","post","type-post","status-publish","format-standard","hentry","category-actualite","category-tunisie"],"_links":{"self":[{"href":"https:\/\/linitiative.ca\/International\/wp-json\/wp\/v2\/posts\/109793","targetHints":{"allow":["GET"]}}],"collection":[{"href":"https:\/\/linitiative.ca\/International\/wp-json\/wp\/v2\/posts"}],"about":[{"href":"https:\/\/linitiative.ca\/International\/wp-json\/wp\/v2\/types\/post"}],"author":[{"embeddable":true,"href":"https:\/\/linitiative.ca\/International\/wp-json\/wp\/v2\/users\/1773"}],"replies":[{"embeddable":true,"href":"https:\/\/linitiative.ca\/International\/wp-json\/wp\/v2\/comments?post=109793"}],"version-history":[{"count":0,"href":"https:\/\/linitiative.ca\/International\/wp-json\/wp\/v2\/posts\/109793\/revisions"}],"wp:attachment":[{"href":"https:\/\/linitiative.ca\/International\/wp-json\/wp\/v2\/media?parent=109793"}],"wp:term":[{"taxonomy":"category","embeddable":true,"href":"https:\/\/linitiative.ca\/International\/wp-json\/wp\/v2\/categories?post=109793"},{"taxonomy":"post_tag","embeddable":true,"href":"https:\/\/linitiative.ca\/International\/wp-json\/wp\/v2\/tags?post=109793"}],"curies":[{"name":"wp","href":"https:\/\/api.w.org\/{rel}","templated":true}]}}