{"id":109794,"date":"2021-01-22T15:04:20","date_gmt":"2021-01-22T20:04:20","guid":{"rendered":"https:\/\/linitiative.ca\/International\/je-vous-ai-compris\/"},"modified":"2021-01-22T15:04:20","modified_gmt":"2021-01-22T20:04:20","slug":"je-vous-ai-compris","status":"publish","type":"post","link":"https:\/\/linitiative.ca\/International\/je-vous-ai-compris\/","title":{"rendered":"Je vous ai compris\u2026"},"content":{"rendered":"<p class=\"p1 c5\"><strong><span class=\"c4\"><span class=\"c3\"><span class=\"s1 c2\">Le Temps &#8211; Samia HARRAR<\/span><\/span><\/span><\/strong><\/p>\n<p class=\"p2 c6\"><span class=\"c4\"><span class=\"c3\">Mais allez\u2026 voir ailleurs, si j\u2019y suis. Enfin, faites ce que bon vous semble, et je ferais de m\u00eame. Au revoir et merci\u2026<\/span><\/span><\/p>\n<p class=\"p2 c6\"><span class=\"c4\"><span class=\"c3\">Non, bien d\u00e9sol\u00e9 mais je ne pars pas, je me fais juste absent, le temps qu\u2019une porte soit ouverte ou ferm\u00e9e. La cl\u00e9 ? Quelle cl\u00e9 ?<span class=\"Apple-converted-space\">\u00a0<\/span> Je n\u2019ai rien trouv\u00e9, rien donn\u00e9, et je n\u2019ai rien perdu non plus. Vous aussi ? Ah bon, il fallait le dire. Je vous assure : je vous ai compris.<span class=\"Apple-converted-space\">\u00a0<\/span><\/span><\/span><\/p>\n<p class=\"p2 c6\"><span class=\"c4\"><span class=\"c3\">\u00c0 part \u00e7a : tout va bien pour vous ? Quoi \u00e7a devient irrespirable ? Il faut savoir ce que l\u2019on veut, dans la vie. Moi si on me cherche, on me trouve. Exactement, comme la cl\u00e9 des champs ; mais c\u2019est un peu pr\u00e9matur\u00e9, non ? Et puis je vous l\u2019accorde : \u00e7a ne marche pas \u00e0 tous les coups. Mais non ! Arr\u00eatez de me prendre au mot, \u00e7a devient une manie et c\u2019est exasp\u00e9rant ! Surtout que je n\u2019ai rien dit, et que vous n\u2019avez, par ailleurs, rien entendu. Il va falloir r\u00e9tablir la fr\u00e9quence, \u00e7a gr\u00e9sille sur les r\u00e9seaux, comme une po\u00eale \u00e0 frire. Pour la confiance, il va falloir repasser, ce n\u2019est pas gagn\u00e9, je vous le dis tout de suite ! Cela s\u2019appelle, de l\u2019anticipation.<span class=\"Apple-converted-space\">\u00a0<\/span><\/span><\/span><\/p>\n<p class=\"p2 c6\"><span class=\"c4\"><span class=\"c3\">Je n\u2019ai pas encore dit mon dernier mot.<span class=\"Apple-converted-space\">\u00a0<\/span><\/span><\/span><\/p>\n<p class=\"p2 c6\"><span class=\"c4\"><span class=\"c3\">C\u2019\u00e9tait quoi d\u00e9j\u00e0 ? Ah oui : je vous ai compris. Il y a un autre truc -l\u00e0, que je voudrais essayer. \u00c7a pourrait peut-\u00eatre marcher. \u00ab I have a dream\u2026 \u00bb.<span class=\"Apple-converted-space\">\u00a0<\/span><\/span><\/span><\/p>\n<p class=\"p2 c6\"><span class=\"c4\"><span class=\"c3\">\u00c7a l\u2019a fait hein !<span class=\"Apple-converted-space\">\u00a0<\/span><\/span><\/span><\/p>\n<p class=\"p2 c6\"><span class=\"c4\"><span class=\"c3\">Non, pas vraiment ? Tant pis : j\u2019aurais essay\u00e9\u2026<\/span><\/span><\/p>\n<p class=\"p3 c7\"><span class=\"c4\"><span class=\"c3\">S.H.<\/span><\/span><\/p>\n<p>Auteur: letemps1<br \/>\n<a href=\"http:\/\/www.letemps.com.tn\/article\/118997\/je-vous-ai-compris%E2%80%A6\">Cliquez ici pour lire l&rsquo;article depuis sa source.<\/a><\/p>\n","protected":false},"excerpt":{"rendered":"<p>Le Temps &#8211; Samia HARRAR Mais allez\u2026 voir ailleurs, si j\u2019y suis. Enfin, faites ce que bon vous semble, et je ferais de m\u00eame. Au revoir et merci\u2026 Non, bien d\u00e9sol\u00e9 mais je ne pars pas, je me fais juste absent, le temps qu\u2019une porte soit ouverte ou ferm\u00e9e. La cl\u00e9 ? Quelle cl\u00e9 ?\u00a0 [&hellip;]<\/p>\n","protected":false},"author":1773,"featured_media":0,"comment_status":"closed","ping_status":"closed","sticky":false,"template":"","format":"standard","meta":{"fifu_image_url":"","fifu_image_alt":"","footnotes":""},"categories":[73,55],"tags":[],"class_list":["post-109794","post","type-post","status-publish","format-standard","hentry","category-actualite","category-tunisie"],"_links":{"self":[{"href":"https:\/\/linitiative.ca\/International\/wp-json\/wp\/v2\/posts\/109794","targetHints":{"allow":["GET"]}}],"collection":[{"href":"https:\/\/linitiative.ca\/International\/wp-json\/wp\/v2\/posts"}],"about":[{"href":"https:\/\/linitiative.ca\/International\/wp-json\/wp\/v2\/types\/post"}],"author":[{"embeddable":true,"href":"https:\/\/linitiative.ca\/International\/wp-json\/wp\/v2\/users\/1773"}],"replies":[{"embeddable":true,"href":"https:\/\/linitiative.ca\/International\/wp-json\/wp\/v2\/comments?post=109794"}],"version-history":[{"count":0,"href":"https:\/\/linitiative.ca\/International\/wp-json\/wp\/v2\/posts\/109794\/revisions"}],"wp:attachment":[{"href":"https:\/\/linitiative.ca\/International\/wp-json\/wp\/v2\/media?parent=109794"}],"wp:term":[{"taxonomy":"category","embeddable":true,"href":"https:\/\/linitiative.ca\/International\/wp-json\/wp\/v2\/categories?post=109794"},{"taxonomy":"post_tag","embeddable":true,"href":"https:\/\/linitiative.ca\/International\/wp-json\/wp\/v2\/tags?post=109794"}],"curies":[{"name":"wp","href":"https:\/\/api.w.org\/{rel}","templated":true}]}}