{"id":109795,"date":"2021-01-22T15:04:22","date_gmt":"2021-01-22T20:04:22","guid":{"rendered":"https:\/\/linitiative.ca\/International\/de-bonnes-affaires-mais-gare-aux-arnaques\/"},"modified":"2021-01-22T15:04:22","modified_gmt":"2021-01-22T20:04:22","slug":"de-bonnes-affaires-mais-gare-aux-arnaques","status":"publish","type":"post","link":"https:\/\/linitiative.ca\/International\/de-bonnes-affaires-mais-gare-aux-arnaques\/","title":{"rendered":"De bonnes affaires, mais gare aux arnaques\u00a0!"},"content":{"rendered":"<p class=\"p1 c5\"><strong><span class=\"c4\"><span class=\"c3\"><span class=\"s1 c2\">Le Temps &#8211; Kamel BOUAOUINA<\/span><\/span><\/span><\/strong><\/p>\n<p class=\"p1 c5\"><span class=\"c4\"><span class=\"c3\">Les soldes d\u2019hiver d\u00e9marrent le 29 janvier courant, a annonc\u00e9 la Chambre syndicale du commerce des tissus et du pr\u00eat-\u00e0-porter en d\u00e9tail relevant de l\u2019Utica.<span class=\"Apple-converted-space\">\u00a0<\/span> Ces soldes d\u2019hiver qui se poursuivront durant six semaines se veulent principalement une aubaine pour le commer\u00e7ant afin de faire la promotion de ses produits dans un cadre concurrentiel loyal, \u00e0 travers des r\u00e9ductions de prix attrayantes propos\u00e9es aux clients. En plus de dynamiser le march\u00e9, ces ventes sont cens\u00e9es permettre aux consommateurs de faire le plein d\u2019achats \u00e0 des prix tr\u00e8s r\u00e9duits.<\/span><\/span><\/p>\n<p class=\"p1 c6\"><span class=\"c4\"><span class=\"c3\">La Chambre syndicale a indiqu\u00e9 que cette manifestation apporte un dynamisme \u00e0 l\u2019activit\u00e9 commerciale et soutiendra le pouvoir d\u2019achat, ce qui n\u00e9cessite la contribution efficiente de tous les commer\u00e7ants du secteur du textile et de l\u2019habillement. Elle a appel\u00e9 les participants \u00e0 cet \u00e9v\u00e9nement \u00e0 respecter les lois r\u00e9gissant les soldes et les publicit\u00e9s, et ce, en d\u00e9posant une d\u00e9claration pour l\u2019op\u00e9ration des soldes, en faisant, au pr\u00e9alable, l\u2019inventaire des produits qui feront l\u2019objet des soldes aupr\u00e8s des services du minist\u00e8re du Commerce, tout en respectant les taux des r\u00e9ductions, lesquels ne doivent pas \u00eatre en-dessous des 20%. Les commer\u00e7ants doivent afficher le prix initial et le prix sold\u00e9 sur les devantures des boutiques, en utilisant le terme\u201d solde saisonnier \u201c.<\/span><\/span><\/p>\n<p class=\"p1 c6\"><span class=\"c4\"><span class=\"c3\">Cette p\u00e9riode des soldes est celle des bonnes affaires, mais aussi de certaines arnaques r\u00e9currentes. Dans un communiqu\u00e9, la<span class=\"Apple-converted-space\">\u00a0<\/span> Chambre syndicale du commerce des tissus et du pr\u00eat-\u00e0-porter en d\u00e9tail appelle<span class=\"Apple-converted-space\">\u00a0<\/span> les commer\u00e7ants \u00e0 afficher le prix initial et le prix sold\u00e9 sur les devantures des boutiques, en utilisant le terme\u201d solde saisonnier \u201c.La Chambre<span class=\"Apple-converted-space\">\u00a0<\/span> appelle , aussi, \u00e0 la n\u00e9cessit\u00e9 de faire face aux offres frauduleuses et de lutter contre tous les abus ainsi que les ventes promotionnelles au courant de la p\u00e9riode des soldes et avant 40 jours. La chambre a assur\u00e9 avoir pris toutes les mesures et garanties pour faire de ces soldes un succ\u00e8s, ainsi que pour faire face aux fausses offres et lutter contre tous les d\u00e9passements.<\/span><\/span><\/p>\n<p class=\"p1 c6\"><span class=\"c4\"><span class=\"c3\">Selon une enqu\u00eate r\u00e9alis\u00e9e en d\u00e9cembre 2018 par l\u2019Institut National de la Consommation, (INC) sur \u201dle Tunisien et les soldes saisonniers\u201d, seulement 8% des familles tunisiennes consacrent un budget pour la saison des soldes, contre 78% ne pr\u00e9voyant pas cela et 14% le faisant rarement. Les p\u00e9riodes des soldes saisonniers repr\u00e9sentent, selon la profession, 40 % de son chiffre d\u2019affaires annuel. 25% des interview\u00e9s guettent \u201dr\u00e9guli\u00e8rement\u201d les offres commerciales avant le d\u00e9but des soldes, contre 39% le faisant \u201dparfois\u201d et 36% n\u2019y proc\u00e9dant pas.<span class=\"Apple-converted-space\">\u00a0<\/span> 89% des enqu\u00eat\u00e9s consid\u00e8rent que la majorit\u00e9 des marchandises sold\u00e9es sont le pr\u00eat-\u00e0-porter et les chaussures (34%), puis l\u2019\u00e9lectrom\u00e9nager (12%).<\/span><\/span><\/p>\n<p class=\"p1 c6\"><span class=\"c4\"><span class=\"c3\">Or, durant cette p\u00e9riode o\u00f9 les offres se multiplient et o\u00f9 les d\u00e9taillants jouent gros, des irr\u00e9gularit\u00e9s, voire de franches arnaques peuvent fleurir dans les rayons. Autant de risques qui appellent le client \u00e0 \u00eatre vigilant. Les bonnes affaires sont toujours possibles. Toutefois, une op\u00e9ration de rep\u00e9rage est obligatoire pour \u00e9viter les mauvaises surprises. \u00abCertes, les produits disponibles sur le march\u00e9 sont presque les m\u00eames, mais il est toujours possible de trouver de belles occasions. Il faut juste \u00eatre attentive aux nouvelles collections\u00bb, conseille Nehla, une adepte des achats et surtout des promotions.<\/span><\/span><\/p>\n<p class=\"p1 c6\"><span class=\"c4\"><span class=\"c3\">\u00ab S\u203aoffrir les articles qui, d\u2019ordinaire, sont inaccessibles \u00bb, voil\u00e0 la devise de cette \u00e9tudiante, qui estime qu\u2019un produit sold\u00e9 doit pr\u00e9senter une \u00e9tiquette comportant l\u2019ancien prix (g\u00e9n\u00e9ralement barr\u00e9), le nouveau prix et le montant de la remise. Un produit qui n\u2019affiche pas ces trois \u00e9l\u00e9ments doit attirer la vigilance des consommateurs. Les bonnes affaires sont toujours possibles. Toutefois, une op\u00e9ration de rep\u00e9rage est obligatoire pour \u00e9viter les mauvaises surprises quelques semaines avant les soldes pour d\u00e9jouer l\u2019arnaque.<\/span><\/span><\/p>\n<p class=\"p1 c6\"><span class=\"c4\"><span class=\"c3\">Samia, institutrice, explique que \u00abl\u2019une des ruses les plus fr\u00e9quentes, lors des soldes, est d\u2019augmenter, sur l\u2019\u00e9tiquette, le prix de base du produit afin de faire croire que la r\u00e9duction sur le produit est tr\u00e8s importante. Une pratique malheureusement r\u00e9pandue sur les produits co\u00fbteux comme le pr\u00eat-\u00e0-porter de luxe. Pour ne pas vous faire duper, il faut aller dans d\u2019autres magasins ou sur internet avant d\u2019acheter le produit afin de voir son prix r\u00e9el \u00bb<\/span><\/span><\/p>\n<p class=\"p1 c6\"><span class=\"c4\"><span class=\"c3\">Ces soldes sont une occasion pour de nombreux Tunisiens pour faire du shopping et de bonnes affaires ! Toutes les enseignes esp\u00e8rent r\u00e9duire au plus vite le stock de v\u00eatements qui s\u2019accumulent en magasins. Mais, Covid-19 aidant, les citoyens n\u2019auront pas assez de temps, pour faire la tourn\u00e9e des vitrines, avec, en plus, l\u2019absence du besoin de faire des achats vestimentaires, alors qu\u2019ils sont cloitr\u00e9s chez eux\u00a0; Aux commer\u00e7ants, donc, de les d\u00e9cider\u00a0!<\/span><\/span><\/p>\n<p class=\"p1 c5\">\u00a0<\/p>\n<p class=\"p2 c7\"><span class=\"c4\"><span class=\"c3\">K.B.<\/span><\/span><\/p>\n<p>Auteur: letemps1<br \/>\n<a href=\"http:\/\/www.letemps.com.tn\/article\/119000\/de-bonnes-affaires-mais-gare-aux-arnaques%C2%A0\">Cliquez ici pour lire l&rsquo;article depuis sa source.<\/a><\/p>\n","protected":false},"excerpt":{"rendered":"<p>Le Temps &#8211; Kamel BOUAOUINA Les soldes d\u2019hiver d\u00e9marrent le 29 janvier courant, a annonc\u00e9 la Chambre syndicale du commerce des tissus et du pr\u00eat-\u00e0-porter en d\u00e9tail relevant de l\u2019Utica.\u00a0 Ces soldes d\u2019hiver qui se poursuivront durant six semaines se veulent principalement une aubaine pour le commer\u00e7ant afin de faire la promotion de ses produits [&hellip;]<\/p>\n","protected":false},"author":1773,"featured_media":0,"comment_status":"closed","ping_status":"closed","sticky":false,"template":"","format":"standard","meta":{"fifu_image_url":"","fifu_image_alt":"","footnotes":""},"categories":[73,55],"tags":[],"class_list":["post-109795","post","type-post","status-publish","format-standard","hentry","category-actualite","category-tunisie"],"_links":{"self":[{"href":"https:\/\/linitiative.ca\/International\/wp-json\/wp\/v2\/posts\/109795","targetHints":{"allow":["GET"]}}],"collection":[{"href":"https:\/\/linitiative.ca\/International\/wp-json\/wp\/v2\/posts"}],"about":[{"href":"https:\/\/linitiative.ca\/International\/wp-json\/wp\/v2\/types\/post"}],"author":[{"embeddable":true,"href":"https:\/\/linitiative.ca\/International\/wp-json\/wp\/v2\/users\/1773"}],"replies":[{"embeddable":true,"href":"https:\/\/linitiative.ca\/International\/wp-json\/wp\/v2\/comments?post=109795"}],"version-history":[{"count":0,"href":"https:\/\/linitiative.ca\/International\/wp-json\/wp\/v2\/posts\/109795\/revisions"}],"wp:attachment":[{"href":"https:\/\/linitiative.ca\/International\/wp-json\/wp\/v2\/media?parent=109795"}],"wp:term":[{"taxonomy":"category","embeddable":true,"href":"https:\/\/linitiative.ca\/International\/wp-json\/wp\/v2\/categories?post=109795"},{"taxonomy":"post_tag","embeddable":true,"href":"https:\/\/linitiative.ca\/International\/wp-json\/wp\/v2\/tags?post=109795"}],"curies":[{"name":"wp","href":"https:\/\/api.w.org\/{rel}","templated":true}]}}