{"id":109798,"date":"2021-01-22T15:14:10","date_gmt":"2021-01-22T20:14:10","guid":{"rendered":"https:\/\/linitiative.ca\/International\/international-real-madrid-zidane-positif-a-la-covid-19\/"},"modified":"2021-01-22T15:14:10","modified_gmt":"2021-01-22T20:14:10","slug":"international-real-madrid-zidane-positif-a-la-covid-19","status":"publish","type":"post","link":"https:\/\/linitiative.ca\/International\/international-real-madrid-zidane-positif-a-la-covid-19\/","title":{"rendered":"International : Real Madrid: Zidane positif \u00e0 la Covid-19"},"content":{"rendered":"<div readability=\"32\">\n<p>Auteur : <span class=\"time\">vendredi 22 janvier 2021 13:43<\/span><\/p>\n<\/div>\n<div id=\"post_core\" readability=\"36\">\n<p>Pris dans un battage m\u00e9diatique de grande ampleur suite \u00e0 l\u2019\u00e9limination pr\u00e9matur\u00e9 du Real Madrid en Coupe du Roi, Zinedine Zidane devait faire face aux m\u00e9dias ce midi lors d\u2019une conf\u00e9rence de presse. Mais l\u2019entra\u00eeneur de la Casa Blanca laissera sa place \u00e0 son adjoint David Bettoni. La raison ? La Casa Blanca annonce sur son site officiel que le Fran\u00e7ais a \u00e9t\u00e9 test\u00e9 positif \u00e0 la Covid-19 rapporte Foot Mercato.<\/p>\n<p><strong>Publi\u00e9 dans :<\/strong> <span>Zidane<\/span><\/p>\n<\/div>\n<p>Auteur:<br \/>\n<a href=\"http:\/\/www.lebuteur.com\/article\/detail?titre=real-madrid-zidane-positif-a-la-covid-19&#038;id=98802&#038;utm_source=feedburner&#038;utm_medium=feed&#038;utm_campaign=Feed%3A+GalerieFArtciles+%28Les+derniers+articles++-+lebuteur.com%29\">Cliquez ici pour lire l&rsquo;article depuis sa source.<\/a><\/p>\n","protected":false},"excerpt":{"rendered":"<p>Auteur : vendredi 22 janvier 2021 13:43 Pris dans un battage m\u00e9diatique de grande ampleur suite \u00e0 l\u2019\u00e9limination pr\u00e9matur\u00e9 du Real Madrid en Coupe du Roi, Zinedine Zidane devait faire face aux m\u00e9dias ce midi lors d\u2019une conf\u00e9rence de presse. Mais l\u2019entra\u00eeneur de la Casa Blanca laissera sa place \u00e0 son adjoint David Bettoni. La [&hellip;]<\/p>\n","protected":false},"author":1738,"featured_media":0,"comment_status":"closed","ping_status":"closed","sticky":false,"template":"","format":"standard","meta":{"fifu_image_url":"\/\/cdn.lebuteur.com\/data\/images\/article\/thumbs\/large-real-madrid-zidane-positif-a-la-covid-19-4af09.jpg","fifu_image_alt":"International : Real Madrid: Zidane positif \u00e0 la Covid-19","footnotes":""},"categories":[53,75],"tags":[],"class_list":["post-109798","post","type-post","status-publish","format-standard","hentry","category-algerie","category-sport"],"_links":{"self":[{"href":"https:\/\/linitiative.ca\/International\/wp-json\/wp\/v2\/posts\/109798","targetHints":{"allow":["GET"]}}],"collection":[{"href":"https:\/\/linitiative.ca\/International\/wp-json\/wp\/v2\/posts"}],"about":[{"href":"https:\/\/linitiative.ca\/International\/wp-json\/wp\/v2\/types\/post"}],"author":[{"embeddable":true,"href":"https:\/\/linitiative.ca\/International\/wp-json\/wp\/v2\/users\/1738"}],"replies":[{"embeddable":true,"href":"https:\/\/linitiative.ca\/International\/wp-json\/wp\/v2\/comments?post=109798"}],"version-history":[{"count":0,"href":"https:\/\/linitiative.ca\/International\/wp-json\/wp\/v2\/posts\/109798\/revisions"}],"wp:attachment":[{"href":"https:\/\/linitiative.ca\/International\/wp-json\/wp\/v2\/media?parent=109798"}],"wp:term":[{"taxonomy":"category","embeddable":true,"href":"https:\/\/linitiative.ca\/International\/wp-json\/wp\/v2\/categories?post=109798"},{"taxonomy":"post_tag","embeddable":true,"href":"https:\/\/linitiative.ca\/International\/wp-json\/wp\/v2\/tags?post=109798"}],"curies":[{"name":"wp","href":"https:\/\/api.w.org\/{rel}","templated":true}]}}