{"id":109800,"date":"2021-01-22T15:14:13","date_gmt":"2021-01-22T20:14:13","guid":{"rendered":"https:\/\/linitiative.ca\/International\/international-coup-dur-pour-manchester-city-et-de-bruyne\/"},"modified":"2021-01-22T15:14:13","modified_gmt":"2021-01-22T20:14:13","slug":"international-coup-dur-pour-manchester-city-et-de-bruyne","status":"publish","type":"post","link":"https:\/\/linitiative.ca\/International\/international-coup-dur-pour-manchester-city-et-de-bruyne\/","title":{"rendered":"International : Coup dur pour Manchester City et De Bruyne"},"content":{"rendered":"<div readability=\"32\">\n<p>Auteur : <span class=\"time\">vendredi 22 janvier 2021 19:31<\/span><\/p>\n<\/div>\n<div id=\"post_core\" readability=\"47\">\n<p>Et Pep Guardiola a maintenant confirm\u00e9 que son joueur vedette allait rater au moins un mois d&rsquo;action, d\u00e9clarant aux journalistes : \u00ab\u00a0Kevin, comme le m\u00e9decin l&rsquo;a dit aujourd&rsquo;hui apr\u00e8s avoir examin\u00e9 lson cas, sera de retour dans quatre \u00e0 six semaines. C&rsquo;est un coup dur, n&rsquo;est-ce pas? C&rsquo;est vrai, mais nous devons avancer.\u00a0\u00bb<\/p>\n<p>\u00ab\u00a0Je ne dis rien que personne ne sache, c&rsquo;est malheureux pour lui et pour nous et nous devons trouver une solution car c&rsquo;est une situation qui concerne tout le monde et nous devons nous adapter.\u00a0\u00bb Des propos relay\u00e9s par Goal.<\/p>\n<p><strong>Publi\u00e9 dans :<\/strong> <span>Manchester City<\/span><\/p>\n<\/div>\n<p>Auteur:<br \/>\n<a href=\"http:\/\/www.lebuteur.com\/article\/detail?titre=coup-dur-pour-manchester-city-et-de-bruyne&#038;id=98804&#038;utm_source=feedburner&#038;utm_medium=feed&#038;utm_campaign=Feed%3A+GalerieFArtciles+%28Les+derniers+articles++-+lebuteur.com%29\">Cliquez ici pour lire l&rsquo;article depuis sa source.<\/a><\/p>\n","protected":false},"excerpt":{"rendered":"<p>Auteur : vendredi 22 janvier 2021 19:31 Et Pep Guardiola a maintenant confirm\u00e9 que son joueur vedette allait rater au moins un mois d&rsquo;action, d\u00e9clarant aux journalistes : \u00ab\u00a0Kevin, comme le m\u00e9decin l&rsquo;a dit aujourd&rsquo;hui apr\u00e8s avoir examin\u00e9 lson cas, sera de retour dans quatre \u00e0 six semaines. C&rsquo;est un coup dur, n&rsquo;est-ce pas? C&rsquo;est [&hellip;]<\/p>\n","protected":false},"author":1738,"featured_media":0,"comment_status":"closed","ping_status":"closed","sticky":false,"template":"","format":"standard","meta":{"fifu_image_url":"\/\/cdn.lebuteur.com\/data\/images\/article\/thumbs\/large-coup-dur-pour-manchester-city-et-de-bruyne-c5ff0.jpg","fifu_image_alt":"International : Coup dur pour Manchester City et De Bruyne","footnotes":""},"categories":[53,75],"tags":[],"class_list":["post-109800","post","type-post","status-publish","format-standard","hentry","category-algerie","category-sport"],"_links":{"self":[{"href":"https:\/\/linitiative.ca\/International\/wp-json\/wp\/v2\/posts\/109800","targetHints":{"allow":["GET"]}}],"collection":[{"href":"https:\/\/linitiative.ca\/International\/wp-json\/wp\/v2\/posts"}],"about":[{"href":"https:\/\/linitiative.ca\/International\/wp-json\/wp\/v2\/types\/post"}],"author":[{"embeddable":true,"href":"https:\/\/linitiative.ca\/International\/wp-json\/wp\/v2\/users\/1738"}],"replies":[{"embeddable":true,"href":"https:\/\/linitiative.ca\/International\/wp-json\/wp\/v2\/comments?post=109800"}],"version-history":[{"count":0,"href":"https:\/\/linitiative.ca\/International\/wp-json\/wp\/v2\/posts\/109800\/revisions"}],"wp:attachment":[{"href":"https:\/\/linitiative.ca\/International\/wp-json\/wp\/v2\/media?parent=109800"}],"wp:term":[{"taxonomy":"category","embeddable":true,"href":"https:\/\/linitiative.ca\/International\/wp-json\/wp\/v2\/categories?post=109800"},{"taxonomy":"post_tag","embeddable":true,"href":"https:\/\/linitiative.ca\/International\/wp-json\/wp\/v2\/tags?post=109800"}],"curies":[{"name":"wp","href":"https:\/\/api.w.org\/{rel}","templated":true}]}}