{"id":109801,"date":"2021-01-21T22:55:00","date_gmt":"2021-01-22T03:55:00","guid":{"rendered":"https:\/\/linitiative.ca\/International\/meherzia-labidi-est-decedee-la-voix-tonitruante-dennahdha-au-bardo\/"},"modified":"2021-01-21T22:55:00","modified_gmt":"2021-01-22T03:55:00","slug":"meherzia-labidi-est-decedee-la-voix-tonitruante-dennahdha-au-bardo","status":"publish","type":"post","link":"https:\/\/linitiative.ca\/International\/meherzia-labidi-est-decedee-la-voix-tonitruante-dennahdha-au-bardo\/","title":{"rendered":"Meherzia Labidi est d\u00e9c\u00e9d\u00e9e : la voix tonitruante d&rsquo;Ennahdha au Bardo"},"content":{"rendered":"<p>Premi\u00e8re vice-pr\u00e9sidente de l\u2019Assembl\u00e9e nationale constituante (2011 \u2013 2014), et d\u00e9put\u00e9e \u00e0 l\u2019ARP depuis 2020 du parti Ennahdha, Meherzia Labidi, 57 ans, est d\u00e9c\u00e9d\u00e9e, \u00e0 la suite d\u2019une maladie contract\u00e9e il y a quelques semaines. Evacu\u00e9e d&rsquo;urgence en France o\u00f9 elle r\u00e9side, elle y succombera jeudi 20 janvier en d\u00e9but de soir\u00e9e.<\/p>\n<p>Sp\u00e9cialiste en litt\u00e9rature anglaise et titulaire d\u2019un master en traduction \u00e9conomique et juridique, Meherzia Labidi enseignait \u00e0 Paris et s\u2019impliquait dans la soci\u00e9t\u00e9 civile. Son engagement au sein du parti Islamique Ennahdha lui vaudra son investiture, en octobre 2011, pour les \u00e9lections de l\u2019Assembl\u00e9e constituante, dans la circonscription de France 1. \u00c9lue, elle sera port\u00e9e au perchoir en tant que premi\u00e8re-vice-pr\u00e9sidente. C\u2019est \u00e0 ce titre que les Tunisiens la conna\u00eetront, pr\u00e9sidant souvent les s\u00e9ances pl\u00e9ni\u00e8res, alternant entre fermet\u00e9 et courtoisie. Sa voix tonitruante avait beaucoup marqu\u00e9 les d\u00e9bats.<\/p>\n<p>Meherzia Labidi, sera r\u00e9\u00e9lue en 2014, dans la circonscription de Nabeul 2, mais ne parviendra pas \u00e0 rempiler pour un troisi\u00e8me mandat au Bardo lors du scrutin de 2019. Inscrite en deuxi\u00e8me position en tant que suppl\u00e9ante imm\u00e9diate dans la liste d\u2019Ennahdha conduite par Ahmed Gaaloul, elle sera cependant de nouveau sous la coupole de l\u2019ARP, en succ\u00e9dant en mars 2020, \u00e0 Gaaloul, nomm\u00e9 ministre de la Jeunesse et des Sports.<\/p>\n<p>Meherzia Labidi est co-auteur d\u2019une s\u00e9rie d\u2019ouvrages traitant des religions, publi\u00e9s en France, avec notamment Laurent Klein, Herveau, et Joseph Boyer.<\/p>\n<p>\u00a0<\/p>\n<p>Auteur:<br \/>\n<a href=\"https:\/\/www.leaders.com.tn\/article\/31307-meherzia-labidi-est-decedee-la-voix-tonitruante-d-ennahdha-au-bardo\">Cliquez ici pour lire l&rsquo;article depuis sa source.<\/a><\/p>\n","protected":false},"excerpt":{"rendered":"<p>Premi\u00e8re vice-pr\u00e9sidente de l\u2019Assembl\u00e9e nationale constituante (2011 \u2013 2014), et d\u00e9put\u00e9e \u00e0 l\u2019ARP depuis 2020 du parti Ennahdha, Meherzia Labidi, 57 ans, est d\u00e9c\u00e9d\u00e9e, \u00e0 la suite d\u2019une maladie contract\u00e9e il y a quelques semaines. Evacu\u00e9e d&rsquo;urgence en France o\u00f9 elle r\u00e9side, elle y succombera jeudi 20 janvier en d\u00e9but de soir\u00e9e. Sp\u00e9cialiste en litt\u00e9rature [&hellip;]<\/p>\n","protected":false},"author":1772,"featured_media":0,"comment_status":"closed","ping_status":"closed","sticky":false,"template":"","format":"standard","meta":{"fifu_image_url":"","fifu_image_alt":"","footnotes":""},"categories":[73,55],"tags":[],"class_list":["post-109801","post","type-post","status-publish","format-standard","hentry","category-actualite","category-tunisie"],"_links":{"self":[{"href":"https:\/\/linitiative.ca\/International\/wp-json\/wp\/v2\/posts\/109801","targetHints":{"allow":["GET"]}}],"collection":[{"href":"https:\/\/linitiative.ca\/International\/wp-json\/wp\/v2\/posts"}],"about":[{"href":"https:\/\/linitiative.ca\/International\/wp-json\/wp\/v2\/types\/post"}],"author":[{"embeddable":true,"href":"https:\/\/linitiative.ca\/International\/wp-json\/wp\/v2\/users\/1772"}],"replies":[{"embeddable":true,"href":"https:\/\/linitiative.ca\/International\/wp-json\/wp\/v2\/comments?post=109801"}],"version-history":[{"count":0,"href":"https:\/\/linitiative.ca\/International\/wp-json\/wp\/v2\/posts\/109801\/revisions"}],"wp:attachment":[{"href":"https:\/\/linitiative.ca\/International\/wp-json\/wp\/v2\/media?parent=109801"}],"wp:term":[{"taxonomy":"category","embeddable":true,"href":"https:\/\/linitiative.ca\/International\/wp-json\/wp\/v2\/categories?post=109801"},{"taxonomy":"post_tag","embeddable":true,"href":"https:\/\/linitiative.ca\/International\/wp-json\/wp\/v2\/tags?post=109801"}],"curies":[{"name":"wp","href":"https:\/\/api.w.org\/{rel}","templated":true}]}}