{"id":109803,"date":"2021-01-22T06:24:00","date_gmt":"2021-01-22T11:24:00","guid":{"rendered":"https:\/\/linitiative.ca\/International\/hassib-ben-ammar-un-democrate-sous-bourguiba\/"},"modified":"2021-01-22T06:24:00","modified_gmt":"2021-01-22T11:24:00","slug":"hassib-ben-ammar-un-democrate-sous-bourguiba","status":"publish","type":"post","link":"https:\/\/linitiative.ca\/International\/hassib-ben-ammar-un-democrate-sous-bourguiba\/","title":{"rendered":"Hassib Ben Ammar: Un d\u00e9mocrate sous Bourguiba"},"content":{"rendered":"<p>Lorsqu\u2019il a d\u00e9missionn\u00e9 de ses fonctions de ministre de la D\u00e9fense nationale dans le gouvernement H\u00e9di Nouira, Hassib Ben Ammar n\u2019avait pas beaucoup chang\u00e9 son itin\u00e9raire quotidien. En arrivant t\u00f4t le matin \u00e0 la Kasbah, au lieu de tourner \u00e0 gauche pour regagner son d\u00e9partement, il tourna \u00e0 droite vers le lyc\u00e9e Sadiki, o\u00f9 il avait fait ses \u00e9tudes et devait reprendre ses fonctions de professeur de physique-chimie. Sans le moindre regret. Si Hassib \u00e9tait de cette trempe de grands militants destouriens et hommes d\u2019Etat pour qui servir la nation n\u2019a pas de position prestigieuse autre que l\u2019abn\u00e9gation.<\/p>\n<p class=\"c2\"><img decoding=\"async\" src=\"\/uploads\/FCK_files\/Foued-Mebazaa.jpg\" alt=\"\" width=\"100%\" vspace=\"5\" hspace=\"5\" align=\"middle\"\/><\/p>\n<p>Quitte \u00e0 s\u2019opposer \u00e0 Bourguiba, oser lui remettre sa d\u00e9cision, s\u2019investir dans l\u2019opposition d\u00e9mocratique pour le pluralisme politique et les libert\u00e9s, fonder un journal d\u2019opinion, Errai, puis l\u2019Institut arabe des droits de l\u2019Homme\u2026 Si Hassib \u00e9tait d\u2019abord une conscience \u00e9veill\u00e9e, un grand rassembleur. Son hebdomadaire coupl\u00e9 \u00e0 un mensuel en langue fran\u00e7aise D\u00e9mocratie, accueillait un large pan de l\u2019opposition tunisienne : Maya Jeribi, Rachid Khechana, N\u00e9ziha Rejiba et autres ic\u00f4nes. D\u00e9c\u00e9d\u00e9 le 15 d\u00e9cembre 2008, \u00e0 l\u2019\u00e2ge de 84 ans, il a laiss\u00e9 le souvenir d\u2019un illustre patriote, aujourd\u2019hui peu connu des jeunes g\u00e9n\u00e9rations.<\/p>\n<p>Jeune lyc\u00e9en, Hassib Ben Ammar, fr\u00e8re de Radhia Haddad, \u00e9tait d\u00e9j\u00e0 de toutes les manifestations politiques contre l\u2019occupation fran\u00e7aise. Etudiant \u00e0 Paris, il poursuivra son engagement destourien et rejoindra l\u2019Uget. De retour \u00e0 Tunis, il sera charg\u00e9 de la Direction de la jeunesse et des sports, avant d\u2019\u00eatre port\u00e9 gouverneur-maire de Tunis (1963-1969), d\u00e9put\u00e9, ambassadeur \u00e0 Rome, directeur du Parti socialiste destourien et ministre. Son franc-parler et ses valeurs fondatrices l\u2019incitaient \u00e0 porter ses convictions, sans concession. Quitte \u00e0 en payer le prix politique et \u00e0 encourir des dizaines de proc\u00e8s iniques.<\/p>\n<p>C\u2019est le portrait de cet illustre homme que Rachid Khechana brosse dans un ouvrage document\u00e9 sous le titre de Hassib Ben Ammar ou le r\u00eave du projet r\u00e9formateur. Pour l\u2019avoir connu de pr\u00e8s, ayant \u00e9t\u00e9 coopt\u00e9 au sein de la r\u00e9daction d\u2019Errai, et accompagn\u00e9 depuis lors son parcours,\u00a0<\/p>\n<p>Auteur:<br \/>\n<a href=\"https:\/\/www.leaders.com.tn\/article\/31309-hassib-ben-ammar-un-democrate-sous-bourguiba\">Cliquez ici pour lire l&rsquo;article depuis sa source.<\/a><\/p>\n","protected":false},"excerpt":{"rendered":"<p>Lorsqu\u2019il a d\u00e9missionn\u00e9 de ses fonctions de ministre de la D\u00e9fense nationale dans le gouvernement H\u00e9di Nouira, Hassib Ben Ammar n\u2019avait pas beaucoup chang\u00e9 son itin\u00e9raire quotidien. En arrivant t\u00f4t le matin \u00e0 la Kasbah, au lieu de tourner \u00e0 gauche pour regagner son d\u00e9partement, il tourna \u00e0 droite vers le lyc\u00e9e Sadiki, o\u00f9 il [&hellip;]<\/p>\n","protected":false},"author":1772,"featured_media":0,"comment_status":"closed","ping_status":"closed","sticky":false,"template":"","format":"standard","meta":{"fifu_image_url":"\/uploads\/FCK_files\/Foued-Mebazaa.jpg","fifu_image_alt":"Hassib Ben Ammar: Un d\u00e9mocrate sous Bourguiba","footnotes":""},"categories":[73,55],"tags":[],"class_list":["post-109803","post","type-post","status-publish","format-standard","hentry","category-actualite","category-tunisie"],"_links":{"self":[{"href":"https:\/\/linitiative.ca\/International\/wp-json\/wp\/v2\/posts\/109803","targetHints":{"allow":["GET"]}}],"collection":[{"href":"https:\/\/linitiative.ca\/International\/wp-json\/wp\/v2\/posts"}],"about":[{"href":"https:\/\/linitiative.ca\/International\/wp-json\/wp\/v2\/types\/post"}],"author":[{"embeddable":true,"href":"https:\/\/linitiative.ca\/International\/wp-json\/wp\/v2\/users\/1772"}],"replies":[{"embeddable":true,"href":"https:\/\/linitiative.ca\/International\/wp-json\/wp\/v2\/comments?post=109803"}],"version-history":[{"count":0,"href":"https:\/\/linitiative.ca\/International\/wp-json\/wp\/v2\/posts\/109803\/revisions"}],"wp:attachment":[{"href":"https:\/\/linitiative.ca\/International\/wp-json\/wp\/v2\/media?parent=109803"}],"wp:term":[{"taxonomy":"category","embeddable":true,"href":"https:\/\/linitiative.ca\/International\/wp-json\/wp\/v2\/categories?post=109803"},{"taxonomy":"post_tag","embeddable":true,"href":"https:\/\/linitiative.ca\/International\/wp-json\/wp\/v2\/tags?post=109803"}],"curies":[{"name":"wp","href":"https:\/\/api.w.org\/{rel}","templated":true}]}}