{"id":109804,"date":"2021-01-22T15:34:00","date_gmt":"2021-01-22T20:34:00","guid":{"rendered":"https:\/\/linitiative.ca\/International\/mustapha-el-haddad-lembrigadement-des-jeunes-pour-le-jihad-le-paradoxe-tunisien\/"},"modified":"2021-01-22T15:34:00","modified_gmt":"2021-01-22T20:34:00","slug":"mustapha-el-haddad-lembrigadement-des-jeunes-pour-le-jihad-le-paradoxe-tunisien","status":"publish","type":"post","link":"https:\/\/linitiative.ca\/International\/mustapha-el-haddad-lembrigadement-des-jeunes-pour-le-jihad-le-paradoxe-tunisien\/","title":{"rendered":"Mustapha El Haddad: L\u2019embrigadement des jeunes pour le jihad \u00abLe paradoxe tunisien\u00bb"},"content":{"rendered":"<p><span class=\"c3\"><span class=\"c2\"><em><strong>Par Mahmoud Ben Romdhane &#8211;<\/strong><\/em><\/span><\/span> Les Editions Arabesques viennent de publier un ouvrage sign\u00e9 par Mustapha El Haddad sur un sujet tabou et, pourtant, d\u2019une importance exceptionnelle pour notre pays : l\u2019embrigadement de notre jeunesse pour le jihad dans les zones de conflit, l\u2019Irak et, surtout, la Syrie, \u00e0 partir de 2012.<\/p>\n<p>Ce n\u2019est pas le premier sujet tabou sur lequel Mustapha El Haddad l\u00e8ve le voile : en 2018, dans les m\u00eames \u00e9ditions, l\u2019auteur publiait un livre intitul\u00e9 : <em>Chronique de la violence politique sous la \u00ab Tro\u00efka \u00bb ; de janvier 2012 \u00e0 d\u00e9cembre 2014.<\/em><\/p>\n<p>La caract\u00e9ristique majeure de ces deux ouvrages est leur rigueur et la posture d\u00e9lib\u00e9r\u00e9ment \u00ab neutre \u00bb qu\u2019a choisie l\u2019auteur : une pr\u00e9sentation brute des faits et des d\u00e9clarations des diff\u00e9rentes sources pertinentes, sans commentaires. Pour laisser au lecteur le soin d\u2019en tirer ses propres conclusions.<\/p>\n<p><em>L\u2019embrigadement des jeunes pour le Jihad<\/em> traite d\u2019UNE question qui figure dans la page de couverture du livre, et qui montre la Tunisie premier pourvoyeur mondial de combattants en Syrie et en Irak. Le ton n\u2019est pas d\u00e9nonciatoire ; il est froid. Mais il est d\u2019une richesse et d\u2019une pr\u00e9cision qui confinent \u00e0 l\u2019exhaustivit\u00e9 et une source d\u2019informations sans pareille pour ce qui touche \u00e0 ce ph\u00e9nom\u00e8ne du jihad tunisien.<\/p>\n<p>Cinq chapitres structurent cet ouvrage de 240 pages:<\/p>\n<p class=\"c4\"><span class=\"c2\"><strong>\u2022<\/strong><\/span> Combien sont-ils, depuis quand et o\u00f9 vont-ils ? (Chapitre I)<\/p>\n<p class=\"c4\"><span class=\"c2\"><strong>\u2022<\/strong><\/span> Qui sont-ils et quelles sont leurs motivations ? (Chapitre II)<\/p>\n<p class=\"c4\"><span class=\"c2\"><strong>\u2022<\/strong><\/span> Comment fonctionnent les r\u00e9seaux d\u2019embrigadement de ces jihadistes ? (Chapitre III)<\/p>\n<p class=\"c4\"><span class=\"c2\"><strong>\u2022<\/strong><\/span> Quelles sont les forces en pr\u00e9sence dans le conflit syrien et quels en sont les enjeux ? (Chapitre IV)<\/p>\n<p class=\"c4\"><span class=\"c2\"><strong>\u2022<\/strong><\/span> Comment ce ph\u00e9nom\u00e8ne d\u2019embrigadement est-il g\u00e9r\u00e9 par les autorit\u00e9s tunisiennes ? (Chapitre V).<\/p>\n<p>Pratiquement toutes les sources concordent : les Tunisiens sont les jihadistes les plus nombreux : entre 5 mille et 7 mille selon les sources et selon les moments. Pourquoi ? Aucun facteur ne les pr\u00e9dispose par rapport aux jeunesses des autres pays, bien au contraire ; c\u2019est pourquoi le sous-titre du livre est intitul\u00e9 \u00ab Le paradoxe tunisien \u00bb.<\/p>\n<p>Alors, pourquoi ? L\u2019auteur ne se v\u00eatit de l\u2019habit d\u00e9monstratif, mais au fil des pages et des faits, le lecteur comprend que la Tunisie r\u00e9unit ; nous dirions est le seul pays \u00e0 r\u00e9unir, toutes les conditions n\u00e9cessaires, pour donner essor \u00e0 ce ph\u00e9nom\u00e8ne : la mise en place d\u2019un r\u00e9seau de recrutement \u00e0 travers des centaines de cercles, de mosqu\u00e9es, de caf\u00e9s et de r\u00e9seaux sociaux ; l\u2019invitation de grands pr\u00e9dicateurs \u00e9trangers d\u2019inspiration wahabite ou\/et appartenant au mouvement des Fr\u00e8res musulmans, souvent re\u00e7us en grande pompe pour faire des discours devant des foules de plusieurs milliers (voire dizaines de milliers) les incitant au \u00ab jihad \u00bb (le d\u00e9part vers la Syrie) ; l\u2019organisation d\u2019un r\u00e9seau d\u2019encadrement, de convoyage et de prise en charge mat\u00e9rielle des nouvelles recrues par des centaines d\u2019associations dites \u00abcaritatives \u00bb financ\u00e9es par Qatar ; un r\u00e9seau de camps d\u2019entra\u00eenement et d\u2019initiation au combat ;\u00a0 une prise en charge mat\u00e9rielle des nouvelles recrues depuis leur d\u00e9part de Tunis, leur atterrissage dans les a\u00e9roports turcs et, de l\u00e0, leur transport vers les zones de combat ; des ressources financi\u00e8res consid\u00e9rables.<\/p>\n<p>Tout cela est document\u00e9 avec pr\u00e9cision, \u00e0 partir de diverses sources cr\u00e9dibles.<\/p>\n<p>Les terroristes tunisiens ne limitent pas leur champ d\u2019op\u00e9ration \u00e0 l\u2019Irak et \u00e0 la Syrie ; on les retrouve dans les tr\u00e8s grandes op\u00e9rations terroristes qui ensanglantent l\u2019Europe. Face \u00e0 chaque op\u00e9ration de cette nature, l\u2019opinion tunisienne a la main sur le c\u0153ur : \u00ab Pourvu que ce ne soit pas encore un Tunisien ! \u00bb. Ils sont, d\u00e9sormais, tout pr\u00e8s de nous : selon les statistiques les plus cr\u00e9dibles, le nombre de mercenaires tunisiens employ\u00e9s par la Turquie, aujourd\u2019hui d\u00e9ploy\u00e9s\u00a0 \u00e0 nos fronti\u00e8res libyennes est compris entre deux mille et trois mille.<\/p>\n<p>Dans <em>L\u2019embrigadement des Jeunes pour le Jihad<\/em> \u00bb, nous trouvons les \u00e9clairages n\u00e9cessaires \u00e0 la compr\u00e9hension de ce fl\u00e9au et, en filigrane, les acteurs qui sont derri\u00e8re.<\/p>\n<p>Cet ouvrage de Mustapha El Haddad et celui qui le pr\u00e9c\u00e8de -Chronique de la violence politique sous la \u00ab Tro\u00efka \u00bb- constituent, avec l\u2019ouvrage de Jean Fontaine \u00ab Du c\u00f4t\u00e9 des salafistes \u00bb, publi\u00e9 aux m\u00eames \u00e9ditions,\u00a0 l\u2019une des pi\u00e8ces fondamentales de la m\u00e9moire de la Tunisie des dix derni\u00e8res ann\u00e9es. Il faut en rendre hommage \u00e0 l\u2019auteur, \u00e0 sa rigueur et \u00e0 son courage.\u00a0\u00a0<\/p>\n<p class=\"c5\"><strong>Mahmoud Ben Romdhane<\/strong><br \/><span class=\"c3\"><em>Membre de l\u2019Acad\u00e9mie tunisienne Beyt al-Hikma<\/em><\/span><\/p>\n<p>Auteur:<br \/>\n<a href=\"https:\/\/www.leaders.com.tn\/article\/31311-mustapha-el-haddad-l-embrigadement-des-jeunes-pour-le-jihad-le-paradoxe-tunisien\">Cliquez ici pour lire l&rsquo;article depuis sa source.<\/a><\/p>\n","protected":false},"excerpt":{"rendered":"<p>Par Mahmoud Ben Romdhane &#8211; Les Editions Arabesques viennent de publier un ouvrage sign\u00e9 par Mustapha El Haddad sur un sujet tabou et, pourtant, d\u2019une importance exceptionnelle pour notre pays : l\u2019embrigadement de notre jeunesse pour le jihad dans les zones de conflit, l\u2019Irak et, surtout, la Syrie, \u00e0 partir de 2012. Ce n\u2019est pas [&hellip;]<\/p>\n","protected":false},"author":1772,"featured_media":0,"comment_status":"closed","ping_status":"closed","sticky":false,"template":"","format":"standard","meta":{"fifu_image_url":"","fifu_image_alt":"","footnotes":""},"categories":[73,55],"tags":[],"class_list":["post-109804","post","type-post","status-publish","format-standard","hentry","category-actualite","category-tunisie"],"_links":{"self":[{"href":"https:\/\/linitiative.ca\/International\/wp-json\/wp\/v2\/posts\/109804","targetHints":{"allow":["GET"]}}],"collection":[{"href":"https:\/\/linitiative.ca\/International\/wp-json\/wp\/v2\/posts"}],"about":[{"href":"https:\/\/linitiative.ca\/International\/wp-json\/wp\/v2\/types\/post"}],"author":[{"embeddable":true,"href":"https:\/\/linitiative.ca\/International\/wp-json\/wp\/v2\/users\/1772"}],"replies":[{"embeddable":true,"href":"https:\/\/linitiative.ca\/International\/wp-json\/wp\/v2\/comments?post=109804"}],"version-history":[{"count":0,"href":"https:\/\/linitiative.ca\/International\/wp-json\/wp\/v2\/posts\/109804\/revisions"}],"wp:attachment":[{"href":"https:\/\/linitiative.ca\/International\/wp-json\/wp\/v2\/media?parent=109804"}],"wp:term":[{"taxonomy":"category","embeddable":true,"href":"https:\/\/linitiative.ca\/International\/wp-json\/wp\/v2\/categories?post=109804"},{"taxonomy":"post_tag","embeddable":true,"href":"https:\/\/linitiative.ca\/International\/wp-json\/wp\/v2\/tags?post=109804"}],"curies":[{"name":"wp","href":"https:\/\/api.w.org\/{rel}","templated":true}]}}