{"id":109807,"date":"2021-01-22T11:50:35","date_gmt":"2021-01-22T16:50:35","guid":{"rendered":"https:\/\/linitiative.ca\/International\/lf-2021-voici-les-principales-mesures-fiscales-document\/"},"modified":"2021-01-22T11:50:35","modified_gmt":"2021-01-22T16:50:35","slug":"lf-2021-voici-les-principales-mesures-fiscales-document","status":"publish","type":"post","link":"https:\/\/linitiative.ca\/International\/lf-2021-voici-les-principales-mesures-fiscales-document\/","title":{"rendered":"LF 2021 : voici les principales mesures fiscales [Document]"},"content":{"rendered":"<p><strong>La Direction g\u00e9n\u00e9rale des imp\u00f4ts (DGI) a publi\u00e9 une note circulaire relative aux dispositions fiscales de la loi de finances n\u00b0 65-20 pour l\u2019ann\u00e9e budg\u00e9taire 2021.<\/strong><\/p>\n<div class=\"c10\"\/>\n<p>Cette note comporte 5 types de mesures\u00a0: les mesures sp\u00e9cifiques \u00e0 l\u2019imp\u00f4t sur les soci\u00e9t\u00e9s (IS), les mesures sp\u00e9cifiques \u00e0 l\u2019imp\u00f4t sur le revenu (IR), les mesures sp\u00e9cifiques \u00e0 la taxe sur la valeur ajout\u00e9e (TVA), les mesures sp\u00e9cifiques aux droits d\u2019enregistrement et \u00e0 la taxe sp\u00e9ciale annuelle sur les v\u00e9hicules (TSAV) et les mesures communes.<\/p>\n<p><strong>Lire aussi | <a href=\"https:\/\/www.challenge.ma\/produits-industriels-nouvelles-normes-dapplication-obligatoire-pour-le-controle-de-conformite-172909\/\" target=\"_blank\" rel=\"noreferrer noopener\">Produits industriels : nouvelles normes d\u2019application obligatoire pour le contr\u00f4le de conformit\u00e9<\/a><\/strong><\/p>\n<p>Parmi ces mesures, il y a la mise en conformit\u00e9 du r\u00e9gime fiscal de Casablanca Finance City avec les standards internationaux, l\u2019extension de l\u2019application du r\u00e9gime fiscal sp\u00e9cifique des Organismes de placement collectif en immobilier (OPCI) aux immeubles construits \u00e0 usage d\u2019habitation, l\u2019institution de la Contribution Professionnelle Unique (CPU) pour les personnes physiques soumises \u00e0 l\u2019IR selon le r\u00e9gime du b\u00e9n\u00e9fice forfaitaire, ainsi que l\u2019exon\u00e9ration des salaires vers\u00e9s au titre des premi\u00e8res embauches des jeunes.<\/p>\n<p>Auteur: challenge<br \/>\n<a href=\"https:\/\/www.challenge.ma\/lf-2021-voici-les-principales-mesures-fiscales-document-172919\/\">Cliquez ici pour lire l&rsquo;article depuis sa source.<\/a><\/p>\n","protected":false},"excerpt":{"rendered":"<p>La Direction g\u00e9n\u00e9rale des imp\u00f4ts (DGI) a publi\u00e9 une note circulaire relative aux dispositions fiscales de la loi de finances n\u00b0 65-20 pour l\u2019ann\u00e9e budg\u00e9taire 2021. Cette note comporte 5 types de mesures\u00a0: les mesures sp\u00e9cifiques \u00e0 l\u2019imp\u00f4t sur les soci\u00e9t\u00e9s (IS), les mesures sp\u00e9cifiques \u00e0 l\u2019imp\u00f4t sur le revenu (IR), les mesures sp\u00e9cifiques \u00e0 [&hellip;]<\/p>\n","protected":false},"author":1787,"featured_media":0,"comment_status":"closed","ping_status":"closed","sticky":false,"template":"","format":"standard","meta":{"fifu_image_url":"","fifu_image_alt":"","footnotes":""},"categories":[78,54],"tags":[],"class_list":["post-109807","post","type-post","status-publish","format-standard","hentry","category-economie","category-maroc"],"_links":{"self":[{"href":"https:\/\/linitiative.ca\/International\/wp-json\/wp\/v2\/posts\/109807","targetHints":{"allow":["GET"]}}],"collection":[{"href":"https:\/\/linitiative.ca\/International\/wp-json\/wp\/v2\/posts"}],"about":[{"href":"https:\/\/linitiative.ca\/International\/wp-json\/wp\/v2\/types\/post"}],"author":[{"embeddable":true,"href":"https:\/\/linitiative.ca\/International\/wp-json\/wp\/v2\/users\/1787"}],"replies":[{"embeddable":true,"href":"https:\/\/linitiative.ca\/International\/wp-json\/wp\/v2\/comments?post=109807"}],"version-history":[{"count":0,"href":"https:\/\/linitiative.ca\/International\/wp-json\/wp\/v2\/posts\/109807\/revisions"}],"wp:attachment":[{"href":"https:\/\/linitiative.ca\/International\/wp-json\/wp\/v2\/media?parent=109807"}],"wp:term":[{"taxonomy":"category","embeddable":true,"href":"https:\/\/linitiative.ca\/International\/wp-json\/wp\/v2\/categories?post=109807"},{"taxonomy":"post_tag","embeddable":true,"href":"https:\/\/linitiative.ca\/International\/wp-json\/wp\/v2\/tags?post=109807"}],"curies":[{"name":"wp","href":"https:\/\/api.w.org\/{rel}","templated":true}]}}