{"id":109809,"date":"2021-01-22T14:06:12","date_gmt":"2021-01-22T19:06:12","guid":{"rendered":"https:\/\/linitiative.ca\/International\/jean-marie-heydt-devoile-son-livre-mohammed-vi-la-vision-dun-roi-actions-et-ambitions\/"},"modified":"2021-01-22T14:06:12","modified_gmt":"2021-01-22T19:06:12","slug":"jean-marie-heydt-devoile-son-livre-mohammed-vi-la-vision-dun-roi-actions-et-ambitions","status":"publish","type":"post","link":"https:\/\/linitiative.ca\/International\/jean-marie-heydt-devoile-son-livre-mohammed-vi-la-vision-dun-roi-actions-et-ambitions\/","title":{"rendered":"Jean-Marie Heydt d\u00e9voile son livre \u00ab Mohammed VI, la vision d\u2019un Roi : actions et ambitions \u00bb"},"content":{"rendered":"<p><strong>L\u2019\u00e9crivain franco-suisse, Jean-Marie Heydt, a pr\u00e9sent\u00e9, le 20 janvier, son livre intitul\u00e9 \u00ab\u00a0Mohammed VI, la vision d\u2019un Roi : actions et ambitions\u00a0\u00bb, dans le cadre d\u2019une rencontre-d\u00e9bat organis\u00e9e par le Consulat G\u00e9n\u00e9ral du Royaume \u00e0 Strasbourg.<\/strong><\/p>\n<div class=\"c10\"\/>\n<p>La rencontre, qui a \u00e9t\u00e9 mod\u00e9r\u00e9e par Driss El Kaissi, Consul G\u00e9n\u00e9ral du Maroc \u00e0 Strasbourg, a r\u00e9uni un parterre de personnes dont notamment les membres de la communaut\u00e9 marocaine relevant de la circonscription consulaire, les membres de la communaut\u00e9 juive marocaine bas\u00e9e \u00e0 Strasbourg, des amis du Maroc et bien d\u2019autres, dans le strict respect des mesures sanitaires en vigueur. On apprend que c\u2019est le diplomate marocain qui a pr\u00e9sent\u00e9 l\u2019auteur et expos\u00e9 les grandes lignes de son ouvrage. Pour sa part, Jean-Marie Heydt, qui est membre du Conseil scientifique de l\u2019Observatoire d\u2019\u00e9tudes g\u00e9opolitiques et Pr\u00e9sident d\u2019honneur de la Conf\u00e9rence des Organisations internationales non gouvernementales du Conseil de l\u2019Europe, a d\u00e9taill\u00e9 les grands axes trait\u00e9s dans son livre et qui traduisent le regard qu\u2019il porte sur le Maroc d\u2019aujourd\u2019hui.<\/p>\n<p><strong>Lire aussi| <a href=\"https:\/\/www.challenge.ma\/produits-industriels-nouvelles-normes-dapplication-obligatoire-pour-le-controle-de-conformite-172909\/\">Produits industriels : entr\u00e9e en vigueur des nouvelles normes d\u2019application obligatoire pour le contr\u00f4le de conformit\u00e9<\/a><\/strong><\/p>\n<p>Il a ensuite mis en exergue les actions entreprises dans le royaume sous la conduite du Roi Mohammed VI pour un Maroc moderne qui s\u2019impose sur l\u2019\u00e9chiquier international. \u00ab\u00a0Tout en d\u00e9taillant les r\u00e9formes sociales, \u00e9conomiques, juridiques et politiques engag\u00e9es dans le Royaume ainsi que sa relation avec l\u2019Afrique, qui ont en fait un leader r\u00e9gional, l\u2019\u00e9crivain est revenu sur le grand effort qu\u2019il a fourni pour la v\u00e9rification de la pertinence et de l\u2019exactitude des informations figurant dans cet ouvrage\u00a0\u00bb, indique-t-on \u00e9galement. Jean-Marie Heydt a notamment fait remarquer qu\u2019il a travaill\u00e9 en totale libert\u00e9.<\/p>\n<p><strong>Lire aussi| <a href=\"https:\/\/www.challenge.ma\/lf-2021-voici-les-principales-mesures-fiscales-document-172919\/\">LF 2021 : voici les principales mesures fiscales [Document]<\/a><\/strong><\/p>\n<p>Docteur \u00e8s sciences de l\u2019\u00e9ducation compar\u00e9e de l\u2019Universit\u00e9 de Lyon et dipl\u00f4m\u00e9 d\u2019\u00e9tudes politiques europ\u00e9ennes de l\u2019Universit\u00e9 de Paris,\u00a0Jean-Marie Heydt est enseignant universitaire, chercheur associ\u00e9 au Centre de recherches sur les migrations de l\u2019Universit\u00e9 Mohammed Ier de Oujda et membre du Centre d\u2019\u00e9tude et de prospective strat\u00e9gique.<\/p>\n<p>Auteur: challenge<br \/>\n<a href=\"https:\/\/www.challenge.ma\/jean-marie-heydt-devoile-son-livre-mohammed-vi-la-vision-dun-roi-actions-et-ambitions-172945\/\">Cliquez ici pour lire l&rsquo;article depuis sa source.<\/a><\/p>\n","protected":false},"excerpt":{"rendered":"<p>L\u2019\u00e9crivain franco-suisse, Jean-Marie Heydt, a pr\u00e9sent\u00e9, le 20 janvier, son livre intitul\u00e9 \u00ab\u00a0Mohammed VI, la vision d\u2019un Roi : actions et ambitions\u00a0\u00bb, dans le cadre d\u2019une rencontre-d\u00e9bat organis\u00e9e par le Consulat G\u00e9n\u00e9ral du Royaume \u00e0 Strasbourg. La rencontre, qui a \u00e9t\u00e9 mod\u00e9r\u00e9e par Driss El Kaissi, Consul G\u00e9n\u00e9ral du Maroc \u00e0 Strasbourg, a r\u00e9uni un [&hellip;]<\/p>\n","protected":false},"author":1787,"featured_media":0,"comment_status":"closed","ping_status":"closed","sticky":false,"template":"","format":"standard","meta":{"fifu_image_url":"","fifu_image_alt":"","footnotes":""},"categories":[78,54],"tags":[],"class_list":["post-109809","post","type-post","status-publish","format-standard","hentry","category-economie","category-maroc"],"_links":{"self":[{"href":"https:\/\/linitiative.ca\/International\/wp-json\/wp\/v2\/posts\/109809","targetHints":{"allow":["GET"]}}],"collection":[{"href":"https:\/\/linitiative.ca\/International\/wp-json\/wp\/v2\/posts"}],"about":[{"href":"https:\/\/linitiative.ca\/International\/wp-json\/wp\/v2\/types\/post"}],"author":[{"embeddable":true,"href":"https:\/\/linitiative.ca\/International\/wp-json\/wp\/v2\/users\/1787"}],"replies":[{"embeddable":true,"href":"https:\/\/linitiative.ca\/International\/wp-json\/wp\/v2\/comments?post=109809"}],"version-history":[{"count":0,"href":"https:\/\/linitiative.ca\/International\/wp-json\/wp\/v2\/posts\/109809\/revisions"}],"wp:attachment":[{"href":"https:\/\/linitiative.ca\/International\/wp-json\/wp\/v2\/media?parent=109809"}],"wp:term":[{"taxonomy":"category","embeddable":true,"href":"https:\/\/linitiative.ca\/International\/wp-json\/wp\/v2\/categories?post=109809"},{"taxonomy":"post_tag","embeddable":true,"href":"https:\/\/linitiative.ca\/International\/wp-json\/wp\/v2\/tags?post=109809"}],"curies":[{"name":"wp","href":"https:\/\/api.w.org\/{rel}","templated":true}]}}