{"id":109814,"date":"2021-01-22T16:39:59","date_gmt":"2021-01-22T21:39:59","guid":{"rendered":"https:\/\/linitiative.ca\/International\/tunisie-mechichi-ne-modifiera-pas-la-liste-des-ministres-quil-va-presenter-au-vote-de-larp\/"},"modified":"2021-01-22T16:39:59","modified_gmt":"2021-01-22T21:39:59","slug":"tunisie-mechichi-ne-modifiera-pas-la-liste-des-ministres-quil-va-presenter-au-vote-de-larp","status":"publish","type":"post","link":"https:\/\/linitiative.ca\/International\/tunisie-mechichi-ne-modifiera-pas-la-liste-des-ministres-quil-va-presenter-au-vote-de-larp\/","title":{"rendered":"Tunisie \u2013 Mechichi ne modifiera pas la liste des ministres qu\u2019il va pr\u00e9senter au vote de l\u2019ARP"},"content":{"rendered":"<div class=\"post-cont-in left relative\">\n<div id=\"post-info-wrap\" class=\"left relative post-info-out\">\n<div class=\"post-info-img left relative\"><img loading=\"lazy\" decoding=\"async\" alt=\"\" src=\"https:\/\/secure.gravatar.com\/avatar\/047123be9d5e8513774383916ee72db2?s=50&amp;d=mm&amp;r=g\" srcset=\"https:\/\/secure.gravatar.com\/avatar\/047123be9d5e8513774383916ee72db2?s=100&amp;d=mm&amp;r=g 2x\" class=\"avatar avatar-50 photo\" height=\"50\" width=\"50\"\/><\/div>\n<div class=\"post-info-in\">\n<div class=\"post-info-right left relative post-info-name left relative\"><span><span class=\"post-info-text\">Par<\/span> <span class=\"author-name vcard fn author\"><a href=\"https:\/\/www.tunisienumerique.com\/author\/lm\/\" title=\"Articles par LM\" rel=\"author\">LM<\/a><\/span><\/span> <span class=\"post-date updated\"><time class=\"post-date updated\" datetime=\"2021-01-22\">\u00a0| Il y a 21 secondes<\/time><\/span><\/div>\n<div class=\"left relative\"><button id=\"listenButton1\" class=\"responsivevoice-button\" type=\"button\" value=\"Play\" title=\"&#xC9;coutez l'article\"><span>\ud83d\udd0a \u00c9coutez l&rsquo;article<\/span><\/button> <\/div>\n<\/div>\n<\/div>\n<p>Des sources proches du soutien politique du chef du gouvernement, Hichem Mechichi, \u00e0 l\u2019ARP, ont annonc\u00e9 \u00e0 Mosa\u00efqueFM, que Mechichi ne va pas op\u00e9rer des modifications sur la liste des noms qu\u2019il a propos\u00e9s pour les postes minist\u00e9riels dans son cabinet.<\/p>\n<div class=\"code-block code-block-1 c4\"><ins class=\"adsbygoogle c3\" data-ad-layout=\"in-article\" data-ad-format=\"fluid\" data-ad-client=\"ca-pub-2102118777505746\" data-ad-slot=\"7301775417\"\/> <\/div>\n<p>Selon la m\u00eame source, Mechichi aurait, suite aux r\u00e9serves \u00e9mises par Ennahdha \u00e0 l\u2019encontre des noms propos\u00e9s pour le minist\u00e8re de la sant\u00e9 et de l\u2019emploi, consult\u00e9 les instances de lutte contre la corruption et du contr\u00f4le au sein de la pr\u00e9sidence du gouvernement, et que selon les rapports de ces instances, il n\u2019y a aucune suspicion de malversations ou de conflit d\u2019int\u00e9r\u00eat en rapport avec ces deux ministres propos\u00e9s.<\/p>\n<p>Il aurait, de ce fait, d\u00e9cid\u00e9 de garder inchang\u00e9e la liste des noms de ses futurs ministres.<\/p>\n<div class=\"swp_social_panel swp_horizontal_panel swp_flat_fresh swp_default_full_color swp_individual_full_color swp_other_full_color scale-100 scale-\" data-min-width=\"1100\" data-float-color=\"#ffffff\" data-float=\"bottom\" data-float-mobile=\"bottom\" data-transition=\"slide\">\n<div class=\"nc_tweetContainer swp_share_button total_shares total_sharesalt\"><span class=\"swp_count\">0 <span class=\"swp_label\">Partages<\/span><\/span><\/div>\n<\/div>\n<p><strong>Que se passe-t-il en Tunisie?<\/strong><br \/>Nous expliquons sur notre <a href=\"https:\/\/www.youtube.com\/channel\/UCRzypVq0B_yBad5eGrwBx0Q?sub_confirmation=1\" target=\"_blank\" rel=\"noopener\">cha\u00eene YouTube<\/a> . <a href=\"https:\/\/www.youtube.com\/channel\/UCRzypVq0B_yBad5eGrwBx0Q?sub_confirmation=1\" target=\"_blank\" rel=\"noopener\">Abonnez-vous!<\/a><\/p>\n<div class=\"mvp-org-wrap mvp-org-logo\" itemprop=\"publisher\"><img decoding=\"async\" src=\"https:\/\/www.tunisienumerique.com\/wp-content\/uploads\/2017\/02\/logo_tunisie_numerique.png\"\/><\/div>\n<div class=\"mvp-related-posts left relative\">\n<h4 class=\"post-header\"><span class=\"post-header\">Lire aussi<\/span><\/h4>\n<\/div>\n<div id=\"article-ad\"><ins class=\"adsbygoogle c5\" data-ad-client=\"ca-pub-2102118777505746\" data-ad-slot=\"6513972734\" data-ad-format=\"auto\" data-full-width-responsive=\"true\"\/> <\/div>\n<\/div>\n<div id=\"post-sidebar-wrap\"><ins class=\"adsbygoogle c5\" data-ad-client=\"ca-pub-2102118777505746\" data-ad-slot=\"6168283410\" data-ad-format=\"auto\" data-full-width-responsive=\"true\"\/> <\/div>\n<p>Auteur: LM<br \/>\n<a href=\"https:\/\/www.tunisienumerique.com\/tunisie-mechichi-ne-modifiera-pas-la-liste-des-ministres-quil-va-presenter-au-vote-de-larp\/\">Cliquez ici pour lire l&rsquo;article depuis sa source.<\/a><\/p>\n","protected":false},"excerpt":{"rendered":"<p>Par LM \u00a0| Il y a 21 secondes \ud83d\udd0a \u00c9coutez l&rsquo;article Des sources proches du soutien politique du chef du gouvernement, Hichem Mechichi, \u00e0 l\u2019ARP, ont annonc\u00e9 \u00e0 Mosa\u00efqueFM, que Mechichi ne va pas op\u00e9rer des modifications sur la liste des noms qu\u2019il a propos\u00e9s pour les postes minist\u00e9riels dans son cabinet. Selon la m\u00eame [&hellip;]<\/p>\n","protected":false},"author":1789,"featured_media":0,"comment_status":"closed","ping_status":"closed","sticky":false,"template":"","format":"standard","meta":{"fifu_image_url":"https:\/\/secure.gravatar.com\/avatar\/047123be9d5e8513774383916ee72db2?s=50&d=mm&r=g","fifu_image_alt":"Tunisie \u2013 Mechichi ne modifiera pas la liste des ministres qu\u2019il va pr\u00e9senter au vote de l\u2019ARP","footnotes":""},"categories":[73,55],"tags":[],"class_list":["post-109814","post","type-post","status-publish","format-standard","hentry","category-actualite","category-tunisie"],"_links":{"self":[{"href":"https:\/\/linitiative.ca\/International\/wp-json\/wp\/v2\/posts\/109814","targetHints":{"allow":["GET"]}}],"collection":[{"href":"https:\/\/linitiative.ca\/International\/wp-json\/wp\/v2\/posts"}],"about":[{"href":"https:\/\/linitiative.ca\/International\/wp-json\/wp\/v2\/types\/post"}],"author":[{"embeddable":true,"href":"https:\/\/linitiative.ca\/International\/wp-json\/wp\/v2\/users\/1789"}],"replies":[{"embeddable":true,"href":"https:\/\/linitiative.ca\/International\/wp-json\/wp\/v2\/comments?post=109814"}],"version-history":[{"count":0,"href":"https:\/\/linitiative.ca\/International\/wp-json\/wp\/v2\/posts\/109814\/revisions"}],"wp:attachment":[{"href":"https:\/\/linitiative.ca\/International\/wp-json\/wp\/v2\/media?parent=109814"}],"wp:term":[{"taxonomy":"category","embeddable":true,"href":"https:\/\/linitiative.ca\/International\/wp-json\/wp\/v2\/categories?post=109814"},{"taxonomy":"post_tag","embeddable":true,"href":"https:\/\/linitiative.ca\/International\/wp-json\/wp\/v2\/tags?post=109814"}],"curies":[{"name":"wp","href":"https:\/\/api.w.org\/{rel}","templated":true}]}}