{"id":109816,"date":"2021-01-22T05:48:09","date_gmt":"2021-01-22T10:48:09","guid":{"rendered":"https:\/\/linitiative.ca\/International\/les-gardiens-africains-les-plus-talentueux-du-moment\/"},"modified":"2021-01-22T05:48:09","modified_gmt":"2021-01-22T10:48:09","slug":"les-gardiens-africains-les-plus-talentueux-du-moment","status":"publish","type":"post","link":"https:\/\/linitiative.ca\/International\/les-gardiens-africains-les-plus-talentueux-du-moment\/","title":{"rendered":"Les gardiens africains les plus talentueux du moment"},"content":{"rendered":"<p class=\"c4\">Dans son histoire, l\u2019Afrique a connu plusieurs gardiens de classe mondiale. Il s\u2019agit par exemple de Thomas Nkono, Joseph-Antoine Bell, Badou Zaki, Sadok Sassi ou encore Essam El Hadary. Il y a \u00e9galement une g\u00e9n\u00e9ration plus r\u00e9cente constitu\u00e9e de Vincent Enyeama, Carlos Kameni ou encore Robert Kidiaba. Aujourd\u2019hui encore, l\u2019Afrique continue de fournir au football des joueurs aussi jeunes que talentueux. Evoluant pour la plupart en Europe, il rentre peu \u00e0 peu dans l\u2019histoire du football du continent noire. Voici le Top 3 des actuels meilleurs gardiens africains du moment.<\/p>\n<h6 class=\"c6\">Edouard Mendy, la pr\u00e9cieuse perle de Chelsea<\/h6>\n<p class=\"c4\">Arriv\u00e9 \u00e0 Chelsea l\u2019\u00e9t\u00e9 dernier en provenance du Stade Rennais contre un ch\u00e8que de 24 millions d\u2019euros. Edouard Mendy s\u2019est tr\u00e8s vite adapt\u00e9 dans le club londonien. Il a tr\u00e8s t\u00f4t bouscul\u00e9 la hi\u00e9rarchie des gardiens et s\u2019est impos\u00e9 comme le num\u00e9ro dans les buts dans le dispositif de Frank Lampard. Cette saison, il a \u00e9t\u00e9 le grand artisan de Chelsea du succ\u00e8s de Chelsea en Ligue des Champions de l\u2019UEFA. En cinq sorties, il a gard\u00e9 ses cages inviol\u00e9s \u00e0 quatre reprises et n\u2019a encaiss\u00e9 qu\u2019un but. En Premier League \u00e9galement, l\u2019ex portier du Stade de Reims affiche des chiffes incroyables. A la mi- saison, il fait partie du Top 3 des gardiens de l\u2019\u00e9lite anglaise avec le plus grand nombre de clean sheets avec un total de 7. Ind\u00e9niablement un grand gardien en puissance car le portier de 28 ans dispose encore de plusieurs saisons au haut niveau devant lui et aussi tr\u00e8s b\u00e9n\u00e9fique pour son club comme ces <a href=\"http:\/\/1parisportifs.com\/\">pronostics de foot et de courses hippiques<\/a>\u00a0 .<\/p>\n<h6 class=\"c6\">Yassine Bounou, le marocain du FC S\u00e9ville<\/h6>\n<p class=\"c4\">Yassine Bounou commun\u00e9ment appel\u00e9 \u00ab\u00a0Bono\u00a0\u00bb a rejoint S\u00e9ville \u00e0 l\u2019\u00e9t\u00e9 2019 en provenance de G\u00e9rone pour quatre millions d\u2019euros apr\u00e8s avoir effectu\u00e9 quelques mois en pr\u00eat au club andalou. R\u00e9v\u00e9lation de la saison derni\u00e8re en Ligue Europa, il avait gard\u00e9 ses cages inviol\u00e9es \u00e0 7 reprises en dix matchs et n\u2019avait encaiss\u00e9 que 6 buts. Il a notamment remport\u00e9 la comp\u00e9tition. Cette saison, le marocain est mont\u00e9 en grade en Andalousie. Titulaire indiscutable, il a effectu\u00e9 trois sorties cette saison en Ligue des Champions et a gard\u00e9 ses cages inviol\u00e9es \u00e0 deux reprises. Egalement tr\u00e8s pr\u00e9sent en championnat, le gardien de 29 ans est l\u2019une des valeurs s\u00fbres du football africain \u00e0 ce poste.<\/p>\n<h6 class=\"c6\">Andr\u00e9 Onana, le crack camerounais de l\u2019Ajax Amsterdam<\/h6>\n<p class=\"c4\">Andr\u00e9 Onana combine jeunesse et talent. Pass\u00e9 par le FC Barcelone, il tra\u00eene actuellement sa bosse du c\u00f4t\u00e9 de l\u2019Ajax Amsterdam en Hollande. Lors de la saison 2018-2019, son club a atteint les demi-finales de la Ligue des Champions de l\u2019UEFA. Il a notamment \u00e9t\u00e9 l\u2019acteur cl\u00e9 de cette belle performance. Depuis lors, il continue de repousser les assauts offensifs de grands attaquants d\u2019Europe. Cette saison, Andr\u00e9 Onana n\u2019a pu faire forte sensation sur la sc\u00e8ne europ\u00e9enne. Toutefois, en championnat, il fait partie des meilleurs gardiens du championnat n\u00e9erlandais. Il a gard\u00e9 ses cages inviol\u00e9es \u00e0 8 reprises lors de la premi\u00e8re moiti\u00e9 de la saison au Pays-Bas. Le gardien de 24 ans est l\u2019espoir du football africain.<\/p>\n<p><strong>Masha Fernandez<\/strong><\/p>\n<p>Auteur: Le Pays<br \/>\n<a href=\"https:\/\/lepays.bf\/les-gardiens-africains-les-plus-talentueux-du-moment\/\">Cliquez ici pour lire l&rsquo;article depuis sa source.<\/a><\/p>\n","protected":false},"excerpt":{"rendered":"<p>Dans son histoire, l\u2019Afrique a connu plusieurs gardiens de classe mondiale. Il s\u2019agit par exemple de Thomas Nkono, Joseph-Antoine Bell, Badou Zaki, Sadok Sassi ou encore Essam El Hadary. Il y a \u00e9galement une g\u00e9n\u00e9ration plus r\u00e9cente constitu\u00e9e de Vincent Enyeama, Carlos Kameni ou encore Robert Kidiaba. Aujourd\u2019hui encore, l\u2019Afrique continue de fournir au football [&hellip;]<\/p>\n","protected":false},"author":1813,"featured_media":0,"comment_status":"closed","ping_status":"closed","sticky":false,"template":"","format":"standard","meta":{"fifu_image_url":"","fifu_image_alt":"","footnotes":""},"categories":[73,81],"tags":[],"class_list":["post-109816","post","type-post","status-publish","format-standard","hentry","category-actualite","category-burkina-faso"],"_links":{"self":[{"href":"https:\/\/linitiative.ca\/International\/wp-json\/wp\/v2\/posts\/109816","targetHints":{"allow":["GET"]}}],"collection":[{"href":"https:\/\/linitiative.ca\/International\/wp-json\/wp\/v2\/posts"}],"about":[{"href":"https:\/\/linitiative.ca\/International\/wp-json\/wp\/v2\/types\/post"}],"author":[{"embeddable":true,"href":"https:\/\/linitiative.ca\/International\/wp-json\/wp\/v2\/users\/1813"}],"replies":[{"embeddable":true,"href":"https:\/\/linitiative.ca\/International\/wp-json\/wp\/v2\/comments?post=109816"}],"version-history":[{"count":0,"href":"https:\/\/linitiative.ca\/International\/wp-json\/wp\/v2\/posts\/109816\/revisions"}],"wp:attachment":[{"href":"https:\/\/linitiative.ca\/International\/wp-json\/wp\/v2\/media?parent=109816"}],"wp:term":[{"taxonomy":"category","embeddable":true,"href":"https:\/\/linitiative.ca\/International\/wp-json\/wp\/v2\/categories?post=109816"},{"taxonomy":"post_tag","embeddable":true,"href":"https:\/\/linitiative.ca\/International\/wp-json\/wp\/v2\/tags?post=109816"}],"curies":[{"name":"wp","href":"https:\/\/api.w.org\/{rel}","templated":true}]}}