{"id":109817,"date":"2021-01-22T07:50:30","date_gmt":"2021-01-22T12:50:30","guid":{"rendered":"https:\/\/linitiative.ca\/International\/8-mars-2021-le-motif-du-pagne-imprime-devoile\/"},"modified":"2021-01-22T07:50:30","modified_gmt":"2021-01-22T12:50:30","slug":"8-mars-2021-le-motif-du-pagne-imprime-devoile","status":"publish","type":"post","link":"https:\/\/linitiative.ca\/International\/8-mars-2021-le-motif-du-pagne-imprime-devoile\/","title":{"rendered":"8-Mars 2021\u00a0: Le motif du pagne imprim\u00e9 d\u00e9voil\u00e9"},"content":{"rendered":"<div class=\"td-post-featured-image\"><a href=\"https:\/\/www.sidwaya.info\/wp-content\/uploads\/2021\/01\/pagne-8-mars.jpg\" data-caption=\"?????????\"><img loading=\"lazy\" decoding=\"async\" width=\"538\" height=\"657\" class=\"entry-thumb td-modal-image\" src=\"https:\/\/www.sidwaya.info\/wp-content\/uploads\/2021\/01\/pagne-8-mars.jpg\" srcset=\"https:\/\/www.sidwaya.info\/wp-content\/uploads\/2021\/01\/pagne-8-mars.jpg 538w, https:\/\/www.sidwaya.info\/wp-content\/uploads\/2021\/01\/pagne-8-mars-246x300.jpg 246w, https:\/\/www.sidwaya.info\/wp-content\/uploads\/2021\/01\/pagne-8-mars-150x183.jpg 150w, https:\/\/www.sidwaya.info\/wp-content\/uploads\/2021\/01\/pagne-8-mars-300x366.jpg 300w, https:\/\/www.sidwaya.info\/wp-content\/uploads\/2021\/01\/pagne-8-mars-344x420.jpg 344w\" sizes=\"auto, (max-width: 538px) 100vw, 538px\" alt=\"\" title=\"pagne 8 mars\"\/><\/a>?????????<\/div>\n<p><strong>Le minist\u00e8re de la Femme, de la Solidarit\u00e9 nationale, de la Famille et de l\u2019Action humanitaire a officiellement pr\u00e9sent\u00e9 le pagne imprim\u00e9 du 8-Mars de l\u2019ann\u00e9e, au cours d\u2019une conf\u00e9rence de presse, le vendredi 22 janvier 2021, \u00e0 Ouagadougou.<\/strong><\/p>\n<p>Apr\u00e8s la pr\u00e9sentation officielle du pagne tiss\u00e9 de la Journ\u00e9e internationale de la femme 2021 (8-Mars) en d\u00e9cembre dernier, le minist\u00e8re de la Femme, de la Solidarit\u00e9 nationale, de la Famille et de l\u2019Action humanitaire a d\u00e9voil\u00e9 le pagne imprim\u00e9, le vendredi 22 janvier 2021, \u00e0 Ouagadougou, au cours d\u2019une conf\u00e9rence de presse.<\/p>\n<p>D\u00e9clin\u00e9 en trois couleurs (jaune, vert clair et vert fonc\u00e9), le pagne, selon la directrice g\u00e9n\u00e9rale (DG) de la femme et du genre du minist\u00e8re, Edwige Yam\u00e9ogo, porte le th\u00e8me ainsi que le logo du minist\u00e8re qui a fait l\u2019objet d\u2019enregistrement aupr\u00e8s de l\u2019Organisation africaine de la Propri\u00e9t\u00e9 Intellectuelle. Le prestataire, GANITEX (ex SAVATEX), retenu sur appel \u00e0 candidature pour la conception, la fabrication et la vente du pagne, a \u00e9galement prot\u00e9g\u00e9 le motif du pagne imprime 2021, a-t-elle ajout\u00e9. \u00ab\u00a0<em>Le motif du pagne imprim\u00e9 retenu n\u2019a pas \u00e9t\u00e9 rendu public en d\u00e9cembre, dans le souci de pr\u00e9server son unicit\u00e9 et \u00e9viter la contrefa\u00e7on<\/em>\u00a0\u00bb, a soutenu Mme Yam\u00e9ogo. Elle a rappel\u00e9 que depuis 2018, le minist\u00e8re s\u2019est engag\u00e9 \u00e0 assurer une meilleure organisation de cet \u00e9v\u00e8nement majeur d\u00e9di\u00e9 \u00e0 la femme. \u00ab\u00a0<em>Ainsi, pour ce qui est du choix du pagne imprim\u00e9 l\u2019innovation est la s\u00e9lection par appel \u00e0 candidature d\u2019un prestataire unique exp\u00e9riment\u00e9 pour la fabrication et la vente des pagnes imprim\u00e9s\u00a0<\/em>\u00bb, a-t-elle fait savoir.<\/p>\n<p><img decoding=\"async\" loading=\"lazy\" class=\" wp-image-31736\" src=\"https:\/\/www.sidwaya.info\/wp-content\/uploads\/2021\/01\/pagne-8-mars-2-300x200.jpg\" alt=\"\" width=\"461\" height=\"307\" srcset=\"https:\/\/www.sidwaya.info\/wp-content\/uploads\/2021\/01\/pagne-8-mars-2-300x200.jpg 300w, https:\/\/www.sidwaya.info\/wp-content\/uploads\/2021\/01\/pagne-8-mars-2-768x512.jpg 768w, https:\/\/www.sidwaya.info\/wp-content\/uploads\/2021\/01\/pagne-8-mars-2-150x100.jpg 150w, https:\/\/www.sidwaya.info\/wp-content\/uploads\/2021\/01\/pagne-8-mars-2-696x464.jpg 696w, https:\/\/www.sidwaya.info\/wp-content\/uploads\/2021\/01\/pagne-8-mars-2-630x420.jpg 630w, https:\/\/www.sidwaya.info\/wp-content\/uploads\/2021\/01\/pagne-8-mars-2.jpg 1024w\" sizes=\"auto, (max-width: 461px) 100vw, 461px\"\/>?????????<\/p>\n<p>Interrog\u00e9 sur le prix du pagne, l\u2019animatrice de la conf\u00e9rence de presse a indiqu\u00e9 que la balle est c\u00e9d\u00e9e \u00e0 500\u00a0000 F CFA en gros, soit 5\u00a0000 F CFA les trois pagnes. \u00ab\u00a0<em>Concernant la vente en d\u00e9tail, il faut reconnaitre que les commer\u00e7ants ajouteront une marge b\u00e9n\u00e9ficiaire\u00a0<\/em>\u00bb, a-t-il dit. Toutefois, la DG de la femme et du genre a appel\u00e9 les commer\u00e7ants \u00e0 vendre le pagne \u00e0 des prix raisonnables, pour \u00e9viter la surench\u00e8re. \u00ab\u00a0<em>Nous appelons \u00e0 la conscience de chacun parce qu\u2019il est difficile de ma\u00eetriser les prix dans les boutiques de chaque commer\u00e7ant\u00a0<\/em>\u00bb, a-t-elle lanc\u00e9. Quel garanti donnez-vous que le pagne ne sera pas contrefait\u00a0?<\/p>\n<p>A cette question de la presse, Mme Yam\u00e9ogo a pr\u00e9cis\u00e9 qu\u2019en soi, la conf\u00e9rence est une mani\u00e8re de faire conna\u00eetre le motif unique du pagne, afin d\u2019\u00e9viter que les clients ne soient bern\u00e9s. \u00ab\u00a0<em>Des lois r\u00e9priment la contrefa\u00e7on dans notre pays. Comme le motif du pagne et le logo du 8-mars sont prot\u00e9g\u00e9s, celui qui fait la contrefa\u00e7on devra r\u00e9pondre<\/em>\u00a0\u00bb, a-t-elle pr\u00e9venu.<\/p>\n<p>En rappel le th\u00e8me de la c\u00e9l\u00e9bration du 8 mars 2021 est : \u00ab <em>Inclusion financi\u00e8re par le num\u00e9rique pour un d\u00e9veloppement \u00e9conomique de la femme : d\u00e9fis et perspectives<\/em> \u00bb.<\/p>\n<p><strong>Jean-Marie TOE<\/strong><\/p>\n<div class=\"td-a-rec td-a-rec-id-content_bottom tdi_33_e33 td_block_template_1\"><img loading=\"lazy\" decoding=\"async\" class=\"aligncenter size-full wp-image-27454\" src=\"https:\/\/www.sidwaya.info\/wp-content\/uploads\/2020\/10\/PUB-Bandeau-paiement-mobile-siteweb.jpg\" alt=\"\" width=\"728\" height=\"90\"\/><\/div>\n<p>Auteur: Wamini SIDWAYA<br \/>\n<a href=\"https:\/\/www.sidwaya.info\/blog\/2021\/01\/22\/8-mars-2021-le-motif-du-pagne-imprime-devoile\/\">Cliquez ici pour lire l&rsquo;article depuis sa source.<\/a><\/p>\n","protected":false},"excerpt":{"rendered":"<p>????????? Le minist\u00e8re de la Femme, de la Solidarit\u00e9 nationale, de la Famille et de l\u2019Action humanitaire a officiellement pr\u00e9sent\u00e9 le pagne imprim\u00e9 du 8-Mars de l\u2019ann\u00e9e, au cours d\u2019une conf\u00e9rence de presse, le vendredi 22 janvier 2021, \u00e0 Ouagadougou. Apr\u00e8s la pr\u00e9sentation officielle du pagne tiss\u00e9 de la Journ\u00e9e internationale de la femme 2021 [&hellip;]<\/p>\n","protected":false},"author":1816,"featured_media":0,"comment_status":"closed","ping_status":"closed","sticky":false,"template":"","format":"standard","meta":{"fifu_image_url":"https:\/\/www.sidwaya.info\/wp-content\/uploads\/2021\/01\/pagne-8-mars.jpg","fifu_image_alt":"8-Mars 2021\u00a0: Le motif du pagne imprim\u00e9 d\u00e9voil\u00e9","footnotes":""},"categories":[73,81],"tags":[],"class_list":["post-109817","post","type-post","status-publish","format-standard","hentry","category-actualite","category-burkina-faso"],"_links":{"self":[{"href":"https:\/\/linitiative.ca\/International\/wp-json\/wp\/v2\/posts\/109817","targetHints":{"allow":["GET"]}}],"collection":[{"href":"https:\/\/linitiative.ca\/International\/wp-json\/wp\/v2\/posts"}],"about":[{"href":"https:\/\/linitiative.ca\/International\/wp-json\/wp\/v2\/types\/post"}],"author":[{"embeddable":true,"href":"https:\/\/linitiative.ca\/International\/wp-json\/wp\/v2\/users\/1816"}],"replies":[{"embeddable":true,"href":"https:\/\/linitiative.ca\/International\/wp-json\/wp\/v2\/comments?post=109817"}],"version-history":[{"count":0,"href":"https:\/\/linitiative.ca\/International\/wp-json\/wp\/v2\/posts\/109817\/revisions"}],"wp:attachment":[{"href":"https:\/\/linitiative.ca\/International\/wp-json\/wp\/v2\/media?parent=109817"}],"wp:term":[{"taxonomy":"category","embeddable":true,"href":"https:\/\/linitiative.ca\/International\/wp-json\/wp\/v2\/categories?post=109817"},{"taxonomy":"post_tag","embeddable":true,"href":"https:\/\/linitiative.ca\/International\/wp-json\/wp\/v2\/tags?post=109817"}],"curies":[{"name":"wp","href":"https:\/\/api.w.org\/{rel}","templated":true}]}}