{"id":109818,"date":"2021-01-22T16:18:02","date_gmt":"2021-01-22T21:18:02","guid":{"rendered":"https:\/\/linitiative.ca\/International\/initiative-choose-africa-196-milliard-fcfa-dedies-aux-pme-ivoiriennes-impactees-par-la-covid-19\/"},"modified":"2021-01-22T16:18:02","modified_gmt":"2021-01-22T21:18:02","slug":"initiative-choose-africa-196-milliard-fcfa-dedies-aux-pme-ivoiriennes-impactees-par-la-covid-19","status":"publish","type":"post","link":"https:\/\/linitiative.ca\/International\/initiative-choose-africa-196-milliard-fcfa-dedies-aux-pme-ivoiriennes-impactees-par-la-covid-19\/","title":{"rendered":"Initiative Choose Africa: 1,96 milliard Fcfa d\u00e9di\u00e9s aux PME ivoiriennes impact\u00e9es par la Covid-19"},"content":{"rendered":"<div readability=\"32\">\n<p>Publi\u00e9 le 22.01.2021 \u00e0 22h18 par APA News<\/p>\n<\/div>\n<div readability=\"118\">\n<p>L\u2019Initiative Choose Africa r\u00e9silience, un m\u00e9canisme de financement des PME, TPE et startups impact\u00e9es par la Covid-19, notamment d\u00e9velopp\u00e9 par Proparco, une filiale de l\u2019Agence fran\u00e7aise de d\u00e9veloppement (AFD), a \u00e9t\u00e9 lanc\u00e9 vendredi \u00e0 Abidjan avec un fonds de d\u00e9marrage de 3 millions d\u2019euros, soit 1,96 milliard de Fcfa.Proparco \u00ab\u00a0a dores et d\u00e9j\u00e0 sign\u00e9 avec quatre pays, le S\u00e9n\u00e9gal, la C\u00f4te d\u2019Ivoire, le Cameroun et Madagascar\u00a0\u00bb, mais \u00ab\u00a0d\u00e9marre prioritairement par la C\u00f4te d\u2019Ivoire\u00a0\u00bb avec 1,96 milliard Fcfa log\u00e9s \u00e0 la Soci\u00e9t\u00e9 g\u00e9n\u00e9rale, a dit son directeur g\u00e9n\u00e9ral, Clemente Gr\u00e9gory, face \u00e0 la presse.<\/p>\n<p>Expliquant le process de financement, il a d\u00e9clar\u00e9 que la banque partenaire \u00ab\u00a0fait son m\u00e9tier, apporte la liquidit\u00e9 et pr\u00eate du cash au client et nous, nous sommes l\u00e0 pour qu\u2019en cas de probl\u00e8me, si le client ne peut pas rembourser le cr\u00e9dit, on paie \u00e0 la banque (le cr\u00e9dit)\u00a0\u00bb.\u00a0<\/p>\n<p>De ce fait, dira-t-il, \u00ab\u00a0la banque cr\u00e9e son march\u00e9, fixe ses conditions de financement\u00a0\u00bb et en cas de difficult\u00e9 dans le remboursement, le m\u00e9canisme Choose Africa r\u00e9silience permettra d&rsquo;\u00a0\u00bbindemniser la banque \u00e0 hauteur de 80% comme une assurance\u00a0\u00bb.\u00a0<\/p>\n<p>Il a soulign\u00e9 que les clients ont une p\u00e9riode de \u00ab\u00a012 \u00e0 48 mois pour rembourser le cr\u00e9dit\u00a0\u00bb gr\u00e2ce \u00e0 l\u2019Initiative Choose Africa r\u00e9silience, dot\u00e9e de 2,5 milliards d\u2019euros, soit 1 639 milliards de Fcfa, au profit des PME, TPE et des startups sur le continent africain. \u00a0\u00a0<\/p>\n<p>L\u2019Initiative vise les PME, TPE et start-ups dans des pays cibl\u00e9s. En outre, sont \u00e9ligibles, celles dont le portefeuille a \u00ab\u00a0subi une perte significative de son chiffre d\u2019affaires de 25%\u00a0\u00bb due \u00e0 la crise sanitaire de Covid-19 et ayant au maximum 200 employ\u00e9s. \u00a0<\/p>\n<p>Avec la banque Soci\u00e9t\u00e9 g\u00e9n\u00e9rale C\u00f4te d\u2019Ivoire, \u00ab\u00a0on a pu contractualiser une enveloppe de 3 millions d\u2019euros qui est disponible d\u00e8s maintenant pour toute entreprise qui ferait la demande d\u2019un financement\u00a0\u00bb aupr\u00e8s de cet \u00e9tablissement, a-t-il assur\u00e9. \u00a0<\/p>\n<p>La directrice r\u00e9gionale de Proparco en Afrique de l\u2019Ouest, Fatoumata Sissoko-Sy, a indiqu\u00e9 que la filiale entend d\u00e9velopper l\u2019Initiative Choose Africa r\u00e9silience aupr\u00e8s d\u2019autres partenaires bancaires en C\u00f4te d\u2019Ivoire. L\u2019Initiative vise dix \u00e0 douze pays en Afrique. \u00a0\u00a0<\/p>\n<p>Elle a fait savoir que cette initiative est en relation avec un \u00e9cosyst\u00e8me d\u2019investisseurs potentiels. Ce qui permettra, avec des fonds d\u2019investissements sp\u00e9cialis\u00e9s dans le financement, un accompagnement des startups et des PME.\u00a0<\/p>\n<p>M. Clemente a annonc\u00e9 que l\u2019Initiative Choose Africa r\u00e9silience a \u00e9t\u00e9 dot\u00e9e de 1 milliard d\u2019euros suppl\u00e9mentaire pour davantage soutenir les PME, TPE (Tr\u00e8s petites entreprises) et les startups africaines impact\u00e9es par la crise sanitaire et \u00e9conomique li\u00e9e \u00e0 la Covid-19.<\/p>\n<p>L\u2019Initiative Choose Africa r\u00e9silience est d\u00e9sormais port\u00e9e \u00e0 3,5 milliards d\u2019euros au b\u00e9n\u00e9fice des startups et des PME sur le continent. L\u2019objectif \u00e9tant d\u2019accompagner la relance \u00e9conomique de l\u2019Afrique qui devrait faire face \u00e0 sa premi\u00e8re r\u00e9cession depuis 25 ans.<\/p>\n<p>L\u2019ambassadeur de la France en C\u00f4te d\u2019Ivoire, Jean-Christophe Belliard, \u00e9tait pr\u00e9sent au lancement de l\u2019Initiative Choose Africa r\u00e9silience, qui est une politique de l\u2019Etat fran\u00e7ais pour relancer l\u2019l\u2019\u00e9conomie africaine face \u00e0 la pand\u00e9mie de Covid-19.\u00a0<\/p>\n<\/div>\n<p>Auteur: APA News<br \/>\n<a href=\"https:\/\/www.journalducameroun.com\/initiative-choose-africa-196-milliard-fcfa-dedies-aux-pme-ivoiriennes-impactees-par-la-covid-19\/\">Cliquez ici pour lire l&rsquo;article depuis sa source.<\/a><\/p>\n","protected":false},"excerpt":{"rendered":"<p>Publi\u00e9 le 22.01.2021 \u00e0 22h18 par APA News L\u2019Initiative Choose Africa r\u00e9silience, un m\u00e9canisme de financement des PME, TPE et startups impact\u00e9es par la Covid-19, notamment d\u00e9velopp\u00e9 par Proparco, une filiale de l\u2019Agence fran\u00e7aise de d\u00e9veloppement (AFD), a \u00e9t\u00e9 lanc\u00e9 vendredi \u00e0 Abidjan avec un fonds de d\u00e9marrage de 3 millions d\u2019euros, soit 1,96 milliard [&hellip;]<\/p>\n","protected":false},"author":1965,"featured_media":0,"comment_status":"closed","ping_status":"closed","sticky":false,"template":"","format":"standard","meta":{"fifu_image_url":"","fifu_image_alt":"","footnotes":""},"categories":[73,82],"tags":[],"class_list":["post-109818","post","type-post","status-publish","format-standard","hentry","category-actualite","category-cameroun"],"_links":{"self":[{"href":"https:\/\/linitiative.ca\/International\/wp-json\/wp\/v2\/posts\/109818","targetHints":{"allow":["GET"]}}],"collection":[{"href":"https:\/\/linitiative.ca\/International\/wp-json\/wp\/v2\/posts"}],"about":[{"href":"https:\/\/linitiative.ca\/International\/wp-json\/wp\/v2\/types\/post"}],"author":[{"embeddable":true,"href":"https:\/\/linitiative.ca\/International\/wp-json\/wp\/v2\/users\/1965"}],"replies":[{"embeddable":true,"href":"https:\/\/linitiative.ca\/International\/wp-json\/wp\/v2\/comments?post=109818"}],"version-history":[{"count":0,"href":"https:\/\/linitiative.ca\/International\/wp-json\/wp\/v2\/posts\/109818\/revisions"}],"wp:attachment":[{"href":"https:\/\/linitiative.ca\/International\/wp-json\/wp\/v2\/media?parent=109818"}],"wp:term":[{"taxonomy":"category","embeddable":true,"href":"https:\/\/linitiative.ca\/International\/wp-json\/wp\/v2\/categories?post=109818"},{"taxonomy":"post_tag","embeddable":true,"href":"https:\/\/linitiative.ca\/International\/wp-json\/wp\/v2\/tags?post=109818"}],"curies":[{"name":"wp","href":"https:\/\/api.w.org\/{rel}","templated":true}]}}